{"id":625473,"date":"2025-12-27T15:47:12","date_gmt":"2025-12-27T15:47:12","guid":{"rendered":"https:\/\/www.europesays.com\/fr\/625473\/"},"modified":"2025-12-27T15:47:12","modified_gmt":"2025-12-27T15:47:12","slug":"elles-sabotent-discretement-votre-nouvelle-annee","status":"publish","type":"post","link":"https:\/\/www.europesays.com\/fr\/625473\/","title":{"rendered":"elles sabotent discr\u00e8tement votre nouvelle ann\u00e9e"},"content":{"rendered":"<p itemprop=\"description\">Entre cadeaux, papiers et restes de<br \/>\nrepas, ta maison d\u00e9borde \u00e0 l\u2019approche du 31 d\u00e9cembre. Voici 12<br \/>\nchoses cibl\u00e9es \u00e0 faire sortir en une heure pour lib\u00e9rer de la place<br \/>\net calmer la charge mentale sans te lancer dans un grand<br \/>\nm\u00e9nage.<\/p>\n<p>Les f\u00eates \u00e0 peine termin\u00e9es, la maison ressemble souvent \u00e0 un<br \/>\nm\u00e9lange de salle de jeux, d\u2019entrep\u00f4t de colis et de garde-manger<br \/>\nd\u00e9bordant. On se faufile entre les jouets, les bo\u00eetes, les restes<br \/>\nde repas, en se promettant de \u00ab\u00a0ranger tout \u00e7a plus tard\u00a0\u00bb. Garder<br \/>\ndes objets cass\u00e9s, doublons ou restes douteux, c\u2019est aussi emporter<br \/>\nla fatigue de l\u2019ann\u00e9e \u00e9coul\u00e9e dans la suivante.<\/p>\n<p>Un tri cibl\u00e9, m\u00eame rapide, all\u00e8ge autant la vue que la t\u00eate.<br \/>\nL\u2019id\u00e9e n\u2019est pas de tout remettre \u00e0 z\u00e9ro, mais de s\u2019attaquer \u00e0<br \/>\nquelques cat\u00e9gories bien choisies : douze familles d\u2019objets \u00e0 faire<br \/>\nsortir de la maison pour <strong>d\u00e9sencombrer sa maison<\/strong> et<br \/>\nl\u2019esprit avant le 31 d\u00e9cembre. Le reste attendra.<\/p>\n<p>Pourquoi ces 12 choses \u00e0 jeter avant la nouvelle ann\u00e9e changent<br \/>\ntout<\/p>\n<p>Lib\u00e9rer de l\u2019espace mat\u00e9riel lib\u00e8re aussi de l\u2019espace mental :<br \/>\nmoins d\u2019objets \u00e0 g\u00e9rer, moins de culpabilit\u00e9 devant ce qui tra\u00eene.<br \/>\nPour ce mini-challenge, pr\u00e9parez trois contenants : \u00ab\u00a0\u00e0 jeter\u00a0\u00bb, \u00ab\u00a0\u00e0<br \/>\ndonner ou vendre\u00a0\u00bb, \u00ab\u00a0\u00e0 recycler\u00a0\u00bb. Puis concentrez-vous sur ces<br \/>\n<strong>choses \u00e0 jeter avant la nouvelle ann\u00e9e<\/strong>, en gardant<br \/>\nseulement ce qui est vraiment utile ou que vous aimez encore.<\/p>\n<ul>\n<li>D\u00e9corations et guirlandes de No\u00ebl cass\u00e9es<\/li>\n<li>Papiers cadeaux, sacs et cartes ab\u00eem\u00e9s<\/li>\n<li>Aliments et \u00e9pices p\u00e9rim\u00e9s du placard<\/li>\n<li>Restes anonymes et blocs givr\u00e9s du cong\u00e9lateur<\/li>\n<li>\u00c9ponges, planches et ustensiles de cuisine us\u00e9s<\/li>\n<li>V\u00eatements et chaussures qui ne vont plus<\/li>\n<li>Linge de maison r\u00e2p\u00e9 ou tach\u00e9<\/li>\n<li>Jouets cass\u00e9s ou jamais utilis\u00e9s<\/li>\n<li>Cintres en fil de fer et rangements bancals<\/li>\n<li>Bo\u00eetes \u00ab\u00a0au cas o\u00f9\u00a0\u00bb et piles de papiers<\/li>\n<li>Fichiers, photos et mails inutiles<\/li>\n<li>Graines p\u00e9rim\u00e9es, produits de jardin et outils rouill\u00e9s<\/li>\n<\/ul>\n<p>Faites un tour rapide : salon, cuisine, chambres, puis abri de<br \/>\njardin. Dans les placards, les \u00e9pices enti\u00e8res gardent leur parfum<br \/>\nenviron deux \u00e0 quatre ans, les moulues autour de trois ans ;<br \/>\nau-del\u00e0, elles parfument beaucoup moins. Une poudre \u00e0 lever ou une<br \/>\nlevure tr\u00e8s ancienne fait moins bien gonfler les g\u00e2teaux. En jeter<br \/>\nquelques-unes, c\u2019est deja un beau cadeau pour vos recettes de<br \/>\nl\u2019ann\u00e9e prochaine.<\/p>\n<p>Les erreurs fr\u00e9quentes quand on choisit quoi jeter avant la<br \/>\nnouvelle ann\u00e9e<\/p>\n<p>Un pi\u00e8ge courant consiste \u00e0 garder ind\u00e9finiment ce qu\u2019on<br \/>\n\u00ab\u00a0r\u00e9parera un jour\u00a0\u00bb. Les d\u00e9corations de No\u00ebl \u00e9br\u00e9ch\u00e9es ou les<br \/>\nguirlandes lumineuses qui ont d\u00e9j\u00e0 clignot\u00e9 de travers cette ann\u00e9e<br \/>\nrisquent de vous refaire perdre du temps l\u2019hiver prochain. M\u00eame<br \/>\nchose pour les jouets incomplets ou fendus : ils ne sont plus<br \/>\nvraiment jouables, parfois m\u00eame dangereux. Les bo\u00eetes d\u2019appareils<br \/>\ngard\u00e9es bien apr\u00e8s la fin du d\u00e9lai de retour ne servent plus qu\u2019\u00e0<br \/>\nremplir les placards alors que les modes d\u2019emploi existent en<br \/>\nligne.<\/p>\n<p>Dans la garde-robe, les jeans qui ne ferment plus depuis des<br \/>\nann\u00e9es ou les chaussures qui font mal ne motivent pas, ils agacent.<br \/>\nLes cintres en fil de fer r\u00e9cup\u00e9r\u00e9s au pressing d\u00e9forment vestes et<br \/>\nchemisiers et donnent une impression de fouillis. Le linge de<br \/>\nmaison trou\u00e9 ou r\u00eache n\u2019apporte ni confort ni fiert\u00e9 quand on<br \/>\nre\u00e7oit. C\u00f4t\u00e9 \u00e9crans, les centaines de captures d\u2019\u00e9cran floues,<br \/>\nselfies rat\u00e9s et emails promotionnels encombrent tout autant :<br \/>\nr\u00e9server quinze minutes pour effacer les doublons et se d\u00e9sabonner<br \/>\ndes newsletters superflues all\u00e8ge imm\u00e9diatement le quotidien<br \/>\nnum\u00e9rique.<\/p>\n<p>Transformer ce tri de fin d\u2019ann\u00e9e en<br \/>\nnouveau d\u00e9part durable<\/p>\n<p>Le jardin m\u00e9rite aussi son reset. Un sachet de graines de<br \/>\ntomates vieux de cinq ans a tr\u00e8s peu de chances de bien lever,<br \/>\nsurtout pour les cultures exigeantes, et fait perdre temps et<br \/>\nterreau. Les engrais ou produits de traitement qui ont s\u00e9ch\u00e9, se<br \/>\nsont s\u00e9par\u00e9s ou dont l\u2019\u00e9tiquette est illisible peuvent devenir<br \/>\ninefficaces, voire d\u00e9licats \u00e0 manipuler. Quant aux outils rouill\u00e9s<br \/>\nou aux manches fendus, ils fatiguent les poignets et le dos au lieu<br \/>\nde faciliter le travail. Les \u00e9liminer ou les remplacer par quelques<br \/>\noutils sains rendra les prochains semis bien plus agr\u00e9ables.<\/p>\n<p>Pour que le bazar ne revienne pas, installez quelques r\u00e9flexes<br \/>\nsimples. La r\u00e8gle du <strong>un qui entre, un qui sort<\/strong><br \/>\naide beaucoup : un nouveau pull, un vieux pull quitte l\u2019armoire.<br \/>\nUne bo\u00eete \u00e0 dons pos\u00e9e dans l\u2019entr\u00e9e ou le garage accueille en<br \/>\ncontinu les objets encore utiles mais plus chez vous, pr\u00eate \u00e0<br \/>\npartir lors du prochain passage en recyclerie. Enfin, se programmer<br \/>\nchaque mois un mini \u00ab\u00a012 choses \u00e0 jeter\u00a0\u00bb sur une seule zone &#8211;<br \/>\ntiroir, \u00e9tag\u00e8re, coin du garage &#8211; entretient ce sentiment d\u2019espace<br \/>\net de l\u00e9g\u00e8ret\u00e9. C\u2019est une fa\u00e7on simple de laisser, concr\u00e8tement,<br \/>\nl\u2019ann\u00e9e pass\u00e9e derri\u00e8re soi.<\/p>\n","protected":false},"excerpt":{"rendered":"Entre cadeaux, papiers et restes de repas, ta maison d\u00e9borde \u00e0 l\u2019approche du 31 d\u00e9cembre. Voici 12 choses&hellip;\n","protected":false},"author":2,"featured_media":625474,"comment_status":"","ping_status":"","sticky":false,"template":"","format":"standard","meta":{"footnotes":""},"categories":[6],"tags":[35,2612,33,34,1011,27,73478,49561,3887,16726],"class_list":{"0":"post-625473","1":"post","2":"type-post","3":"status-publish","4":"format-standard","5":"has-post-thumbnail","7":"category-economie","8":"tag-business","9":"tag-conseils","10":"tag-economie","11":"tag-economy","12":"tag-fr","13":"tag-france","14":"tag-gain-de-place","15":"tag-rangement","16":"tag-recyclage","17":"tag-vie-quotidienne"},"share_on_mastodon":{"url":"https:\/\/pubeurope.com\/@fr\/115792317276151435","error":""},"_links":{"self":[{"href":"https:\/\/www.europesays.com\/fr\/wp-json\/wp\/v2\/posts\/625473","targetHints":{"allow":["GET"]}}],"collection":[{"href":"https:\/\/www.europesays.com\/fr\/wp-json\/wp\/v2\/posts"}],"about":[{"href":"https:\/\/www.europesays.com\/fr\/wp-json\/wp\/v2\/types\/post"}],"author":[{"embeddable":true,"href":"https:\/\/www.europesays.com\/fr\/wp-json\/wp\/v2\/users\/2"}],"replies":[{"embeddable":true,"href":"https:\/\/www.europesays.com\/fr\/wp-json\/wp\/v2\/comments?post=625473"}],"version-history":[{"count":0,"href":"https:\/\/www.europesays.com\/fr\/wp-json\/wp\/v2\/posts\/625473\/revisions"}],"wp:featuredmedia":[{"embeddable":true,"href":"https:\/\/www.europesays.com\/fr\/wp-json\/wp\/v2\/media\/625474"}],"wp:attachment":[{"href":"https:\/\/www.europesays.com\/fr\/wp-json\/wp\/v2\/media?parent=625473"}],"wp:term":[{"taxonomy":"category","embeddable":true,"href":"https:\/\/www.europesays.com\/fr\/wp-json\/wp\/v2\/categories?post=625473"},{"taxonomy":"post_tag","embeddable":true,"href":"https:\/\/www.europesays.com\/fr\/wp-json\/wp\/v2\/tags?post=625473"}],"curies":[{"name":"wp","href":"https:\/\/api.w.org\/{rel}","templated":true}]}}