{"id":625482,"date":"2025-12-27T16:03:24","date_gmt":"2025-12-27T16:03:24","guid":{"rendered":"https:\/\/www.europesays.com\/fr\/625482\/"},"modified":"2025-12-27T16:03:24","modified_gmt":"2025-12-27T16:03:24","slug":"double-coup-dur-pour-toulon","status":"publish","type":"post","link":"https:\/\/www.europesays.com\/fr\/625482\/","title":{"rendered":"Double coup dur pour Toulon"},"content":{"rendered":"<p><strong>Le RC Toulon a annonc\u00e9, ce<br \/>\nsamedi, les absences pour plusieurs mois de Swan Rebbadj, Jo\u00e9 Quere<br \/>\nKaraba et Patrick Tuifua. Les trois joueurs sont touch\u00e9s \u00e0 un genou<br \/>\net seront absents entre cinq et neuf mois.<\/strong><\/p>\n<p>C\u2019est ce que l\u2019on appelle une v\u00e9ritable tuile. Alors que le RC<br \/>\nToulon pr\u00e9pare la r\u00e9ception de Perpignan ce dimanche \u00e0 18h dans le<br \/>\ncadre de la 13e journ\u00e9e du Top 14, le club varois a fait un point<br \/>\nsur les joueurs pr\u00e9sents \u00e0 l\u2019infirmerie. Le moins que l\u2019on puisse<br \/>\ndire c\u2019est que les nouvelles ne sont pas r\u00e9jouissantes notamment<br \/>\npour trois avants de l\u2019effectif toulonnais, \u00e0 savoir Swan Rebbadj,<br \/>\nJo\u00e9 Quere Karaba et Patrick Tuifua. Touch\u00e9s au genou ces derni\u00e8res<br \/>\nsemaines, les trois joueurs connaissent d\u00e9sormais leur dur\u00e9e de<br \/>\nleur indisponibilit\u00e9.<\/p>\n<p>Dans un communiqu\u00e9 publi\u00e9 ce samedi, le RCT annonce une absence<br \/>\nde \u00ab\u00a05 \u00e0 6 mois\u00a0\u00bb pour Jo\u00e9 Quere Karaba qui<br \/>\n\u00ab\u00a0va se faire op\u00e9rer du ligament externe\u00a0\u00bb. De<br \/>\nson c\u00f4t\u00e9, Swan Rebbadj, qui \u00e9tait titulaire lors de la d\u00e9faite du<br \/>\nRCT sur la pelouse de Bordeaux (46-7), dimanche dernier, va lui se<br \/>\nfaire op\u00e9rer d\u2019une rupture des ligaments crois\u00e9s et devrait manquer<br \/>\nles neuf prochains mois de comp\u00e9tition.<\/p>\n<p>Des bonnes nouvelles, malgr\u00e9 tout<\/p>\n<p>Absent des terrains la d\u00e9faite toulonnaise \u00e0 Clermont,<br \/>\nmi-octobre, Patrick Tuifua devrait \u00eatre absent huit mois en raison<br \/>\nd\u2019un probl\u00e8me au genou. Recrue de l\u2019intersaison du c\u00f4t\u00e9 de Toulon,<br \/>\nl\u2019ailier n\u2019a disput\u00e9 que deux matches depuis son arriv\u00e9e dans le<br \/>\nVar. Par ailleurs, toujours bless\u00e9, Jean-Baptiste Gros<br \/>\n\u00ab\u00a0sera absent des terrains pendant encore 15<br \/>\njours\u00a0\u00bb, a annonc\u00e9 le club du sud de la<br \/>\nFrance.<\/p>\n<p>A noter qu\u2019il n\u2019y a pas que des mauvaises nouvelles du c\u00f4t\u00e9 de<br \/>\nToulon. En effet, le RCT, 4e du Top 14 avant cette 13e journ\u00e9e,<br \/>\nenregistre les retours du deuxi\u00e8me-ligne David Ribbans, du pilier<br \/>\nDany Priso, de l\u2019arri\u00e8re Marius Domon et de l\u2019ailier Gabin<br \/>\nVilli\u00e8re. Arriv\u00e9 \u00e0 Toulon il y a quelques jours, Tomas Albornoz est<br \/>\nd\u00e9j\u00e0 dans le groupe toulonnais. L\u2019ouvreur argentin pourrait faire<br \/>\nses d\u00e9buts avec le RCT d\u00e8s ce week-end face \u00e0 l\u2019USAP.<\/p>\n","protected":false},"excerpt":{"rendered":"Le RC Toulon a annonc\u00e9, ce samedi, les absences pour plusieurs mois de Swan Rebbadj, Jo\u00e9 Quere Karaba&hellip;\n","protected":false},"author":2,"featured_media":625483,"comment_status":"","ping_status":"","sticky":false,"template":"","format":"standard","meta":{"footnotes":""},"categories":[9619],"tags":[1111,11,1777,674,1011,27,12,882,25,57681,2310],"class_list":{"0":"post-625482","1":"post","2":"type-post","3":"status-publish","4":"format-standard","5":"has-post-thumbnail","7":"category-toulon","8":"tag-actu","9":"tag-actualites","10":"tag-eu","11":"tag-europe","12":"tag-fr","13":"tag-france","14":"tag-news","15":"tag-provence-alpes-cote-dazur","16":"tag-republique-francaise","17":"tag-sport365-fr","18":"tag-toulon"},"share_on_mastodon":{"url":"https:\/\/pubeurope.com\/@fr\/115792380142733107","error":""},"_links":{"self":[{"href":"https:\/\/www.europesays.com\/fr\/wp-json\/wp\/v2\/posts\/625482","targetHints":{"allow":["GET"]}}],"collection":[{"href":"https:\/\/www.europesays.com\/fr\/wp-json\/wp\/v2\/posts"}],"about":[{"href":"https:\/\/www.europesays.com\/fr\/wp-json\/wp\/v2\/types\/post"}],"author":[{"embeddable":true,"href":"https:\/\/www.europesays.com\/fr\/wp-json\/wp\/v2\/users\/2"}],"replies":[{"embeddable":true,"href":"https:\/\/www.europesays.com\/fr\/wp-json\/wp\/v2\/comments?post=625482"}],"version-history":[{"count":0,"href":"https:\/\/www.europesays.com\/fr\/wp-json\/wp\/v2\/posts\/625482\/revisions"}],"wp:featuredmedia":[{"embeddable":true,"href":"https:\/\/www.europesays.com\/fr\/wp-json\/wp\/v2\/media\/625483"}],"wp:attachment":[{"href":"https:\/\/www.europesays.com\/fr\/wp-json\/wp\/v2\/media?parent=625482"}],"wp:term":[{"taxonomy":"category","embeddable":true,"href":"https:\/\/www.europesays.com\/fr\/wp-json\/wp\/v2\/categories?post=625482"},{"taxonomy":"post_tag","embeddable":true,"href":"https:\/\/www.europesays.com\/fr\/wp-json\/wp\/v2\/tags?post=625482"}],"curies":[{"name":"wp","href":"https:\/\/api.w.org\/{rel}","templated":true}]}}