{"id":62549,"date":"2025-04-29T19:26:10","date_gmt":"2025-04-29T19:26:10","guid":{"rendered":"https:\/\/www.europesays.com\/fr\/62549\/"},"modified":"2025-04-29T19:26:10","modified_gmt":"2025-04-29T19:26:10","slug":"de-la-poesie-dans-le-nouvel-album-il-pleut-des-freres-laffite","status":"publish","type":"post","link":"https:\/\/www.europesays.com\/fr\/62549\/","title":{"rendered":"de la po\u00e9sie dans le nouvel album \u201cIl pleut\u201d des fr\u00e8res Laffite"},"content":{"rendered":"<p>Les Lyonnais, du groupe De L\u2019Air, ont pr\u00e9sent\u00e9 leur troisi\u00e8me et nouvel album \u201cIl pleut\u201d \u00e0 Agend\u2019Arts ce week-end et aux Petites cantines du Vieux-Lyon ce lundi soir.<\/p>\n<p>Les jumeaux Thierry et Vincent Laffite ont \u00e9t\u00e9 accueillis par Pauline, pour la soir\u00e9e musicale de l\u2019association TissAges, qui a pour mission de promouvoir la vie sociale et culturelle des a\u00een\u00e9s.<\/p>\n<p>Sur le CD de 12 titres de chansons fran\u00e7aises aux accents po\u00e9tiques \u201cIl pleut\u201d, Vincent et Thierry Laffite reviennent accompagn\u00e9s de Miren violoncello au violoncelle et Mikael Cointepas \u00e0 la contrebasse.<\/p>\n","protected":false},"excerpt":{"rendered":"Les Lyonnais, du groupe De L\u2019Air, ont pr\u00e9sent\u00e9 leur troisi\u00e8me et nouvel album \u201cIl pleut\u201d \u00e0 Agend\u2019Arts ce&hellip;\n","protected":false},"author":2,"featured_media":62550,"comment_status":"","ping_status":"","sticky":false,"template":"","format":"standard","meta":{"footnotes":""},"categories":[1889],"tags":[1111,11,2430,1687,2757,1777,674,1011,27,2428,15658,15657,873,12,25],"class_list":{"0":"post-62549","1":"post","2":"type-post","3":"status-publish","4":"format-standard","5":"has-post-thumbnail","7":"category-lyon","8":"tag-actu","9":"tag-actualites","10":"tag-auvergne-rhone-alpes","11":"tag-culture-loisirs","12":"tag-edition-lyon-villeurbanne","13":"tag-eu","14":"tag-europe","15":"tag-fr","16":"tag-france","17":"tag-lyon","18":"tag-lyon-5e","19":"tag-lyon-5e-arrondissement","20":"tag-musique","21":"tag-news","22":"tag-republique-francaise"},"share_on_mastodon":{"url":"https:\/\/pubeurope.com\/@fr\/114422899352440382","error":""},"_links":{"self":[{"href":"https:\/\/www.europesays.com\/fr\/wp-json\/wp\/v2\/posts\/62549","targetHints":{"allow":["GET"]}}],"collection":[{"href":"https:\/\/www.europesays.com\/fr\/wp-json\/wp\/v2\/posts"}],"about":[{"href":"https:\/\/www.europesays.com\/fr\/wp-json\/wp\/v2\/types\/post"}],"author":[{"embeddable":true,"href":"https:\/\/www.europesays.com\/fr\/wp-json\/wp\/v2\/users\/2"}],"replies":[{"embeddable":true,"href":"https:\/\/www.europesays.com\/fr\/wp-json\/wp\/v2\/comments?post=62549"}],"version-history":[{"count":0,"href":"https:\/\/www.europesays.com\/fr\/wp-json\/wp\/v2\/posts\/62549\/revisions"}],"wp:featuredmedia":[{"embeddable":true,"href":"https:\/\/www.europesays.com\/fr\/wp-json\/wp\/v2\/media\/62550"}],"wp:attachment":[{"href":"https:\/\/www.europesays.com\/fr\/wp-json\/wp\/v2\/media?parent=62549"}],"wp:term":[{"taxonomy":"category","embeddable":true,"href":"https:\/\/www.europesays.com\/fr\/wp-json\/wp\/v2\/categories?post=62549"},{"taxonomy":"post_tag","embeddable":true,"href":"https:\/\/www.europesays.com\/fr\/wp-json\/wp\/v2\/tags?post=62549"}],"curies":[{"name":"wp","href":"https:\/\/api.w.org\/{rel}","templated":true}]}}