{"id":625494,"date":"2025-12-27T16:15:21","date_gmt":"2025-12-27T16:15:21","guid":{"rendered":"https:\/\/www.europesays.com\/fr\/625494\/"},"modified":"2025-12-27T16:15:21","modified_gmt":"2025-12-27T16:15:21","slug":"la-qualite-de-lair-est-mauvaise-voici-les-precautions-a-prendre","status":"publish","type":"post","link":"https:\/\/www.europesays.com\/fr\/625494\/","title":{"rendered":"la qualit\u00e9 de l&rsquo;air est mauvaise, voici les pr\u00e9cautions \u00e0 prendre"},"content":{"rendered":"<p>                    Par<br \/>\n        <strong><br \/>\n            <a href=\"https:\/\/actu.fr\/auteur\/clemence-pays02-actu-fr\" title=\"Consulter tous les articles de Cl\u00e9mence Pays\" target=\"_blank\" rel=\"noopener\">Cl\u00e9mence Pays<\/a><br \/>\n                    <\/strong><\/p>\n<p>        Publi\u00e9 le<\/p>\n<p>            27 d\u00e9c. 2025 \u00e0 16h30        <\/p>\n<p>Ce samedi 27\u00a0d\u00e9cembre 2025, <strong>la qualit\u00e9 de l\u2019air est jug\u00e9e \u00ab\u2009mauvaise\u2009\u00bb<\/strong> \u00e0 <a href=\"https:\/\/actu.fr\/rennes\/\" target=\"_blank\" rel=\"noopener\">Rennes<\/a> par Air Breizh. Cette <strong>situation sera g\u00e9n\u00e9ralis\u00e9e<\/strong> \u00e0 une tr\u00e8s large partie de l\u2019Ille-et-Vilaine, dimanche 28\u00a0d\u00e9cembre. En effet, dans son bulletin, Air Breizh pr\u00e9voit un indice de qualit\u00e9 de l\u2019air \u00ab\u2009mauvais\u2009\u00bb pour Rennes et sa m\u00e9tropole\u2009; les communes de Vallons Haute Bretagne communaut\u00e9, de Val d\u2019Ille-Aubign\u00e9, de Montfort Communaut\u00e9 et Broc\u00e9liande communaut\u00e9\u2009; ainsi qu\u2019\u00e0 <a href=\"https:\/\/actu.fr\/le-pays-malouin\/\" target=\"_blank\" rel=\"noopener\">Saint-Malo<\/a> et son agglom\u00e9ration.<\/p>\n<p class=\" wall-content\">Les autres bassins de vie bretilliens tels que <a href=\"https:\/\/actu.fr\/la-chronique-republicaine\/\" target=\"_blank\" rel=\"noopener\">Foug\u00e8res<\/a> et <a href=\"https:\/\/actu.fr\/le-journal-de-vitre\/\" target=\"_blank\" rel=\"noopener\">Vitr\u00e9<\/a> voient leur indice qualifi\u00e9 de <strong>\u00ab\u2009d\u00e9grad\u00e9\u2009\u00bb.<\/strong><\/p>\n<p class=\" wall-content\">\n<p>Des particules tr\u00e8s fines en cause<\/p>\n<p class=\" wall-content\">Cet \u00e9pisode de pollution est d\u00fb \u00e0 <strong>\u00ab\u2009un niveau \u00e9lev\u00e9 de PM2.5\u2009\u00bb.<\/strong> Il s\u2019agit de <strong>particules tr\u00e8s fines,<\/strong> dont l\u2019origine peut-\u00eatre naturelle ou li\u00e9e \u00e0 l\u2019activit\u00e9 humaine (combustion de mati\u00e8res fossiles, transport routier, activit\u00e9s agricoles et industrielles).<\/p>\n<p class=\" wall-content\">Afin de pr\u00e9venir les effets de cette pollution sur la sant\u00e9, Air Breizh a annonc\u00e9<strong> l\u2019activation de \u00ab\u2009la proc\u00e9dure d\u2019information-recommandation\u2009\u00bb<\/strong> pour l\u2019ensemble de l\u2019<a href=\"https:\/\/actu.fr\/bretagne\/ille-et-vilaine_35\" target=\"_blank\" rel=\"noopener\">Ille-et-Vilaine<\/a>, \u00e0 compter de ce samedi 27\u00a0d\u00e9cembre.<\/p>\n<p>Les recommandations de l\u2019ARS<\/p>\n<p class=\" wall-content\">Voici <strong>les recommandations<\/strong> de l\u2019Agence r\u00e9gionale de sant\u00e9 \u00e0 appliquer lors de ce type d\u2019\u00e9pisode de pollution.<\/p>\n<p class=\" wall-content\"><strong>Pour les personnes vuln\u00e9rables ou sensibles\u2009:<\/strong><\/p>\n<ul class=\" wall-content\">\n<li>en cas de g\u00eane respiratoire ou cardiaque, prenez conseil aupr\u00e8s d\u2019un professionnel de sant\u00e9\u2009;<\/li>\n<li>prenez conseil aupr\u00e8s de votre m\u00e9decin pour savoir si votre traitement m\u00e9dical doit \u00eatre adapt\u00e9\u2009;<\/li>\n<li>privil\u00e9giez des sorties plus br\u00e8ves et celles qui demandent le moins d\u2019effort\u2009;<\/li>\n<li>\u00e9vitez les zones \u00e0 fort trafic routier, aux p\u00e9riodes de pointe\u2009;<\/li>\n<li>privil\u00e9giez les activit\u00e9s mod\u00e9r\u00e9es.<\/li>\n<\/ul>\n<p>Votre r\u00e9gion, votre actu !<\/p>\n<p>Recevez chaque jour les infos qui comptent pour vous.<\/p>\n<p>\t<a href=\"https:\/\/actu.fr\/newsletter\" class=\"ac-btn ac-btn--corner ac-btn--medium ac-btn--blue800\" target=\"_blank\" rel=\"noopener\">S&rsquo;incrire<\/a><\/p>\n<p class=\" wall-content\"><strong>Pour la population g\u00e9n\u00e9rale\u2009:<\/strong><\/p>\n<ul class=\" wall-content\">\n<li>en cas de g\u00eane respiratoire ou cardiaque, prenez conseil aupr\u00e8s d\u2019un professionnel de sant\u00e9\u2009;<\/li>\n<li>privil\u00e9giez des sorties plus br\u00e8ves et celles qui demandent le moins d\u2019effort\u2009;<\/li>\n<li>r\u00e9duisez, voire reportez les activit\u00e9s physiques et sportives intenses, dont les comp\u00e9titions.<\/li>\n<\/ul>\n<p class=\" wall-content\">\u00ab\u2009Il convient de <strong>maintenir les pratiques habituelles de ventilation et d\u2019a\u00e9ration<\/strong> et de ne pas aggraver les effets de cette pollution en s\u2019exposant \u00e0 des facteurs irritants suppl\u00e9mentaires (fum\u00e9e de tabac, utilisation de solvants en espace int\u00e9rieur, chauffage au bois\u2026)\u2009\u00bb, ajoute Air Breizh.<\/p>\n<p class=\" wall-content\">Personnalisez votre actualit\u00e9 en ajoutant vos villes et m\u00e9dias en favori avec <a href=\"https:\/\/moncompte.actu.fr\" title=\"D\u00e9couvez Mon Actu\" rel=\"nofollow noopener\" data-trk=\"{&quot;cta&quot;:{&quot;action&quot;:&quot;https:\\\/\\\/moncompte.actu.fr&quot;,&quot;category&quot;:&quot;mon compte&quot;,&quot;from&quot;:&quot;article footer&quot;,&quot;name&quot;:&quot;Mon actu&quot;,&quot;type&quot;:&quot;cta&quot;}}\" target=\"_blank\">Mon Actu<\/a>.<\/p>\n","protected":false},"excerpt":{"rendered":"Par Cl\u00e9mence Pays Publi\u00e9 le 27 d\u00e9c. 2025 \u00e0 16h30 Ce samedi 27\u00a0d\u00e9cembre 2025, la qualit\u00e9 de l\u2019air&hellip;\n","protected":false},"author":2,"featured_media":625495,"comment_status":"","ping_status":"","sticky":false,"template":"","format":"standard","meta":{"footnotes":""},"categories":[2821],"tags":[1111,11,829,1777,674,1011,27,12,52,1800,584,25],"class_list":{"0":"post-625494","1":"post","2":"type-post","3":"status-publish","4":"format-standard","5":"has-post-thumbnail","7":"category-rennes","8":"tag-actu","9":"tag-actualites","10":"tag-bretagne","11":"tag-eu","12":"tag-europe","13":"tag-fr","14":"tag-france","15":"tag-news","16":"tag-planete","17":"tag-pollution","18":"tag-rennes","19":"tag-republique-francaise"},"share_on_mastodon":{"url":"https:\/\/pubeurope.com\/@fr\/115792427288920652","error":""},"_links":{"self":[{"href":"https:\/\/www.europesays.com\/fr\/wp-json\/wp\/v2\/posts\/625494","targetHints":{"allow":["GET"]}}],"collection":[{"href":"https:\/\/www.europesays.com\/fr\/wp-json\/wp\/v2\/posts"}],"about":[{"href":"https:\/\/www.europesays.com\/fr\/wp-json\/wp\/v2\/types\/post"}],"author":[{"embeddable":true,"href":"https:\/\/www.europesays.com\/fr\/wp-json\/wp\/v2\/users\/2"}],"replies":[{"embeddable":true,"href":"https:\/\/www.europesays.com\/fr\/wp-json\/wp\/v2\/comments?post=625494"}],"version-history":[{"count":0,"href":"https:\/\/www.europesays.com\/fr\/wp-json\/wp\/v2\/posts\/625494\/revisions"}],"wp:featuredmedia":[{"embeddable":true,"href":"https:\/\/www.europesays.com\/fr\/wp-json\/wp\/v2\/media\/625495"}],"wp:attachment":[{"href":"https:\/\/www.europesays.com\/fr\/wp-json\/wp\/v2\/media?parent=625494"}],"wp:term":[{"taxonomy":"category","embeddable":true,"href":"https:\/\/www.europesays.com\/fr\/wp-json\/wp\/v2\/categories?post=625494"},{"taxonomy":"post_tag","embeddable":true,"href":"https:\/\/www.europesays.com\/fr\/wp-json\/wp\/v2\/tags?post=625494"}],"curies":[{"name":"wp","href":"https:\/\/api.w.org\/{rel}","templated":true}]}}