{"id":625500,"date":"2025-12-27T16:21:23","date_gmt":"2025-12-27T16:21:23","guid":{"rendered":"https:\/\/www.europesays.com\/fr\/625500\/"},"modified":"2025-12-27T16:21:23","modified_gmt":"2025-12-27T16:21:23","slug":"patrimoine-appel-aux-dons-pour-poursuivre-la-renovation-de-leglise-saint-guillaume-a-strasbourg","status":"publish","type":"post","link":"https:\/\/www.europesays.com\/fr\/625500\/","title":{"rendered":"Patrimoine\u00a0: appel aux dons pour poursuivre la r\u00e9novation de l&rsquo;\u00e9glise Saint-Guillaume \u00e0 Strasbourg"},"content":{"rendered":"<p>A Strasbourg, l&rsquo;association \u00ab\u00a0passions crois\u00e9es\u00a0\u00bb lance un appel aux dons en accord avec la paroisse luth\u00e9rienne pour financer de nouveaux travaux et acheter du mat\u00e9riel pour les spectacles \u00e0 Saint-Guillaume. L&rsquo;objectif\u00a0: r\u00e9unir 55.000 euros d&rsquo;ici le printemps 2026.\n<\/p>\n<p>55.466,59 euros, c&rsquo;est le montant que souhaite r\u00e9colter l&rsquo;association \u00ab\u00a0passions crois\u00e9es\u00a0\u00bb, charg\u00e9e de la programmation culturelle de l&rsquo;\u00e9glise Saint-Guillaume \u00e0 Strasbourg d&rsquo;ici le printemps 2026. Un\u00a0<a target=\"_blank\" rel=\"nofollow noopener noreferrer\" class=\"IciLink ici-link IciArticleLink g-ici-body-regular-1 underline brand svelte-1chfe2s\" href=\"https:\/\/www.passions-croisees.com\/patrimoine\/\">appel aux dons<\/a>\u00a0est lanc\u00e9.\u00a0Ils serviront d&rsquo;une part \u00e0 <strong>r\u00e9nover des vitraux du XV\u1d49 si\u00e8cle dans la sacristie et \u00e0 restaurer une fresque au dessus du gisant de saint-Guillaume, mais aussi \u00e0 ravaler la fa\u00e7ade du foyer et \u00e0 acheter du mat\u00e9riel de sc\u00e8ne et d&rsquo;\u00e9clairage pour la programmation culturelle.<\/strong><\/p>\n<p>\u00ab\u00a0Un cercle vertueux\u00a0\u00bb<\/p>\n<p>Cyril Pallaud, pr\u00e9sident de Passion Crois\u00e9e et coordonnateur de Saint Guillaume, souligne que ces deux aspects sont m\u00eal\u00e9s. \u00ab\u00a0Il n&rsquo;y a pas d&rsquo;un c\u00f4t\u00e9 le patrimoine et d&rsquo;un autre c\u00f4t\u00e9, la vie culturelle. Saint-Guillaume est avant tout un lieu vivant et les deux sont totalement compl\u00e9mentaires et il faut faire vivre le b\u00e2timent. Et pour cela, il faut le restaurer,\u00a0 et aussi l&rsquo;\u00e9quiper. \u00c7a permet de le faire vivre encore plus. C&rsquo;est un cercle vertueux.\u00a0\u00bb<\/p>\n<p><strong>C&rsquo;est parce que la paroisse ne peut plus s&rsquo;endetter et que ces deux aspects se m\u00ealent que\u00a0 l&rsquo;association en charge de l&rsquo;animation, \u00ab\u00a0passions crois\u00e9es\u00a0\u00bb, lance l&rsquo;appel aux dons.<\/strong> Ses b\u00e9n\u00e9voles s&rsquo;engagent au quotidien pour ouvrir l&rsquo;\u00e9glise et la faire vivre. \u00ab\u00a0Il faut dire que \u00ab\u00a0passions crois\u00e9es\u00a0\u00bb a vraiment ressuscit\u00e9 Saint Guillaume puisque c&rsquo;\u00e9tait une \u00e9glise qui \u00e9tait ferm\u00e9e\u00a0\u00bb, souligne Cyril Pallaud. \u00ab\u00a0Et maintenant on est arriv\u00e9 \u00e0 100\u202f000 personnes entrant dans Saint Guillaume chaque ann\u00e9e, ce qui est \u00e9norme. Et comme la paroisse s&rsquo;est beaucoup endett\u00e9e pour la pr\u00e9c\u00e9dente tranche de restauration et bien ouvrir l&rsquo;appel \u00e0 dons justement \u00e0 tous les abonn\u00e9s, tous les adh\u00e9rents de l&rsquo;association et tous les soutiens de la saison culturelle, c&rsquo;est justement du gagnant gagnant.\u00a0\u00bb<\/p>\n<p>Les dons vont aussi permettre de mener des \u00e9tudes sur la nef et les plafonds pour un chantier de r\u00e9novation encore plus important dans les ann\u00e9es \u00e0 venir, au niveau de la nef et des plafonds. En 2025, un premier appel aux dons avait permis de r\u00e9nover le salon Schweitzer.<\/p>\n<p>\u00c0 lire aussi   <img decoding=\"async\" src=\"https:\/\/www.europesays.com\/fr\/wp-content\/uploads\/2025\/12\/1766852480_761_400x400\" alt=\"\" style=\"--_image-preview:url('data:image\/jpeg;base64,\/9j\/2wBDACgcHiMeGSgjISMtKygwPGRBPDc3PHtYXUlkkYCZlo+AjIqgtObDoKrarYqMyP\/L2u71\/\/\/\/m8H\/\/\/\/6\/+b9\/\/j\/2wBDASstLTw1PHZBQXb4pYyl+Pj4+Pj4+Pj4+Pj4+Pj4+Pj4+Pj4+Pj4+Pj4+Pj4+Pj4+Pj4+Pj4+Pj4+Pj4+Pj4+Pj\/wAARCAAXACoDASIAAhEBAxEB\/8QAFwABAQEBAAAAAAAAAAAAAAAAAAECBf\/EABYQAQEBAAAAAAAAAAAAAAAAAAABEf\/EABYBAQEBAAAAAAAAAAAAAAAAAAABAv\/EABQRAQAAAAAAAAAAAAAAAAAAAAD\/2gAMAwEAAhEDEQA\/AOWRI1GgwsUqjFRqogkagA0AolQAf\/\/Z');\" loading=\"lazy\" fetchpriority=\"low\" aria-hidden=\"true\" class=\"svelte-1cksh76 rounded\" onload=\"this.__e=event\" onerror=\"this.__e=event\"\/>\u00c0 lire aussi  <\/p>\n<p class=\"IciLink ici-link disabled title no-color g-ici-title-5 svelte-1chfe2s\">L&rsquo;\u00e9glise Saint Guillaume \u00e0 Strasbourg, une \u00e9glise pas comme les autres<\/p>\n<p>   <img decoding=\"async\" src=\"https:\/\/www.europesays.com\/fr\/wp-content\/uploads\/2025\/12\/1766852483_636_400x400\" alt=\"\" style=\"--_image-preview:url('data:image\/jpeg;base64,\/9j\/2wBDACgcHiMeGSgjISMtKygwPGRBPDc3PHtYXUlkkYCZlo+AjIqgtObDoKrarYqMyP\/L2u71\/\/\/\/m8H\/\/\/\/6\/+b9\/\/j\/2wBDASstLTw1PHZBQXb4pYyl+Pj4+Pj4+Pj4+Pj4+Pj4+Pj4+Pj4+Pj4+Pj4+Pj4+Pj4+Pj4+Pj4+Pj4+Pj4+Pj4+Pj\/wAARCAAXACoDASIAAhEBAxEB\/8QAGAAAAwEBAAAAAAAAAAAAAAAAAAECAwT\/xAAXEAEBAQEAAAAAAAAAAAAAAAAAAREC\/8QAFwEBAQEBAAAAAAAAAAAAAAAAAwACAf\/EABcRAQEBAQAAAAAAAAAAAAAAAAABERL\/2gAMAwEAAhEDEQA\/AMYqVGnp+hYvTlRpyuWqRrzV6xlVo6WRzaegLWRqpQGlFSqAYpI\/\/9k=');\" loading=\"lazy\" fetchpriority=\"low\" aria-hidden=\"true\" class=\"svelte-1cksh76 rounded\" onload=\"this.__e=event\" onerror=\"this.__e=event\"\/><\/p>\n","protected":false},"excerpt":{"rendered":"A Strasbourg, l&rsquo;association \u00ab\u00a0passions crois\u00e9es\u00a0\u00bb lance un appel aux dons en accord avec la paroisse luth\u00e9rienne pour financer&hellip;\n","protected":false},"author":2,"featured_media":625501,"comment_status":"","ping_status":"","sticky":false,"template":"","format":"standard","meta":{"footnotes":""},"categories":[2820],"tags":[1111,11,1777,674,1011,27,775,12,25,640],"class_list":{"0":"post-625500","1":"post","2":"type-post","3":"status-publish","4":"format-standard","5":"has-post-thumbnail","7":"category-strasbourg","8":"tag-actu","9":"tag-actualites","10":"tag-eu","11":"tag-europe","12":"tag-fr","13":"tag-france","14":"tag-grand-est","15":"tag-news","16":"tag-republique-francaise","17":"tag-strasbourg"},"share_on_mastodon":{"url":"https:\/\/pubeurope.com\/@fr\/115792452625126520","error":""},"_links":{"self":[{"href":"https:\/\/www.europesays.com\/fr\/wp-json\/wp\/v2\/posts\/625500","targetHints":{"allow":["GET"]}}],"collection":[{"href":"https:\/\/www.europesays.com\/fr\/wp-json\/wp\/v2\/posts"}],"about":[{"href":"https:\/\/www.europesays.com\/fr\/wp-json\/wp\/v2\/types\/post"}],"author":[{"embeddable":true,"href":"https:\/\/www.europesays.com\/fr\/wp-json\/wp\/v2\/users\/2"}],"replies":[{"embeddable":true,"href":"https:\/\/www.europesays.com\/fr\/wp-json\/wp\/v2\/comments?post=625500"}],"version-history":[{"count":0,"href":"https:\/\/www.europesays.com\/fr\/wp-json\/wp\/v2\/posts\/625500\/revisions"}],"wp:featuredmedia":[{"embeddable":true,"href":"https:\/\/www.europesays.com\/fr\/wp-json\/wp\/v2\/media\/625501"}],"wp:attachment":[{"href":"https:\/\/www.europesays.com\/fr\/wp-json\/wp\/v2\/media?parent=625500"}],"wp:term":[{"taxonomy":"category","embeddable":true,"href":"https:\/\/www.europesays.com\/fr\/wp-json\/wp\/v2\/categories?post=625500"},{"taxonomy":"post_tag","embeddable":true,"href":"https:\/\/www.europesays.com\/fr\/wp-json\/wp\/v2\/tags?post=625500"}],"curies":[{"name":"wp","href":"https:\/\/api.w.org\/{rel}","templated":true}]}}