{"id":625502,"date":"2025-12-27T16:24:25","date_gmt":"2025-12-27T16:24:25","guid":{"rendered":"https:\/\/www.europesays.com\/fr\/625502\/"},"modified":"2025-12-27T16:24:25","modified_gmt":"2025-12-27T16:24:25","slug":"ogc-nice-haise-reve-de-faire-affaire-avec-manchester-city-pour-un-ancien-de-ligue-1","status":"publish","type":"post","link":"https:\/\/www.europesays.com\/fr\/625502\/","title":{"rendered":"OGC Nice : Haise r\u00eave de faire affaire avec Manchester City pour un ancien de Ligue 1"},"content":{"rendered":"<p><strong>En grande difficult\u00e9 depuis le d\u00e9but de la saison, l\u2019OGC Nice compte bien r\u00e9aliser un mercato hivernal XXL afin de retrouver la lumi\u00e8re. Les dirigeants sont tr\u00e8s actifs et ils ont plusieurs id\u00e9es en t\u00eate, \u00e0 commence par le poste de d\u00e9fenseur central.<\/strong><\/p>\n<p>Leader surprise de Ligue 1 devant le Paris Saint-Germain, le RC Lens envisage de se renforcer lors de cette deuxi\u00e8me partie de saison. Si les Sang et Or sont toujours en contacts avec Manchester City apr\u00e8s la vente du d\u00e9fenseur central Abdukodir Khusanov, le joueur de 21 ans pourrait faire son retour en Ligue 1 durant l\u2019hiver. Pas dans le nord de la France mais du c\u00f4t\u00e9 de l\u2019OGC Nice qui cherche un nouveau renfort d\u00e9fensif.<\/p>\n<p>D\u2019apr\u00e8s les informations de \u00ab\u00a0Jeunes Footeux\u00a0\u00bb, le RC Lens et le GYM voudraient r\u00e9cup\u00e9rer l\u2019international ouzbek avec un pr\u00eat sec de six mois. Sous contrat avec Manchester City jusqu\u2019en juin 2029, l\u2019ancien nordiste ne joue pas beaucoup en Angleterre et son club pourrait envisager un d\u00e9part au mercato. Si les deux clubs se positionnent s\u00e9rieusement, l\u2019hiver pourrait voir un duel\u00a0 spectaculaire mais encore faut-il que les dirigeants de Manchester City ouvrent la porte \u00e0 un joueur sur qui ils ont massivement investi il y a un an. Affaire \u00e0 suivre\u2026<\/p>\n<blockquote class=\"twitter-tweet\">\n<p lang=\"ca\" dir=\"ltr\">A. Khusanov \ud83c\uddfa\ud83c\uddff <a href=\"https:\/\/t.co\/qQdVhlzr5i\">pic.twitter.com\/qQdVhlzr5i<\/a><\/p>\n<p>\u2014 Manchester City (@ManCityES) <a href=\"https:\/\/twitter.com\/ManCityES\/status\/2002839527052997085?ref_src=twsrc%5Etfw\" target=\"_blank\" rel=\"noopener\">December 21, 2025<\/a><\/p><\/blockquote>\n<p><script async src=\"https:\/\/platform.twitter.com\/widgets.js\" charset=\"utf-8\"><\/script><\/p>\n","protected":false},"excerpt":{"rendered":"En grande difficult\u00e9 depuis le d\u00e9but de la saison, l\u2019OGC Nice compte bien r\u00e9aliser un mercato hivernal XXL&hellip;\n","protected":false},"author":2,"featured_media":625503,"comment_status":"","ping_status":"","sticky":false,"template":"","format":"standard","meta":{"footnotes":""},"categories":[2819],"tags":[1111,11,1777,674,1011,27,12,2401,882,25],"class_list":{"0":"post-625502","1":"post","2":"type-post","3":"status-publish","4":"format-standard","5":"has-post-thumbnail","7":"category-nice","8":"tag-actu","9":"tag-actualites","10":"tag-eu","11":"tag-europe","12":"tag-fr","13":"tag-france","14":"tag-news","15":"tag-nice","16":"tag-provence-alpes-cote-dazur","17":"tag-republique-francaise"},"share_on_mastodon":{"url":"https:\/\/pubeurope.com\/@fr\/115792462649802691","error":""},"_links":{"self":[{"href":"https:\/\/www.europesays.com\/fr\/wp-json\/wp\/v2\/posts\/625502","targetHints":{"allow":["GET"]}}],"collection":[{"href":"https:\/\/www.europesays.com\/fr\/wp-json\/wp\/v2\/posts"}],"about":[{"href":"https:\/\/www.europesays.com\/fr\/wp-json\/wp\/v2\/types\/post"}],"author":[{"embeddable":true,"href":"https:\/\/www.europesays.com\/fr\/wp-json\/wp\/v2\/users\/2"}],"replies":[{"embeddable":true,"href":"https:\/\/www.europesays.com\/fr\/wp-json\/wp\/v2\/comments?post=625502"}],"version-history":[{"count":0,"href":"https:\/\/www.europesays.com\/fr\/wp-json\/wp\/v2\/posts\/625502\/revisions"}],"wp:featuredmedia":[{"embeddable":true,"href":"https:\/\/www.europesays.com\/fr\/wp-json\/wp\/v2\/media\/625503"}],"wp:attachment":[{"href":"https:\/\/www.europesays.com\/fr\/wp-json\/wp\/v2\/media?parent=625502"}],"wp:term":[{"taxonomy":"category","embeddable":true,"href":"https:\/\/www.europesays.com\/fr\/wp-json\/wp\/v2\/categories?post=625502"},{"taxonomy":"post_tag","embeddable":true,"href":"https:\/\/www.europesays.com\/fr\/wp-json\/wp\/v2\/tags?post=625502"}],"curies":[{"name":"wp","href":"https:\/\/api.w.org\/{rel}","templated":true}]}}