{"id":625508,"date":"2025-12-27T16:28:17","date_gmt":"2025-12-27T16:28:17","guid":{"rendered":"https:\/\/www.europesays.com\/fr\/625508\/"},"modified":"2025-12-27T16:28:17","modified_gmt":"2025-12-27T16:28:17","slug":"le-monde-des-girondins-de-bordeaux-pleure-jean-louis-gasset","status":"publish","type":"post","link":"https:\/\/www.europesays.com\/fr\/625508\/","title":{"rendered":"le monde des Girondins de Bordeaux pleure Jean-Louis Gasset"},"content":{"rendered":"<p>                    Par<br \/>\n        <strong><br \/>\n            <a href=\"https:\/\/actu.fr\/auteur\/juliette-cardinale\" title=\"Consulter tous les articles de Juliette Cardinale\" target=\"_blank\" rel=\"noopener\">Juliette Cardinale<\/a><br \/>\n                    <\/strong><\/p>\n<p>        Publi\u00e9 le<\/p>\n<p>            27 d\u00e9c. 2025 \u00e0 17h20        <\/p>\n<p>Vendredi 26\u00a0d\u00e9cembre 2025, le monde du football a appris <a href=\"https:\/\/actu.fr\/occitanie\/montpellier_34172\/montpellier-le-mhsc-annonce-le-deces-de-jean-louis-gasset_63624956.html\" target=\"_blank\" rel=\"noopener\">la disparition de Jean-Louis Gasset<\/a> \u00e0 l\u2019\u00e2ge de 72\u00a0ans. Une nouvelle qui a \u00e9t\u00e9 accueillie avec une profonde tristesse dans l\u2019univers <a href=\"https:\/\/actu.fr\/tag\/girondins-de-bordeaux\" target=\"_blank\" rel=\"noopener\">des Girondins de Bordeaux<\/a> dont il a<strong> \u00ab\u2009durablement marqu\u00e9 l\u2019histoire\u2009\u00bb,<\/strong> rappelle la Ligue de Football Professionnel.<\/p>\n<p class=\" wall-content\">Le joueur h\u00e9raultais \u00e9tait en effet l\u2019adjoint de Laurent Blanc pendant presque dix ans \u00e0 Bordeaux, notamment pour le <strong>sacre de champion de France en 2009<\/strong>. Il a aussi \u00e9t\u00e9 directeur sportif du\u00a0club de 2020 \u00e0 2021.<\/p>\n<p>\u00ab\u2009Un engagement sans faille\u2009\u00bb<\/p>\n<p class=\" wall-content\">\u00ab\u2009Le FC Girondins de Bordeaux a appris avec une <strong>grande tristesse<\/strong> la disparition de Jean-Louis Gasset. Champion de France en 2009 comme membre du staff, il est \u00e9galement revenu entra\u00eener le club quelques ann\u00e9es plus tard, faisant preuve <strong>d\u2019un engagement sans faille.<\/strong> Nos pens\u00e9es vont \u00e0 sa famille et \u00e0 ses proches. Merci pour tout Jean-Louis\u2009\u00bb, a \u00e9crit le club sur ses r\u00e9seaux.<\/p>\n<p class=\" wall-content\">Au <a href=\"https:\/\/www.facebook.com\/watch\/?v=1171077818516939\" target=\"_blank\" rel=\"noopener\">micro de Bein Sports,<\/a> la l\u00e9gende bordelaise Alain Giresse a salu\u00e9 \u00ab\u2009un <strong>personnage rare dans le monde du football<\/strong> avec beaucoup d\u2019attention, de proximit\u00e9 avec les joueurs\u2009\u00bb.<\/p>\n<p class=\" wall-content\">Les <strong>supporters<\/strong> ne sont pas en reste, avec de nombreux hommages apparus sur les r\u00e9seaux. \u00ab\u2009Il incarnait des <strong>valeurs humaines<\/strong> qui lui ont fait gagner notre plus grand respect\u2009\u00bb, ont notamment r\u00e9agi les Ultramarines.<\/p>\n<p>Une longue lettre de Yoann Gourcuff<\/p>\n<p class=\" wall-content\">Mais le plus <strong>vibrant hommage<\/strong> vient d\u2019un homme qui s\u2019exprime rarement. Yoann Gourcuff\u00a0a publi\u00e9 une lettre \u00e0 Jean-Louis Gasset via les r\u00e9seaux sociaux de sa femme <a href=\"https:\/\/www.instagram.com\/p\/DSwNmc0iTKQ\/?hl=fr\" target=\"_blank\" rel=\"noopener\">Karine Ferri.<\/a><\/p>\n<p class=\" wall-content\">\u00ab\u2009Je prends la parole aujourd\u2019hui via les r\u00e9seaux sociaux de ma femme pour te <strong>remercier profond\u00e9ment<\/strong> de tout ce que tu m\u2019as apport\u00e9 durant nos deux ann\u00e9es communes \u00e0 Bordeaux. D\u00e8s mon arriv\u00e9e, tu m\u2019as accord\u00e9 ta confiance, et cela m\u2019a profond\u00e9ment marqu\u00e9\u2009\u00bb, a commenc\u00e9 l\u2019ancien milieu des Girondins.<\/p>\n<p>Votre r\u00e9gion, votre actu !<\/p>\n<p>Recevez chaque jour les infos qui comptent pour vous.<\/p>\n<p>\t<a href=\"https:\/\/actu.fr\/newsletter\" class=\"ac-btn ac-btn--corner ac-btn--medium ac-btn--blue800\" target=\"_blank\" rel=\"noopener\">S&rsquo;incrire<\/a><\/p>\n<p class=\" wall-content\"><a href=\"https:\/\/www.instagram.com\/p\/DSwNmc0iTKQ\/embed\" title=\"Ouvrir le lien sur Instagram\" target=\"_blank\" rel=\"noopener\">Visualiser le contenu sur Instagram<\/a><\/p>\n<p class=\" wall-content\">\u00abTu as su me mettre \u00e0 l\u2019aise d\u00e8s le premier jour et m\u2019int\u00e9grer naturellement au sein de l\u2019\u00e9quipe, s\u2019est rappel\u00e9 le joueur. Gr\u00e2ce \u00e0 toi, j\u2019ai <strong>gagn\u00e9 en confiance,<\/strong> j\u2019ai progress\u00e9 et j\u2019ai pris \u00e9norm\u00e9ment de plaisir \u00e0 \u00e9changer avec toi sur le jeu et le football. Humainement, je garde de toi des souvenirs exceptionnels. Nous avions une relation bas\u00e9e sur la confiance et la bienveillance, et j\u2019ai grandi au sein de cette \u00e9quipe de Bordeaux en grande partie gr\u00e2ce \u00e0 toi.\u2009\u00bb<\/p>\n<p class=\" wall-content\">L\u2019ancien international a salu\u00e9 une<strong> \u00ab\u2009analyse tr\u00e8s fine du football<\/strong> et des adversaires, de leurs forces comme de leurs faiblesses\u2009\u00bb de celui qui formait alors un bin\u00f4me compl\u00e9mentaire avec Laurent Blanc. \u00ab\u2009Tu savais <strong>transmettre ta passion du jeu<\/strong> et nous apporter, au quotidien comme dans l\u2019approche des matchs, des d\u00e9tails et des conseils pr\u00e9cieux pour progresser\u2009\u00bb.<\/p>\n<p class=\" wall-content\">Pour clore sa longue missive, le joueur tenu \u00e0 remercier encore une fois son ancien entra\u00eeneur\u2009: \u00ab\u2009Tu es sans aucun doute l\u2019entra\u00eeneur avec qui j\u2019ai eu<strong> la plus belle relation,<\/strong> faite de confiance et de bienveillance.\u00a0Merci pour tout. Mes pens\u00e9es vont \u00e0 ta famille et \u00e0 tes proches.\u2009\u00bb<\/p>\n<p class=\" wall-content\">Personnalisez votre actualit\u00e9 en ajoutant vos villes et m\u00e9dias en favori avec <a href=\"https:\/\/moncompte.actu.fr\" title=\"D\u00e9couvez Mon Actu\" rel=\"nofollow noopener\" data-trk=\"{&quot;cta&quot;:{&quot;action&quot;:&quot;https:\\\/\\\/moncompte.actu.fr&quot;,&quot;category&quot;:&quot;mon compte&quot;,&quot;from&quot;:&quot;article footer&quot;,&quot;name&quot;:&quot;Mon actu&quot;,&quot;type&quot;:&quot;cta&quot;}}\" target=\"_blank\">Mon Actu<\/a>.<\/p>\n<p>                    <script async src=\"\/\/www.instagram.com\/embed.js\"><\/script><\/p>\n","protected":false},"excerpt":{"rendered":"Par Juliette Cardinale Publi\u00e9 le 27 d\u00e9c. 2025 \u00e0 17h20 Vendredi 26\u00a0d\u00e9cembre 2025, le monde du football a&hellip;\n","protected":false},"author":2,"featured_media":625509,"comment_status":"","ping_status":"","sticky":false,"template":"","format":"standard","meta":{"footnotes":""},"categories":[2817],"tags":[1111,11,1997,1777,674,1011,27,2908,1391,12,2219,25,104],"class_list":{"0":"post-625508","1":"post","2":"type-post","3":"status-publish","4":"format-standard","5":"has-post-thumbnail","7":"category-bordeaux","8":"tag-actu","9":"tag-actualites","10":"tag-bordeaux","11":"tag-eu","12":"tag-europe","13":"tag-fr","14":"tag-france","15":"tag-girondins-de-bordeaux","16":"tag-necrologie","17":"tag-news","18":"tag-nouvelle-aquitaine","19":"tag-republique-francaise","20":"tag-societe"},"share_on_mastodon":{"url":"https:\/\/pubeurope.com\/@fr\/115792478492615945","error":""},"_links":{"self":[{"href":"https:\/\/www.europesays.com\/fr\/wp-json\/wp\/v2\/posts\/625508","targetHints":{"allow":["GET"]}}],"collection":[{"href":"https:\/\/www.europesays.com\/fr\/wp-json\/wp\/v2\/posts"}],"about":[{"href":"https:\/\/www.europesays.com\/fr\/wp-json\/wp\/v2\/types\/post"}],"author":[{"embeddable":true,"href":"https:\/\/www.europesays.com\/fr\/wp-json\/wp\/v2\/users\/2"}],"replies":[{"embeddable":true,"href":"https:\/\/www.europesays.com\/fr\/wp-json\/wp\/v2\/comments?post=625508"}],"version-history":[{"count":0,"href":"https:\/\/www.europesays.com\/fr\/wp-json\/wp\/v2\/posts\/625508\/revisions"}],"wp:featuredmedia":[{"embeddable":true,"href":"https:\/\/www.europesays.com\/fr\/wp-json\/wp\/v2\/media\/625509"}],"wp:attachment":[{"href":"https:\/\/www.europesays.com\/fr\/wp-json\/wp\/v2\/media?parent=625508"}],"wp:term":[{"taxonomy":"category","embeddable":true,"href":"https:\/\/www.europesays.com\/fr\/wp-json\/wp\/v2\/categories?post=625508"},{"taxonomy":"post_tag","embeddable":true,"href":"https:\/\/www.europesays.com\/fr\/wp-json\/wp\/v2\/tags?post=625508"}],"curies":[{"name":"wp","href":"https:\/\/api.w.org\/{rel}","templated":true}]}}