{"id":62551,"date":"2025-04-29T19:27:09","date_gmt":"2025-04-29T19:27:09","guid":{"rendered":"https:\/\/www.europesays.com\/fr\/62551\/"},"modified":"2025-04-29T19:27:09","modified_gmt":"2025-04-29T19:27:09","slug":"la-generation-des-deserts-medicaux-ne-veut-pas-payer-pour-les-erreurs-du-passe","status":"publish","type":"post","link":"https:\/\/www.europesays.com\/fr\/62551\/","title":{"rendered":"la \u00ab\u00a0g\u00e9n\u00e9ration des d\u00e9serts m\u00e9dicaux\u00a0\u00bb ne veut pas \u00ab\u00a0payer pour les erreurs du pass\u00e9\u00a0\u00bb"},"content":{"rendered":"<p>\u00c9tudiants en m\u00e9decine, externes, internes, jeunes m\u00e9decins mais aussi plus \u00e2g\u00e9s et m\u00eame retrait\u00e9s, la manifestation contre la proposition de loi du d\u00e9put\u00e9 Guillaume Garot, a largement rassembl\u00e9 ce 29\u00a0avril entre Grange Blanche et l\u2019Agence r\u00e9gionale de sant\u00e9, r\u00e9unissant 1\u00a0800 participants selon la pr\u00e9fecture et 4\u00a0500 selon les organisateurs. Tous sont vent debout contre l\u2019article\u00a01 de cette PPL qui pr\u00e9voit de restreindre la libert\u00e9 d\u2019installation.<\/p>\n<p>\u00ab\u00a0Cela part toujours d\u2019un mauvais postulat. La d\u00e9magogie de nos parlementaires est une insulte \u00e0 toute notre profession\u00a0\u00bb, d\u00e9nonce Amin Benkraiem, repr\u00e9sentant des \u00e9tudiants en m\u00e9decine de Lyon Est.<\/p>\n<p>  \u00ab\u00a0Il faut arr\u00eater d\u2019opposer patients et m\u00e9decins\u00a0\u00bb<\/p>\n<p>\u00ab\u00a0Le probl\u00e8me, c\u2019est le nombre et pas l\u2019endroit\u00a0\u00bb, scandent les manifestants. Cette \u00ab\u00a0g\u00e9n\u00e9ration des d\u00e9serts m\u00e9dicaux\u00a0\u00bb ne veut pas payer pour \u00ab\u00a0les erreurs du pass\u00e9\u00a0\u00bb.<\/p>\n<p>\u00ab\u00a0\u00c0 l\u2019h\u00f4pital, on passe notre temps \u00e0 chercher des m\u00e9decins pour nos patients \u00e0 leur sortie. La col\u00e8re des patients est l\u00e9gitime mais il faut arr\u00eater d\u2019opposer patients et m\u00e9decins\u00a0\u00bb, explique Arnaud Ducoudre, pr\u00e9sident du SAIHL (syndicat des internes de Lyon), interne en psychiatrie alors que France Assos Sant\u00e9, qui rassemble des usagers de sant\u00e9, appelle \u00e0 voter pour la PPL Garot qui sera <a href=\"https:\/\/www.leprogres.fr\/sante\/2025\/03\/31\/acces-aux-soins-dans-les-deserts-medicaux-la-bataille-relancee-cette-semaine-a-l-assemblee\" target=\"_blank\" rel=\"nofollow noopener\">examin\u00e9e le 6\u00a0mai \u00e0 l\u2019Assembl\u00e9e nationale.<\/a><\/p>\n<p>Mais cette PPL repose sur des donn\u00e9es erron\u00e9es, pointent les manifestants reprochant aux agences r\u00e9gionales de sant\u00e9 de ne pas faire la diff\u00e9rence entre m\u00e9decin g\u00e9n\u00e9raliste et m\u00e9decin traitant. Un certain nombre de g\u00e9n\u00e9ralistes ont un \u00ab\u00a0exercice particulier\u00a0\u00bb et ne sont pas m\u00e9decins traitants\u00a0: ils se sont sp\u00e9cialis\u00e9s en m\u00e9decine esth\u00e9tique, du sport ou du sommeil ou encore sont urgentistes dans les centres de soins non programm\u00e9s.<\/p>\n<p>\u00ab Dans le 8e  arrondissement, nous sommes en train de faire la liste de l\u2019ensemble des m\u00e9decins g\u00e9n\u00e9ralistes et quasiment la moiti\u00e9 ne sont pas g\u00e9n\u00e9ralistes traitants. Sur le 7e  arrondissement, c\u2019est pareil\u00a0: on peut penser qu\u2019il y a pl\u00e9thore de g\u00e9n\u00e9ralistes traitants mais c\u2019est parce qu\u2019il y a SOS M\u00e9decins\u00a0\u00bb, explique <a href=\"https:\/\/www.leprogres.fr\/sante\/2025\/04\/01\/depuis-le-covid-nos-patients-sont-en-insecurite-un-peu-partout-dans-leur-vie\" target=\"_blank\" rel=\"nofollow noopener\">la Dr  Florence Lapica,<\/a> vice-pr\u00e9sidente de MG France.<\/p>\n<p>  Des g\u00e9n\u00e9ralistes mais peu de m\u00e9decins traitants<\/p>\n<p>\u00ab\u00a0Dans le 6e  arrondissement, l\u2019ARS dit que nous sommes 112 m\u00e9decins g\u00e9n\u00e9ralistes mais en fait, nous sommes 52. Les autres sont hom\u00e9opathes, exercent en m\u00e9decine esth\u00e9tique\u2026\u00a0\u00bb, t\u00e9moigne \u00e9galement le Dr  Michel Till, repr\u00e9sentant du syndicat CSMF MG.<\/p>\n<p>\u00ab\u00a0En Auvergne Rh\u00f4ne-Alpes, 80\u00a0% du territoire sont des d\u00e9serts m\u00e9dicaux. Les consultations qui seront faites dans les territoires sous-dot\u00e9s ne seront pas faites dans d\u2019autres territoires sous-dot\u00e9s\u00a0\u00bb, souligne le Dr  Pierre-Henry Juan, pr\u00e9sident de SOS M\u00e9decin Lyon. Conseill\u00e9 \u00e0 l\u2019Ordre des m\u00e9decins du Rh\u00f4ne, Marcel Garrigou-Granchamp, pr\u00e9sident de la FMF AuRA, se d\u00e9sole de voir que cette ann\u00e9e, sur 150 dipl\u00f4m\u00e9s <a href=\"https:\/\/www.leprogres.fr\/politique\/2025\/04\/29\/sur-150-diplomes-deux-souhaitent-s-installer-en-liberal-pourquoi-les-medecins-manifestent-ce-mardi\" target=\"_blank\" rel=\"nofollow noopener\">seuls 2 ont choisi de s\u2019installer en lib\u00e9ral.<\/a><\/p>\n<p>\u00ab\u00a0Les politiques ne nous \u00e9coutent pas\u00a0\u00bb, d\u00e9plorent les futurs m\u00e9decins qui avancent des propositions \u00ab\u00a0concr\u00e8tes\u00a0\u00bb\u00a0: lib\u00e9rer du temps m\u00e9dical, am\u00e9liorer la collaboration interprofessionnelle, all\u00e9ger l\u2019administratif, proposer des mesures d\u2019aides \u00e0 l\u2019installation et des mesures d\u2019accompagnement pour d\u00e9couvrir les territoires. En 5e  ann\u00e9e, Amin Benkraiem a sign\u00e9 <a href=\"https:\/\/www.leprogres.fr\/sante\/2023\/05\/02\/nantua-parie-sur-l-avenir-en-financant-les-etudes-d-un-futur-medecin\" target=\"_blank\" rel=\"nofollow noopener\">avec la ville de Nantua<\/a> pour recevoir une bourse jusqu\u2019\u00e0 la fin de ses \u00e9tudes en \u00e9change de quoi il s\u2019installera sur ce territoire pendant quelques ann\u00e9es\u00a0: \u00ab\u00a0C\u2019est la preuve que l\u2019on ne veut pas juste un petit confort et s\u2019installer l\u00e0 o\u00f9 c\u2019est facile mais qu\u2019on est pr\u00eats \u00e0 aller l\u00e0 o\u00f9 on est bien accompagn\u00e9s.\u00a0\u00bb<\/p>\n","protected":false},"excerpt":{"rendered":"\u00c9tudiants en m\u00e9decine, externes, internes, jeunes m\u00e9decins mais aussi plus \u00e2g\u00e9s et m\u00eame retrait\u00e9s, la manifestation contre la&hellip;\n","protected":false},"author":2,"featured_media":62552,"comment_status":"","ping_status":"","sticky":false,"template":"","format":"standard","meta":{"footnotes":""},"categories":[1889],"tags":[1111,11,2430,2757,1777,674,1011,27,2428,2756,12,25,2429,71],"class_list":{"0":"post-62551","1":"post","2":"type-post","3":"status-publish","4":"format-standard","5":"has-post-thumbnail","7":"category-lyon","8":"tag-actu","9":"tag-actualites","10":"tag-auvergne-rhone-alpes","11":"tag-edition-lyon-villeurbanne","12":"tag-eu","13":"tag-europe","14":"tag-fr","15":"tag-france","16":"tag-lyon","17":"tag-lyon-bassin","18":"tag-news","19":"tag-republique-francaise","20":"tag-rhone","21":"tag-sante"},"share_on_mastodon":{"url":"https:\/\/pubeurope.com\/@fr\/114422903264620688","error":""},"_links":{"self":[{"href":"https:\/\/www.europesays.com\/fr\/wp-json\/wp\/v2\/posts\/62551","targetHints":{"allow":["GET"]}}],"collection":[{"href":"https:\/\/www.europesays.com\/fr\/wp-json\/wp\/v2\/posts"}],"about":[{"href":"https:\/\/www.europesays.com\/fr\/wp-json\/wp\/v2\/types\/post"}],"author":[{"embeddable":true,"href":"https:\/\/www.europesays.com\/fr\/wp-json\/wp\/v2\/users\/2"}],"replies":[{"embeddable":true,"href":"https:\/\/www.europesays.com\/fr\/wp-json\/wp\/v2\/comments?post=62551"}],"version-history":[{"count":0,"href":"https:\/\/www.europesays.com\/fr\/wp-json\/wp\/v2\/posts\/62551\/revisions"}],"wp:featuredmedia":[{"embeddable":true,"href":"https:\/\/www.europesays.com\/fr\/wp-json\/wp\/v2\/media\/62552"}],"wp:attachment":[{"href":"https:\/\/www.europesays.com\/fr\/wp-json\/wp\/v2\/media?parent=62551"}],"wp:term":[{"taxonomy":"category","embeddable":true,"href":"https:\/\/www.europesays.com\/fr\/wp-json\/wp\/v2\/categories?post=62551"},{"taxonomy":"post_tag","embeddable":true,"href":"https:\/\/www.europesays.com\/fr\/wp-json\/wp\/v2\/tags?post=62551"}],"curies":[{"name":"wp","href":"https:\/\/api.w.org\/{rel}","templated":true}]}}