{"id":625512,"date":"2025-12-27T16:30:28","date_gmt":"2025-12-27T16:30:28","guid":{"rendered":"https:\/\/www.europesays.com\/fr\/625512\/"},"modified":"2025-12-27T16:30:28","modified_gmt":"2025-12-27T16:30:28","slug":"ou-deposer-son-sapin-apres-noel","status":"publish","type":"post","link":"https:\/\/www.europesays.com\/fr\/625512\/","title":{"rendered":"o\u00f9 d\u00e9poser son sapin apr\u00e8s No\u00ebl ?"},"content":{"rendered":"<p>\n\t\t\t\t\tLa Ville de Toulouse propose deux solutions pour recycler son sapin de No\u00ebl apr\u00e8s les f\u00eates. \t\t\t\t<\/p>\n<p>\n\t\t\t\t\t\t\t\t\t\u00a9 Photo d\u2019illustration \u2013 Sapin de No\u00ebl.\t\t\t\t\t\t\t\t<\/p>\n<p>\t\t\t\t\t<a data-no-instant=\"1\" href=\"https:\/\/www.nimes.fr\/que-faire-a-nimes\/evenements\/festivites-de-noel\" rel=\"noopener\" class=\"a2t-link\" aria-label=\"878691-image\" target=\"_blank\"><img decoding=\"async\" src=\"https:\/\/www.europesays.com\/fr\/wp-content\/uploads\/2025\/12\/878691-image.jpeg\" alt=\"\"  \/><\/a><\/p>\n<p>Chaque ann\u00e9e, apr\u00e8s les f\u00eates de No\u00ebl, de nombreux sapins se retrouvent abandonn\u00e9s dans l\u2019espace public. Pour \u00e9viter ce probl\u00e8me, la Ville de <a href=\"https:\/\/infoccitanie.fr\/tag\/toulouse\/\" target=\"_blank\" rel=\"noopener\">Toulouse<\/a> propose deux solutions simples \u00e0 ses habitants : les d\u00e9poser dans un<strong> point de collecte<\/strong> ou les apporter en <strong>d\u00e9ch\u00e8terie<\/strong>.<\/p>\n<p>D\u00e9poser son sapin dans un point de collecte<\/p>\n<p>Les habitants peuvent d\u00e9poser leur sapin dans les <strong>points de collecte du 26 d\u00e9cembre 2025 au 6 f\u00e9vrier 2026<\/strong>. Tel est le cas \u00e0 la mairie <strong>d\u2019Aigrefeuille<\/strong> ou encore \u00e0 <strong>Balma<\/strong>, \u00e0 la mairie ou \u00e0 l\u2019espace Cypri\u00e9. \u00c0 <a href=\"https:\/\/infoccitanie.fr\/tag\/toulouse\/\" target=\"_blank\" rel=\"noopener\">Toulouse<\/a>, des points de collecte sont aussi disponibles au <strong>Capitole<\/strong> ou encore dans les quartiers <strong>Arnaud Bernard<\/strong> ou <strong>Carmes<\/strong>. Cliquez <a href=\"https:\/\/carto.toulouse-metropole.fr\/adws\/app\/11dfec15-b2d0-11e9-ad5d-811ebaeb930d\/index.html?context=Sukt\" target=\"_blank\" rel=\"noopener\">ici<\/a> pour d\u00e9couvrir l\u2019ensemble des points de collecte. <\/p>\n<p>Apporter son sapin dans une d\u00e9ch\u00e8terie<\/p>\n<p>Il est \u00e9galement possible de d\u00e9poser son sapin dans une <strong>d\u00e9ch\u00e8terie<\/strong> grand public, comme la <strong>d\u00e9ch\u00e8terie d\u2019Atlanta<\/strong>, situ\u00e9e 23 chemin de Gramont \u00e0 <a href=\"https:\/\/infoccitanie.fr\/tag\/toulouse\/\" target=\"_blank\" rel=\"noopener\">Toulouse<\/a>. Pour d\u00e9couvrir l\u2019ensemble des d\u00e9ch\u00e8teries, les habitants sont invit\u00e9s \u00e0 cliquer <a href=\"https:\/\/metropole.toulouse.fr\/mon-environnement\/dechets-et-proprete\/les-decheteries\" target=\"_blank\" rel=\"noopener\">ici<\/a>. Ces solutions permettent de recycler les sapins de mani\u00e8re responsable, tout en gardant les espaces publics propres apr\u00e8s les f\u00eates.<\/p>\n","protected":false},"excerpt":{"rendered":"La Ville de Toulouse propose deux solutions pour recycler son sapin de No\u00ebl apr\u00e8s les f\u00eates. \u00a9 Photo&hellip;\n","protected":false},"author":2,"featured_media":625513,"comment_status":"","ping_status":"","sticky":false,"template":"","format":"standard","meta":{"footnotes":""},"categories":[2816],"tags":[1111,11,1777,674,1011,27,12,15830,2680,25,2312],"class_list":{"0":"post-625512","1":"post","2":"type-post","3":"status-publish","4":"format-standard","5":"has-post-thumbnail","7":"category-toulouse","8":"tag-actu","9":"tag-actualites","10":"tag-eu","11":"tag-europe","12":"tag-fr","13":"tag-france","14":"tag-news","15":"tag-noel","16":"tag-occitanie","17":"tag-republique-francaise","18":"tag-toulouse"},"share_on_mastodon":{"url":"https:\/\/pubeurope.com\/@fr\/115792487876028938","error":""},"_links":{"self":[{"href":"https:\/\/www.europesays.com\/fr\/wp-json\/wp\/v2\/posts\/625512","targetHints":{"allow":["GET"]}}],"collection":[{"href":"https:\/\/www.europesays.com\/fr\/wp-json\/wp\/v2\/posts"}],"about":[{"href":"https:\/\/www.europesays.com\/fr\/wp-json\/wp\/v2\/types\/post"}],"author":[{"embeddable":true,"href":"https:\/\/www.europesays.com\/fr\/wp-json\/wp\/v2\/users\/2"}],"replies":[{"embeddable":true,"href":"https:\/\/www.europesays.com\/fr\/wp-json\/wp\/v2\/comments?post=625512"}],"version-history":[{"count":0,"href":"https:\/\/www.europesays.com\/fr\/wp-json\/wp\/v2\/posts\/625512\/revisions"}],"wp:featuredmedia":[{"embeddable":true,"href":"https:\/\/www.europesays.com\/fr\/wp-json\/wp\/v2\/media\/625513"}],"wp:attachment":[{"href":"https:\/\/www.europesays.com\/fr\/wp-json\/wp\/v2\/media?parent=625512"}],"wp:term":[{"taxonomy":"category","embeddable":true,"href":"https:\/\/www.europesays.com\/fr\/wp-json\/wp\/v2\/categories?post=625512"},{"taxonomy":"post_tag","embeddable":true,"href":"https:\/\/www.europesays.com\/fr\/wp-json\/wp\/v2\/tags?post=625512"}],"curies":[{"name":"wp","href":"https:\/\/api.w.org\/{rel}","templated":true}]}}