{"id":625514,"date":"2025-12-27T16:35:17","date_gmt":"2025-12-27T16:35:17","guid":{"rendered":"https:\/\/www.europesays.com\/fr\/625514\/"},"modified":"2025-12-27T16:35:17","modified_gmt":"2025-12-27T16:35:17","slug":"quels-transferts-attendre-au-losc","status":"publish","type":"post","link":"https:\/\/www.europesays.com\/fr\/625514\/","title":{"rendered":"quels transferts attendre au LOSC\u00a0?"},"content":{"rendered":"<p>                    Par<br \/>\n        <strong><br \/>\n            <a href=\"https:\/\/actu.fr\/auteur\/nicolas-demollien\" title=\"Consulter tous les articles de Nicolas Demollien\" target=\"_blank\" rel=\"noopener\">Nicolas Demollien<\/a><br \/>\n                    <\/strong><\/p>\n<p>        Publi\u00e9 le<\/p>\n<p>            27 d\u00e9c. 2025 \u00e0 17h22        <\/p>\n<p>Le <a href=\"https:\/\/actu.fr\/tag\/mercato\" target=\"_blank\" rel=\"noopener\">mercato<\/a> d\u2019<b>hiver<\/b> va s\u2019ouvrir le 1er janvier 2026 et battre son plein durant un mois. Des <b>transferts sont-ils pr\u00e9vus<\/b> du c\u00f4t\u00e9 du <a href=\"https:\/\/actu.fr\/tag\/losc-football\" target=\"_blank\" rel=\"noopener\">LOSC<\/a> ? On fait le point sur les <b>mouvements \u00e9voqu\u00e9s<\/b> \u00e0 <a href=\"https:\/\/actu.fr\/hauts-de-france\/lille_59350\" target=\"_blank\" rel=\"noopener\">Lille<\/a>.<\/p>\n<p>Mercato d\u2019hiver au LOSC : qui va arriver ? Qui va partir ?<\/p>\n<p class=\" wall-content\">Disons le tout de suite, on se dirige vers une p\u00e9riode plut\u00f4t \u00ab\u00a0calme\u00a0\u00bb du c\u00f4t\u00e9 des <b>Dogues<\/b>. L\u2019effectif de Bruno G\u00e9n\u00e9sio semble assez fourni pour faire face aux diff\u00e9rentes comp\u00e9titions. Et alors que l\u2019arriv\u00e9e d\u2019un d\u00e9fenseur \u00e9tait \u00e9voqu\u00e9e, le <b>retour rapide d\u2019Alexsandro<\/b> dans le groupe semble avoir mis fin aux prospections.<\/p>\n<p class=\" wall-content\">Dans ces conditions, seule une opportunit\u00e9 int\u00e9ressante pourrait faire flancher les dirigeants lillois. Le cas de l\u2019ailier de poche de <a href=\"https:\/\/actu.fr\/hauts-de-france\/dunkerque_59183\" target=\"_blank\" rel=\"noopener\">Dunkerque<\/a> <b>Gessime Yassine<\/b> est \u00e9voqu\u00e9 par diff\u00e9rents m\u00e9dias. Et si des contacts ont bien \u00e9t\u00e9 \u00e9tablis, \u00ab\u00a0un transfert hivernal semble difficile\u00a0\u00bb, assurent <a href=\"https:\/\/lepetitlillois.com\/2025\/12\/26\/mercato-losc-un-interet-confirme-pour-gessime-yassine-usl-dunkerque\/\" target=\"_blank\" rel=\"noopener\">nos confr\u00e8res du Petit Lillois<\/a>. A moins que le LOSC ne transf\u00e8re le joueur et le pr\u00eate dans la foul\u00e9e \u00e0 son club d\u2019origine. Affaire \u00e0 suivre.<\/p>\n<p class=\" wall-content\">En r\u00e9alit\u00e9, c\u2019est plut\u00f4t du c\u00f4t\u00e9 des d\u00e9parts que le mercato pourrait s\u2019agiter. A peine de retour de son pr\u00eat \u00e0 Boca Juniors, <b>Ignacio Miram\u00f3n<\/b> devrait ainsi \u00eatre <b>\u00e0 nouveau pr\u00eat\u00e9<\/b>, cette fois au sein de son club formateur : <b>Gimnasia La Plata<\/b>.<\/p>\n<p class=\" wall-content\">Et alors que le milieu lillois est tr\u00e8s fourni : deux joueurs au temps de jeu fam\u00e9lique pourraient bien aller voir ailleurs cet hiver : <b>Ugo Raghouber<\/b> et <b>Andr\u00e9 Gomes<\/b>.\u00a0<\/p>\n<p class=\" wall-content\">Le premier pourrait \u00eatre <b>pr\u00eat\u00e9 \u00e0 un club de ligue 1<\/b> afin de continuer sa progression apr\u00e8s son pr\u00eat tr\u00e8s int\u00e9ressant \u00e0 Dunkerque la saison derni\u00e8re.<\/p>\n<p class=\" wall-content\">Quant \u00e0 Andr\u00e9 Gomes, le club chercherait \u00e0 le faire partir. L\u2019international portugais n\u2019a jamais vraiment retrouv\u00e9 son niveau pass\u00e9 et n\u2019a quasiment pas jou\u00e9 depuis le d\u00e9but de saison.<\/p>\n<p class=\" wall-content\">Personnalisez votre actualit\u00e9 en ajoutant vos villes et m\u00e9dias en favori avec <a href=\"https:\/\/moncompte.actu.fr\" title=\"D\u00e9couvez Mon Actu\" rel=\"nofollow noopener\" data-trk=\"{&quot;cta&quot;:{&quot;action&quot;:&quot;https:\\\/\\\/moncompte.actu.fr&quot;,&quot;category&quot;:&quot;mon compte&quot;,&quot;from&quot;:&quot;article footer&quot;,&quot;name&quot;:&quot;Mon actu&quot;,&quot;type&quot;:&quot;cta&quot;}}\" target=\"_blank\">Mon Actu<\/a>.<\/p>\n","protected":false},"excerpt":{"rendered":"Par Nicolas Demollien Publi\u00e9 le 27 d\u00e9c. 2025 \u00e0 17h22 Le mercato d\u2019hiver va s\u2019ouvrir le 1er janvier&hellip;\n","protected":false},"author":2,"featured_media":625515,"comment_status":"","ping_status":"","sticky":false,"template":"","format":"standard","meta":{"footnotes":""},"categories":[2815],"tags":[1111,11,1777,674,1011,27,811,1307,4158,1434,12,25,104],"class_list":{"0":"post-625514","1":"post","2":"type-post","3":"status-publish","4":"format-standard","5":"has-post-thumbnail","7":"category-lille","8":"tag-actu","9":"tag-actualites","10":"tag-eu","11":"tag-europe","12":"tag-fr","13":"tag-france","14":"tag-hauts-de-france","15":"tag-lille","16":"tag-losc-football","17":"tag-mercato","18":"tag-news","19":"tag-republique-francaise","20":"tag-societe"},"share_on_mastodon":{"url":"https:\/\/pubeurope.com\/@fr\/115792505934536173","error":""},"_links":{"self":[{"href":"https:\/\/www.europesays.com\/fr\/wp-json\/wp\/v2\/posts\/625514","targetHints":{"allow":["GET"]}}],"collection":[{"href":"https:\/\/www.europesays.com\/fr\/wp-json\/wp\/v2\/posts"}],"about":[{"href":"https:\/\/www.europesays.com\/fr\/wp-json\/wp\/v2\/types\/post"}],"author":[{"embeddable":true,"href":"https:\/\/www.europesays.com\/fr\/wp-json\/wp\/v2\/users\/2"}],"replies":[{"embeddable":true,"href":"https:\/\/www.europesays.com\/fr\/wp-json\/wp\/v2\/comments?post=625514"}],"version-history":[{"count":0,"href":"https:\/\/www.europesays.com\/fr\/wp-json\/wp\/v2\/posts\/625514\/revisions"}],"wp:featuredmedia":[{"embeddable":true,"href":"https:\/\/www.europesays.com\/fr\/wp-json\/wp\/v2\/media\/625515"}],"wp:attachment":[{"href":"https:\/\/www.europesays.com\/fr\/wp-json\/wp\/v2\/media?parent=625514"}],"wp:term":[{"taxonomy":"category","embeddable":true,"href":"https:\/\/www.europesays.com\/fr\/wp-json\/wp\/v2\/categories?post=625514"},{"taxonomy":"post_tag","embeddable":true,"href":"https:\/\/www.europesays.com\/fr\/wp-json\/wp\/v2\/tags?post=625514"}],"curies":[{"name":"wp","href":"https:\/\/api.w.org\/{rel}","templated":true}]}}