{"id":625516,"date":"2025-12-27T16:37:19","date_gmt":"2025-12-27T16:37:19","guid":{"rendered":"https:\/\/www.europesays.com\/fr\/625516\/"},"modified":"2025-12-27T16:37:19","modified_gmt":"2025-12-27T16:37:19","slug":"le-barbier-de-seville-a-lance-son-quintuple-a-lopera-de-marseille","status":"publish","type":"post","link":"https:\/\/www.europesays.com\/fr\/625516\/","title":{"rendered":"Le \u00ab\u00a0Barbier de S\u00e9ville\u00a0\u00bb a lanc\u00e9 son quintupl\u00e9 \u00e0 l&rsquo;Op\u00e9ra de Marseille"},"content":{"rendered":"<p>D\u00e8s la premi\u00e8re impression visuelle, vous \u00eates transport\u00e9s dans le sud de l\u2019Espagne. Un d\u00e9cor comportant des murs recouverts de carreaux, des \u00e9l\u00e9ments en fer forg\u00e9 et des murs aux teintes de rouge. Sans compter cet immanquable patio si typique des maisons traditionnelles hispaniques, o\u00f9 ont \u00e9t\u00e9 diss\u00e9min\u00e9s quelques \u00e9l\u00e9ments religieux. Le ton est donn\u00e9 pour cette adaptation <a href=\"https:\/\/www.laprovence.com\/article\/culture-loisirs\/3260228294433414\/un-petillant-barbier-de-seville-pour-les-fetes-de-fin-d-annee-a-l-opera-de-marseille\" target=\"_blank\" rel=\"noopener\">du Barbier de S\u00e9ville<\/a>, lanc\u00e9 avec une sc\u00e8ne collective o\u00f9 les capes volent avec une gestuelle rappelant les matadors.<\/p>\n<p>En s\u2019attaquant \u00e0 l\u2019\u0153uvre de Rossini, le metteur en sc\u00e8ne Pierre-Emmanuel Rousseau tranche avec les repr\u00e9sentations marseillaises de f\u00e9vrier\u00a02018 sign\u00e9es Laurent Pelly, qui avait mis\u00e9 sur le noir et blanc. Cette fois, le cadre est aussi color\u00e9 que la partition musicale dirig\u00e9e par\u00a0l\u2019Italien Alessandro Cadario. Symboliquement, le comte Almaviva est d\u00e8s sa premi\u00e8re apparition v\u00eatu de rouge. Dont les nuances accompagnent le spectacle dans ses moindres d\u00e9tails, son d\u00e9roulement et ses crescendos.<\/p>\n<p>Car le rouge, c\u2019est la couleur des sentiments dans ce Barbier de S\u00e9ville o\u00f9 l\u2019on exprime la force de sa passion autant qu\u2019on mugit de col\u00e8re comme un taureau. Sans toutefois \u00e9carter le rire, notamment amen\u00e9 par l&#8230;<\/p>\n","protected":false},"excerpt":{"rendered":"D\u00e8s la premi\u00e8re impression visuelle, vous \u00eates transport\u00e9s dans le sud de l\u2019Espagne. Un d\u00e9cor comportant des murs&hellip;\n","protected":false},"author":2,"featured_media":625517,"comment_status":"","ping_status":"","sticky":false,"template":"","format":"standard","meta":{"footnotes":""},"categories":[2814],"tags":[17,1111,11,34460,251,1777,674,1011,27,26910,9447,884,12,882,73479,25,26190,3711],"class_list":{"0":"post-625516","1":"post","2":"type-post","3":"status-publish","4":"format-standard","5":"has-post-thumbnail","7":"category-marseille","8":"tag-17","9":"tag-actu","10":"tag-actualites","11":"tag-barbier","12":"tag-culture","13":"tag-eu","14":"tag-europe","15":"tag-fr","16":"tag-france","17":"tag-lopera","18":"tag-lance","19":"tag-marseille","20":"tag-news","21":"tag-provence-alpes-cote-dazur","22":"tag-quintuple","23":"tag-republique-francaise","24":"tag-seville","25":"tag-son"},"share_on_mastodon":{"url":"https:\/\/pubeurope.com\/@fr\/115792513941413053","error":""},"_links":{"self":[{"href":"https:\/\/www.europesays.com\/fr\/wp-json\/wp\/v2\/posts\/625516","targetHints":{"allow":["GET"]}}],"collection":[{"href":"https:\/\/www.europesays.com\/fr\/wp-json\/wp\/v2\/posts"}],"about":[{"href":"https:\/\/www.europesays.com\/fr\/wp-json\/wp\/v2\/types\/post"}],"author":[{"embeddable":true,"href":"https:\/\/www.europesays.com\/fr\/wp-json\/wp\/v2\/users\/2"}],"replies":[{"embeddable":true,"href":"https:\/\/www.europesays.com\/fr\/wp-json\/wp\/v2\/comments?post=625516"}],"version-history":[{"count":0,"href":"https:\/\/www.europesays.com\/fr\/wp-json\/wp\/v2\/posts\/625516\/revisions"}],"wp:featuredmedia":[{"embeddable":true,"href":"https:\/\/www.europesays.com\/fr\/wp-json\/wp\/v2\/media\/625517"}],"wp:attachment":[{"href":"https:\/\/www.europesays.com\/fr\/wp-json\/wp\/v2\/media?parent=625516"}],"wp:term":[{"taxonomy":"category","embeddable":true,"href":"https:\/\/www.europesays.com\/fr\/wp-json\/wp\/v2\/categories?post=625516"},{"taxonomy":"post_tag","embeddable":true,"href":"https:\/\/www.europesays.com\/fr\/wp-json\/wp\/v2\/tags?post=625516"}],"curies":[{"name":"wp","href":"https:\/\/api.w.org\/{rel}","templated":true}]}}