{"id":625518,"date":"2025-12-27T16:38:23","date_gmt":"2025-12-27T16:38:23","guid":{"rendered":"https:\/\/www.europesays.com\/fr\/625518\/"},"modified":"2025-12-27T16:38:23","modified_gmt":"2025-12-27T16:38:23","slug":"marseille-le-barbier-de-seville-un-opera-bouffe-jubilatoire","status":"publish","type":"post","link":"https:\/\/www.europesays.com\/fr\/625518\/","title":{"rendered":"MARSEILLE : Le Barbier de S\u00e9ville, un op\u00e9ra-bouffe jubilatoire"},"content":{"rendered":"<p style=\"text-align: left;\" data-renderer-start-pos=\"10\"><strong>Cette fin d\u2019ann\u00e9e, l\u2019Op\u00e9ra de Marseille revisite l\u2019un des titres les plus irr\u00e9sistibles du r\u00e9pertoire :\u00a0Il Barbiere di Siviglia\u00a0de Rossini, op\u00e9ra-bouffe jubilatoire qui traverse les si\u00e8cles sans perdre une ride.<\/strong><\/p>\n<p style=\"text-align: left;\" data-renderer-start-pos=\"10\">Avec son rythme effr\u00e9n\u00e9, ses quiproquos savoureux et ses airs devenus cultes, l\u2019\u0153uvre promet un v\u00e9ritable bain de bonne humeur au c\u0153ur des f\u00eates.<\/p>\n<p style=\"text-align: left;\" data-renderer-start-pos=\"369\">Mise en sc\u00e8ne par Pierre-Emmanuel Rousseau, cette nouvelle production \u2013 sign\u00e9e en coproduction avec l\u2019Op\u00e9ra national du Rhin et l\u2019Op\u00e9ra de Rouen \u2013 s\u2019annonce p\u00e9tillante et pleine de caract\u00e8re, port\u00e9e par une distribution internationale brillante. On retrouve notamment\u00a0<strong data-renderer-mark=\"true\">Santiago Ballerini<\/strong>\u00a0en Comte Almaviva,\u00a0<strong data-renderer-mark=\"true\">Vito Priante<\/strong>\u00a0en Figaro,\u00a0<strong data-renderer-mark=\"true\">Marc Barrard<\/strong>\u00a0en Bartolo et\u00a0<strong data-renderer-mark=\"true\">\u00c9l\u00e9onore Pancrazi<\/strong>\u00a0dans le r\u00f4le de Rosina. Sous la baguette d\u2019<strong data-renderer-mark=\"true\">Alessandro Cadario<\/strong>, l\u2019Orchestre et le Ch\u0153ur de l\u2019Op\u00e9ra de Marseille donneront \u00e0 Rossini toute sa verve, sa folie joyeuse et sa virtuosit\u00e9 \u00e9clatante.<\/p>\n<p style=\"text-align: left;\" data-renderer-start-pos=\"937\">Entre \u00e9nergie contagieuse, \u00e9l\u00e9gance belcantiste et sc\u00e9nographie soign\u00e9e,\u00a0Le Barbier de S\u00e9ville\u00a0s\u2019impose comme\u00a0le\u00a0spectacle parfait pour c\u00e9l\u00e9brer les f\u00eates dans un grand \u00e9clat de rire \u2014 et de musique. Une parenth\u00e8se lumineuse \u00e0 offrir ou \u00e0 s\u2019offrir.<\/p>\n<p style=\"text-align: left;\" data-renderer-start-pos=\"1187\"><strong data-renderer-mark=\"true\">Le Barbier de S\u00e9ville \u2013 Gioachino Rossini<\/strong><br \/>Op\u00e9ra de Marseille<br \/>2 rue Moli\u00e8re, 13001 Marseille<br \/>Vendredi\u00a0<strong data-renderer-mark=\"true\">26 d\u00e9cembre<\/strong>\u00a0\u00e0 20h<br \/>Dimanche\u00a0<strong data-renderer-mark=\"true\">28 d\u00e9cembre<\/strong>\u00a0\u00e0 14h30<br \/>Mercredi\u00a0<strong data-renderer-mark=\"true\">31 d\u00e9cembre<\/strong>\u00a0\u00e0 20h<br \/>Vendredi\u00a0<strong data-renderer-mark=\"true\">2 janvier<\/strong>\u00a0\u00e0 20h<br \/>Dimanche\u00a0<strong data-renderer-mark=\"true\">4 janvier<\/strong>\u00a0\u00e0 14h30<br \/>Dur\u00e9e : 2h55<br \/>Tarifs : 10 \u00e0 80 \u20ac<br \/><img decoding=\"async\" class=\"emoji\" role=\"img\" draggable=\"false\" src=\"https:\/\/s.w.org\/images\/core\/emoji\/17.0.2\/svg\/1f4a1.svg\" alt=\"\ud83d\udca1\"\/>\u00a0Repr\u00e9sentations accessibles avec gilets vibrants les 28 d\u00e9cembre et 2 janvier<br \/>R\u00e9servations :\u00a0<a class=\"_1yt4x7n9 _2rko12b0 _v56415x0 _1e0c1nu9 _16d9qvcn _syaz1y58 _1rkwglyw _4cvxmr28 _19it1x13 _bfhkhp5a _1a3b1r31 _4fprglyw _5goinqa1 _9oik1r31 _1bnxglyw _jf4cnqa1 _1nrm1r31 _c2waglyw _1iohnqa1 _uizt1kdv _nt751r31 _49pcglyw _1hvw1o36 _1372tlke _7ehicw00 _1j5pglyw _1di629zg\" tabindex=\"0\" href=\"http:\/\/opera-odeon.marseille.fr\/\" data-testid=\"inline-card-resolved-view\" target=\"_blank\" rel=\"noopener\">Accueil | Op\u00e9ra \u2013 Od\u00e9on \u2013 Ville de Marseille<\/a><br \/><a class=\"_mizu194a _1ah3dkaa _ra3xnqa1 _128mdkaa _1cvmnqa1 _4davt94y _4bfu1r31 _1hms8stv _ajmmnqa1 _vchhusvi _kqswh2mm _syaz14q2 _ect41gqc _1a3b1r31 _4fpr8stv _5goinqa1 _f8pj14q2 _9oik1r31 _1bnxglyw _jf4cnqa1 _30l314q2 _1nrm1r31 _c2waglyw _1iohnqa1 _9h8h16c2 _1053w7te _1ienw7te _n0fxw7te _1vhvg3x0\" title=\"https:\/\/www.instagram.com\/opera_marseille\/\" href=\"https:\/\/www.instagram.com\/opera_marseille\/\" data-renderer-mark=\"true\" data-is-router-link=\"false\" data-testid=\"link-with-safety\" target=\"_blank\" rel=\"noopener\">Instagram<\/a><\/p>\n<p style=\"text-align: left;\"><strong>SOURCE : Week-end by COTE.<\/strong><\/p>\n<p><script async src=\"\/\/www.instagram.com\/embed.js\"><\/script><\/p>\n","protected":false},"excerpt":{"rendered":"Cette fin d\u2019ann\u00e9e, l\u2019Op\u00e9ra de Marseille revisite l\u2019un des titres les plus irr\u00e9sistibles du r\u00e9pertoire :\u00a0Il Barbiere di&hellip;\n","protected":false},"author":2,"featured_media":625519,"comment_status":"","ping_status":"","sticky":false,"template":"","format":"standard","meta":{"footnotes":""},"categories":[2814],"tags":[1111,11,1777,674,1011,27,884,12,882,25],"class_list":{"0":"post-625518","1":"post","2":"type-post","3":"status-publish","4":"format-standard","5":"has-post-thumbnail","7":"category-marseille","8":"tag-actu","9":"tag-actualites","10":"tag-eu","11":"tag-europe","12":"tag-fr","13":"tag-france","14":"tag-marseille","15":"tag-news","16":"tag-provence-alpes-cote-dazur","17":"tag-republique-francaise"},"share_on_mastodon":{"url":"https:\/\/pubeurope.com\/@fr\/115792519258592653","error":""},"_links":{"self":[{"href":"https:\/\/www.europesays.com\/fr\/wp-json\/wp\/v2\/posts\/625518","targetHints":{"allow":["GET"]}}],"collection":[{"href":"https:\/\/www.europesays.com\/fr\/wp-json\/wp\/v2\/posts"}],"about":[{"href":"https:\/\/www.europesays.com\/fr\/wp-json\/wp\/v2\/types\/post"}],"author":[{"embeddable":true,"href":"https:\/\/www.europesays.com\/fr\/wp-json\/wp\/v2\/users\/2"}],"replies":[{"embeddable":true,"href":"https:\/\/www.europesays.com\/fr\/wp-json\/wp\/v2\/comments?post=625518"}],"version-history":[{"count":0,"href":"https:\/\/www.europesays.com\/fr\/wp-json\/wp\/v2\/posts\/625518\/revisions"}],"wp:featuredmedia":[{"embeddable":true,"href":"https:\/\/www.europesays.com\/fr\/wp-json\/wp\/v2\/media\/625519"}],"wp:attachment":[{"href":"https:\/\/www.europesays.com\/fr\/wp-json\/wp\/v2\/media?parent=625518"}],"wp:term":[{"taxonomy":"category","embeddable":true,"href":"https:\/\/www.europesays.com\/fr\/wp-json\/wp\/v2\/categories?post=625518"},{"taxonomy":"post_tag","embeddable":true,"href":"https:\/\/www.europesays.com\/fr\/wp-json\/wp\/v2\/tags?post=625518"}],"curies":[{"name":"wp","href":"https:\/\/api.w.org\/{rel}","templated":true}]}}