{"id":625520,"date":"2025-12-27T16:40:26","date_gmt":"2025-12-27T16:40:26","guid":{"rendered":"https:\/\/www.europesays.com\/fr\/625520\/"},"modified":"2025-12-27T16:40:26","modified_gmt":"2025-12-27T16:40:26","slug":"les-gens-du-voyage-se-branchent-illegalement-sur-un-transformateur-pres-de-lyon-un-incendie-se-declare","status":"publish","type":"post","link":"https:\/\/www.europesays.com\/fr\/625520\/","title":{"rendered":"Les gens du voyage se branchent ill\u00e9galement sur un transformateur pr\u00e8s de Lyon : un incendie se d\u00e9clare"},"content":{"rendered":"<p itemprop=\"description\"><strong>Un d\u00e9part de feu li\u00e9 \u00e0 un raccordement \u00e9lectrique non autoris\u00e9 a mobilis\u00e9 les secours vendredi soir \u00e0 Chassieu, \u00e0 proximit\u00e9 imm\u00e9diate de l\u2019a\u00e9roport de Lyon-Bron.<\/strong><\/p>\n<p>Un incendie s\u2019est d\u00e9clar\u00e9 vendredi en d\u00e9but de soir\u00e9e, rue Kimmerling \u00e0 Chassieu, dans un secteur sensible situ\u00e9 pr\u00e8s de l\u2019a\u00e9roport de Lyon-Bron. Le sinistre, rapidement ma\u00eetris\u00e9, n\u2019a pas fait de bless\u00e9s mais a n\u00e9cessit\u00e9 l\u2019intervention conjointe des pompiers et d\u2019Enedis afin de s\u00e9curiser le site.<\/p>\n<p>Le sinistre serait li\u00e9 \u00e0 un branchement \u00e9lectrique sauvage sur un transformateur, \u00e0 proximit\u00e9 d\u2019un campement d\u2019une soixantaine de caravanes de gens du voyage arriv\u00e9s r\u00e9cemment sur des terrains priv\u00e9s pr\u00e8s d\u2019installations a\u00e9ronautiques.<\/p>\n<p>L\u2019alerte a \u00e9t\u00e9 donn\u00e9e dans une zone a\u00e9roportuaire sensible, o\u00f9 des riverains signalent des nuisances, tandis que les occupants et la commune se renvoient la responsabilit\u00e9 li\u00e9e au manque de places d\u2019accueil.<\/p>\n<p>Une proc\u00e9dure d\u2019expulsion est engag\u00e9e et sera examin\u00e9e par la justice le 30 d\u00e9cembre, apr\u00e8s une plainte commune de plusieurs propri\u00e9taires de Chassieu, Bron et Saint-Priest.<\/p>\n","protected":false},"excerpt":{"rendered":"Un d\u00e9part de feu li\u00e9 \u00e0 un raccordement \u00e9lectrique non autoris\u00e9 a mobilis\u00e9 les secours vendredi soir \u00e0&hellip;\n","protected":false},"author":2,"featured_media":625521,"comment_status":"","ping_status":"","sticky":false,"template":"","format":"standard","meta":{"footnotes":""},"categories":[1889],"tags":[1111,11,2813,2190,2430,1109,251,1112,2811,1777,674,118,1011,27,1922,1110,1114,2428,2810,12,241,316,25,2812,517,800],"class_list":{"0":"post-625520","1":"post","2":"type-post","3":"status-publish","4":"format-standard","5":"has-post-thumbnail","7":"category-lyon","8":"tag-actu","9":"tag-actualites","10":"tag-article","11":"tag-asvel","12":"tag-auvergne-rhone-alpes","13":"tag-breves","14":"tag-culture","15":"tag-depeches","16":"tag-economique","17":"tag-eu","18":"tag-europe","19":"tag-faits-divers","20":"tag-fr","21":"tag-france","22":"tag-info","23":"tag-informations","24":"tag-infos","25":"tag-lyon","26":"tag-lyonmag","27":"tag-news","28":"tag-ol","29":"tag-politique","30":"tag-republique-francaise","31":"tag-sociale","32":"tag-sport","33":"tag-transports"},"share_on_mastodon":{"url":"https:\/\/pubeurope.com\/@fr\/115792525498277705","error":""},"_links":{"self":[{"href":"https:\/\/www.europesays.com\/fr\/wp-json\/wp\/v2\/posts\/625520","targetHints":{"allow":["GET"]}}],"collection":[{"href":"https:\/\/www.europesays.com\/fr\/wp-json\/wp\/v2\/posts"}],"about":[{"href":"https:\/\/www.europesays.com\/fr\/wp-json\/wp\/v2\/types\/post"}],"author":[{"embeddable":true,"href":"https:\/\/www.europesays.com\/fr\/wp-json\/wp\/v2\/users\/2"}],"replies":[{"embeddable":true,"href":"https:\/\/www.europesays.com\/fr\/wp-json\/wp\/v2\/comments?post=625520"}],"version-history":[{"count":0,"href":"https:\/\/www.europesays.com\/fr\/wp-json\/wp\/v2\/posts\/625520\/revisions"}],"wp:featuredmedia":[{"embeddable":true,"href":"https:\/\/www.europesays.com\/fr\/wp-json\/wp\/v2\/media\/625521"}],"wp:attachment":[{"href":"https:\/\/www.europesays.com\/fr\/wp-json\/wp\/v2\/media?parent=625520"}],"wp:term":[{"taxonomy":"category","embeddable":true,"href":"https:\/\/www.europesays.com\/fr\/wp-json\/wp\/v2\/categories?post=625520"},{"taxonomy":"post_tag","embeddable":true,"href":"https:\/\/www.europesays.com\/fr\/wp-json\/wp\/v2\/tags?post=625520"}],"curies":[{"name":"wp","href":"https:\/\/api.w.org\/{rel}","templated":true}]}}