{"id":625522,"date":"2025-12-27T16:42:16","date_gmt":"2025-12-27T16:42:16","guid":{"rendered":"https:\/\/www.europesays.com\/fr\/625522\/"},"modified":"2025-12-27T16:42:16","modified_gmt":"2025-12-27T16:42:16","slug":"17-millions-de-vues-endrick-explose-les-compteurs-de-lol-et-fait-sensation","status":"publish","type":"post","link":"https:\/\/www.europesays.com\/fr\/625522\/","title":{"rendered":"17 millions de vues, Endrick explose les compteurs de l\u2019OL et fait sensation"},"content":{"rendered":"<p>\n    Le pr\u00eat de la p\u00e9pite br\u00e9silienne \u00e0 l\u2019OL cr\u00e9e un engouement in\u00e9dit autour du club.<\/p>\n<p class=\"fig-paragraph\">\u00c0 peine arriv\u00e9, d\u00e9j\u00e0 adul\u00e9.\u00a0<a href=\"http:\/\/www.lefigaro.fr\/sports\/football\/ligue-1\/mercato-endrick-pepite-du-bresil-et-recrue-star-de-l-ol-a-debarque-en-france-20251227\" data-fig-type=\"NewsFlash\" data-gtm-custom-categorie=\"navigation\" data-gtm-custom-action=\"crossclick\" data-gtm-custom-label=\"Contextuel\" data-gtm-event=\"customEventSPE\" data-fig-domain=\"LEFIGARO\" target=\"_blank\" rel=\"noopener\">Pr\u00eat\u00e9 jusqu\u2019\u00e0 la fin de la saison<\/a>\u00a0par le Real Madrid, Endrick a pos\u00e9 ses valises \u00e0 Lyon ce vendredi soir. La p\u00e9pite br\u00e9silienne de 19 ans est attendue dans deux jours \u00e0 l\u2019entra\u00eenement avec les Gones, apr\u00e8s quelques jours de repose accord\u00e9s aux joueurs.<\/p>\n<p class=\"fig-paragraph\">Avant m\u00eame de fouler les pelouses sous le maillot lyonnais, Endrick affole d\u00e9j\u00e0 les compteurs. L\u2019annonce de son arriv\u00e9e sur le compte officiel Instagram de l\u2019Olympique Lyonnais a d\u00e9pass\u00e9 les 17 millions de vues, un record absolu pour le club. Celle de Tyler Morton n\u2019avait m\u00eame pas atteint les trois millions. Un engouement \u00e0 la hauteur de son talent lui qui a l\u2019\u00e9tiquette de futur crack en Europe.<\/p>\n","protected":false},"excerpt":{"rendered":"Le pr\u00eat de la p\u00e9pite br\u00e9silienne \u00e0 l\u2019OL cr\u00e9e un engouement in\u00e9dit autour du club. \u00c0 peine arriv\u00e9,&hellip;\n","protected":false},"author":2,"featured_media":625523,"comment_status":"","ping_status":"","sticky":false,"template":"","format":"standard","meta":{"footnotes":""},"categories":[1889],"tags":[1111,11,2430,1777,674,1011,27,2428,12,978,25],"class_list":{"0":"post-625522","1":"post","2":"type-post","3":"status-publish","4":"format-standard","5":"has-post-thumbnail","7":"category-lyon","8":"tag-actu","9":"tag-actualites","10":"tag-auvergne-rhone-alpes","11":"tag-eu","12":"tag-europe","13":"tag-fr","14":"tag-france","15":"tag-lyon","16":"tag-news","17":"tag-olympique-lyonnais","18":"tag-republique-francaise"},"share_on_mastodon":{"url":"https:\/\/pubeurope.com\/@fr\/115792533430074536","error":""},"_links":{"self":[{"href":"https:\/\/www.europesays.com\/fr\/wp-json\/wp\/v2\/posts\/625522","targetHints":{"allow":["GET"]}}],"collection":[{"href":"https:\/\/www.europesays.com\/fr\/wp-json\/wp\/v2\/posts"}],"about":[{"href":"https:\/\/www.europesays.com\/fr\/wp-json\/wp\/v2\/types\/post"}],"author":[{"embeddable":true,"href":"https:\/\/www.europesays.com\/fr\/wp-json\/wp\/v2\/users\/2"}],"replies":[{"embeddable":true,"href":"https:\/\/www.europesays.com\/fr\/wp-json\/wp\/v2\/comments?post=625522"}],"version-history":[{"count":0,"href":"https:\/\/www.europesays.com\/fr\/wp-json\/wp\/v2\/posts\/625522\/revisions"}],"wp:featuredmedia":[{"embeddable":true,"href":"https:\/\/www.europesays.com\/fr\/wp-json\/wp\/v2\/media\/625523"}],"wp:attachment":[{"href":"https:\/\/www.europesays.com\/fr\/wp-json\/wp\/v2\/media?parent=625522"}],"wp:term":[{"taxonomy":"category","embeddable":true,"href":"https:\/\/www.europesays.com\/fr\/wp-json\/wp\/v2\/categories?post=625522"},{"taxonomy":"post_tag","embeddable":true,"href":"https:\/\/www.europesays.com\/fr\/wp-json\/wp\/v2\/tags?post=625522"}],"curies":[{"name":"wp","href":"https:\/\/api.w.org\/{rel}","templated":true}]}}