{"id":625532,"date":"2025-12-27T16:50:28","date_gmt":"2025-12-27T16:50:28","guid":{"rendered":"https:\/\/www.europesays.com\/fr\/625532\/"},"modified":"2025-12-27T16:50:28","modified_gmt":"2025-12-27T16:50:28","slug":"jai-un-manteau-deux-pantalons-et-un-t-shirt-a-paris-les-enfants-sans-abri-en-premiere-ligne-face-a-la-vague-de-froid","status":"publish","type":"post","link":"https:\/\/www.europesays.com\/fr\/625532\/","title":{"rendered":"\u00ab\u00a0J&rsquo;ai un manteau, deux pantalons et un t-shirt\u00a0\u00bb : \u00e0 Paris, les enfants sans abri en premi\u00e8re ligne face \u00e0 la vague de froid"},"content":{"rendered":"<ul class=\"jsx-862013697 ArticleChapo__List\">\n<li class=\"jsx-862013697 ArticleChapo__List_Item flex\">Dans les grandes villes, pour les plus d\u00e9munis, cette vague de froid repr\u00e9sente un danger.<\/li>\n<li class=\"jsx-862013697 ArticleChapo__List_Item flex\">\u00c0 Paris, le plan \u00ab\u00a0Grand Froid\u00a0\u00bb n&rsquo;a pas encore \u00e9t\u00e9 d\u00e9clench\u00e9, comme le demande la mairie.<\/li>\n<li class=\"jsx-862013697 ArticleChapo__List_Item flex\">Les \u00e9lus pressent l&rsquo;\u00c9tat de l&rsquo;activer, pour lib\u00e9rer des places d&rsquo;h\u00e9bergement et multiplier les maraudes.<\/li>\n<\/ul>\n<p><a href=\"https:\/\/www.tf1info.fr\/emissions\/tf1\/le-13h-10927\/\" rel=\"noopener\" class=\"jsx-484472199 Link jsx-1428418400 jsx-640816507\" target=\"_blank\"><\/p>\n<p style=\"font-weight:400\" class=\"jsx-1837267516\">Suivez la couverture compl\u00e8te<\/p>\n<p style=\"font-weight:800\" class=\"jsx-1837267516\">Le 13H<\/p>\n<p><\/a><\/p>\n<p data-module=\"article-paragraph\" class=\"jsx-157965717 Paragraph Paragraph__End\">La f\u00e9\u00e9rie du march\u00e9 de No\u00ebl de l&rsquo;h\u00f4tel de ville de Paris se heurte au d\u00e9sespoir des <a href=\"https:\/\/www.tf1info.fr\/societe\/le-but-c-est-de-passer-incognito-a-l-aeroport-de-roissy-charles-de-gaulle-ces-sdf-se-fondent-dans-le-decor-au-milieu-des-voyageurs-2414179.html\" target=\"_blank\" rel=\"noopener\">familles de sans-abris<\/a> qui se rassemblent sur le parvis. Comme celle d&rsquo;Orgil, un petit gar\u00e7on de 11 ans qui craint \u00e0 nouveau de passer la nuit dans la rue par des temp\u00e9ratures n\u00e9gatives. \u00ab\u00a0J&rsquo;ai un manteau, deux pantalons et un t-shirt\u00a0\u00bb, raconte-t-il dans le reportage du 13H ci-dessus. \u00ab\u00a0Quand on dormait dehors, il a fait trop froid et ma soeur est [tomb\u00e9e] malade\u00a0\u00bb, se souvient-il. Des dizaines de familles patientent ici, dans l&rsquo;attente d&rsquo;une place d&rsquo;h\u00e9bergement d&rsquo;urgence. \u00ab\u00a0Il fait tr\u00e8s froid, c&rsquo;est difficile. On a appel\u00e9 le 115, mais ils ne r\u00e9pondent pas. Et quand ils d\u00e9crochent, ils nous disent qu&rsquo;ils n&rsquo;ont pas de place\u00a0\u00bb, t\u00e9moigne une dame. .\u00a0<\/p>\n<p>R\u00e9seau d&rsquo;accueil<\/p>\n<p data-module=\"article-paragraph\" class=\"jsx-157965717 Paragraph Paragraph__End\">Leur seul espoir pour trouver un toit pour ce soir, c&rsquo;est cette association, fond\u00e9e en 2015 pour venir en aide aux migrants. \u00ab\u00a0Si jamais, que ce soit ce soir ou d&rsquo;autres soirs, vous n&rsquo;avez pas de solution, on est l\u00e0 tous les jours \u00e0 partir de 18h\u00a0\u00bb, explique Luc Vigier, coordinateur de l&rsquo;association humanitaire Utopia 56. Les b\u00e9n\u00e9voles enregistrent les b\u00e9n\u00e9ficiaires et assurent la r\u00e9partition en fonction des places disponibles dans le r\u00e9seau mis en place par l&rsquo;association, dans des bureaux, ou chez des particuliers. \u00ab\u00a0Cette famille va dans une \u00e9glise dans le 17\u00e8me\u00a0\u00bb, explique Julie, une b\u00e9n\u00e9vole, \u00ab\u00a0c&rsquo;est une salle qui est attribu\u00e9e et qui est maintenue par les paroissiens.\u00a0\u00bb\u00a0<\/p>\n<blockquote class=\"jsx-2786790838 Quote__Text\"><p>On essaie d&rsquo;accueillir le mieux qu&rsquo;on peut avec les moyens qu&rsquo;on a.<\/p><\/blockquote>\n<p>Luc Vigier, coordinateur de l&rsquo;association humanitaire Utopia 56<\/p>\n<p data-module=\"article-paragraph\" class=\"jsx-157965717 Paragraph Paragraph__End\">Il est presque 21h. \u00c9puis\u00e9es, les derni\u00e8res familles arrivent dans un centre d&rsquo;h\u00e9bergement en banlieue o\u00f9 elles peuvent enfin se r\u00e9chauffer. \u00ab\u00a0On essaie d&rsquo;accueillir le mieux qu&rsquo;on peut avec les moyens qu&rsquo;on a. On a notamment des sanitaires. On essaie aussi de mettre \u00e0 disposition des boissons chaudes. Le matin, on propose un petit d\u00e9jeuner\u00a0\u00bb, d\u00e9taille Luc Vigier.\u00a0<\/p>\n<p><a href=\"https:\/\/www.tf1info.fr\/societe\/le-but-c-est-de-passer-incognito-a-l-aeroport-de-roissy-charles-de-gaulle-ces-sdf-se-fondent-dans-le-decor-au-milieu-des-voyageurs-2414179.html\" rel=\"noopener\" class=\"jsx-3308031228 Link flex\" target=\"_blank\"><img decoding=\"async\" src=\"https:\/\/www.europesays.com\/fr\/wp-content\/uploads\/2025\/12\/sdf-roissy-dimitri-941121-0@1x.jpeg\" alt=\"Capture TF1\" loading=\"lazy\" importance=\"low\" fetchpriority=\"low\" class=\"\" aria-hidden=\"true\"\/><\/p>\n<p class=\"jsx-3657663356 ReadMoreArticle__Title\">Lire aussi<\/p>\n<p class=\"jsx-3657663356\">\u00ab\u00a0Le but, c&rsquo;est de passer incognito\u00a0\u00bb : la vie cach\u00e9e des sans-abri de Roissy<\/p>\n<p><\/a><\/p>\n<p data-module=\"article-paragraph\" class=\"jsx-157965717 Paragraph\">Le plan Grand Froid, d\u00e9j\u00e0 activ\u00e9 par plusieurs pr\u00e9fectures, ne l&rsquo;est toujours pas en Ile-de-France, la r\u00e9gion n&rsquo;\u00e9tant pas plac\u00e9e en vigilance jaune \u00ab\u00a0Grand Froid\u00a0\u00bb, par M\u00e9t\u00e9o-France. <a href=\"https:\/\/www.tf1info.fr\/meteo\/meteo-la-mairie-de-paris-appelle-l-etat-a-declencher-le-plan-grand-froid-en-ile-de-france-2415122.html\" target=\"_blank\" rel=\"noopener\">La mairie de Paris le r\u00e9clame<\/a>, tout comme la D\u00e9fenseure des enfants de la ville, Dominique Versini. \u00ab\u00a0C&rsquo;est tr\u00e8s important, parce que \u00e7a permet d&rsquo;ouvrir des centres d&rsquo;h\u00e9bergement que l&rsquo;Etat a en r\u00e9serve. C&rsquo;est assez facile de comprendre que lorsqu&rsquo;il s&rsquo;agit de femmes enceintes, de familles avec des enfants tr\u00e8s jeunes, c&rsquo;est une priorit\u00e9 absolue\u00a0\u00bb, estime-t-elle.\u00a0<\/p>\n<p data-module=\"article-paragraph\" class=\"jsx-157965717 Paragraph Paragraph__End\">La pr\u00e9fecture de r\u00e9gion assure pourtant que pr\u00e8s de 17.000 places sont ouvertes chaque nuit, en ce moment \u00e0 Paris, pour accueillir les plus vuln\u00e9rables.<\/p>\n<p>La r\u00e9daction de TF1info | Reportage : C. PHILIPPE, C. LEFETEY<\/p>\n","protected":false},"excerpt":{"rendered":"Dans les grandes villes, pour les plus d\u00e9munis, cette vague de froid repr\u00e9sente un danger. \u00c0 Paris, le&hellip;\n","protected":false},"author":2,"featured_media":625533,"comment_status":"","ping_status":"","sticky":false,"template":"","format":"standard","meta":{"footnotes":""},"categories":[1888],"tags":[1111,11,1921,4734,1777,674,1011,27,1922,5008,11007,12,626,11008,73314,25,133,11009],"class_list":{"0":"post-625532","1":"post","2":"type-post","3":"status-publish","4":"format-standard","5":"has-post-thumbnail","7":"category-paris","8":"tag-actu","9":"tag-actualites","10":"tag-article-video","11":"tag-changement-climatique","12":"tag-eu","13":"tag-europe","14":"tag-fr","15":"tag-france","16":"tag-info","17":"tag-le-13h","18":"tag-meteo-quotidienne","19":"tag-news","20":"tag-paris","21":"tag-phenomenes-meteo","22":"tag-plan-grand-froid","23":"tag-republique-francaise","24":"tag-video","25":"tag-video-meteo-et-intemperies"},"share_on_mastodon":{"url":"https:\/\/pubeurope.com\/@fr\/115792569153573181","error":""},"_links":{"self":[{"href":"https:\/\/www.europesays.com\/fr\/wp-json\/wp\/v2\/posts\/625532","targetHints":{"allow":["GET"]}}],"collection":[{"href":"https:\/\/www.europesays.com\/fr\/wp-json\/wp\/v2\/posts"}],"about":[{"href":"https:\/\/www.europesays.com\/fr\/wp-json\/wp\/v2\/types\/post"}],"author":[{"embeddable":true,"href":"https:\/\/www.europesays.com\/fr\/wp-json\/wp\/v2\/users\/2"}],"replies":[{"embeddable":true,"href":"https:\/\/www.europesays.com\/fr\/wp-json\/wp\/v2\/comments?post=625532"}],"version-history":[{"count":0,"href":"https:\/\/www.europesays.com\/fr\/wp-json\/wp\/v2\/posts\/625532\/revisions"}],"wp:featuredmedia":[{"embeddable":true,"href":"https:\/\/www.europesays.com\/fr\/wp-json\/wp\/v2\/media\/625533"}],"wp:attachment":[{"href":"https:\/\/www.europesays.com\/fr\/wp-json\/wp\/v2\/media?parent=625532"}],"wp:term":[{"taxonomy":"category","embeddable":true,"href":"https:\/\/www.europesays.com\/fr\/wp-json\/wp\/v2\/categories?post=625532"},{"taxonomy":"post_tag","embeddable":true,"href":"https:\/\/www.europesays.com\/fr\/wp-json\/wp\/v2\/tags?post=625532"}],"curies":[{"name":"wp","href":"https:\/\/api.w.org\/{rel}","templated":true}]}}