{"id":625540,"date":"2025-12-27T16:57:13","date_gmt":"2025-12-27T16:57:13","guid":{"rendered":"https:\/\/www.europesays.com\/fr\/625540\/"},"modified":"2025-12-27T16:57:13","modified_gmt":"2025-12-27T16:57:13","slug":"le-royaume-uni-lance-une-formation-remuneree-pour-attirer-des-jeunes-dans-larmee","status":"publish","type":"post","link":"https:\/\/www.europesays.com\/fr\/625540\/","title":{"rendered":"Le Royaume-Uni lance une formation r\u00e9mun\u00e9r\u00e9e pour attirer des jeunes dans l&rsquo;arm\u00e9e"},"content":{"rendered":"<p>\n    Les personnes de moins de 25 ans pourront suivre une formation r\u00e9mun\u00e9r\u00e9e d\u2019un an. Le minist\u00e8re de la D\u00e9fense esp\u00e8re attirer ainsi davantage de jeunes dans l\u2019arm\u00e9e.<\/p>\n<p class=\"fig-paragraph\">Les\u00a0<a href=\"http:\/\/www.lefigaro.fr\/international\/royaume-uni-face-aux-menaces-croissantes-russes-le-chef-d-etat-major-des-armees-appelle-a-la-resilience-nationale-20251215\" data-fig-type=\"NewsFlash\" data-gtm-custom-categorie=\"navigation\" data-gtm-custom-action=\"crossclick\" data-gtm-custom-label=\"Contextuel\" data-gtm-event=\"customEventSPE\" data-fig-domain=\"LEFIGARO\" target=\"_blank\" rel=\"noopener\">forces arm\u00e9es britanniques<\/a>\u00a0vont lancer en mars un programme permettant \u00e0 des personnes de moins de 25 ans de suivre une formation r\u00e9mun\u00e9r\u00e9e d&rsquo;un an dans leurs rangs, a annonc\u00e9 samedi le\u00a0<a href=\"http:\/\/www.lefigaro.fr\/international\/royaume-uni-le-ministere-de-la-defense-annonce-la-mise-en-service-de-son-arme-laser-antimissiles-d-ici-2027-20251121\" data-fig-type=\"NewsFlash\" data-gtm-custom-categorie=\"navigation\" data-gtm-custom-action=\"crossclick\" data-gtm-custom-label=\"Contextuel\" data-gtm-event=\"customEventSPE\" data-fig-domain=\"LEFIGARO\" target=\"_blank\" rel=\"noopener\">minist\u00e8re de la D\u00e9fense<\/a>, qui esp\u00e8re attirer davantage de jeunes dans l&rsquo;arm\u00e9e.<\/p>\n<p class=\"fig-paragraph\">Ce programme pilote concernera dans un premier temps 150 personnes mais le gouvernement esp\u00e8re, \u00ab\u00e0 terme\u00bb, l&rsquo;\u00e9tendre pour offrir plus de 1000 places. Il s&rsquo;inscrit dans \u00abnotre volont\u00e9 de reconnecter la soci\u00e9t\u00e9 et nos forces arm\u00e9es\u00bb, a d\u00e9clar\u00e9 le ministre de la D\u00e9fense\u00a0<a href=\"http:\/\/www.lefigaro.fr\/international\/le-ministre-de-la-defense-du-royaume-uni-john-healey-au-figaro-la-menace-russe-ne-se-limite-pas-a-l-ukraine-20250312\" data-fig-type=\"Article\" data-gtm-custom-categorie=\"navigation\" data-gtm-custom-action=\"crossclick\" data-gtm-custom-label=\"Contextuel\" data-gtm-event=\"customEventSPE\" data-fig-domain=\"LEFIGARO\" target=\"_blank\" rel=\"noopener\">John Healey<\/a>, cit\u00e9 dans un communiqu\u00e9.<\/p>\n<p>                                            <a class=\"fig-a11y-skip\" href=\"#fig-a11y-skip-main-inarticle\" data-module=\"a11y-skip\" data-context=\"was @visible\"><br \/>\n    Passer la publicit\u00e9<br \/>\n<\/a>            <\/p>\n<p class=\"fig-paragraph\">Alors que le service militaire n&rsquo;existe plus au Royaume-Uni depuis 1960, le chef d&rsquo;\u00e9tat-major des arm\u00e9es britanniques Richard Knighton a pr\u00e9venu le 15 d\u00e9cembre que \u00abdavantage de personnes\u00bb devaient \u00eatre \u00abpr\u00eates \u00e0 se battre\u00bb, face \u00e0 la\u00a0<a href=\"http:\/\/www.lefigaro.fr\/international\/face-aux-menaces-montantes-le-royaume-uni-entend-etre-pret-pour-la-guerre-20250602\" data-fig-type=\"Article\" data-gtm-custom-categorie=\"navigation\" data-gtm-custom-action=\"crossclick\" data-gtm-custom-label=\"Contextuel\" data-gtm-event=\"customEventSPE\" data-fig-domain=\"LEFIGARO\" target=\"_blank\" rel=\"noopener\">mont\u00e9e des menaces<\/a>, en particulier de la Russie. \u00abC&rsquo;est une nouvelle \u00e8re dans la d\u00e9fense\u00bb, a soulign\u00e9 John Healey dans le communiqu\u00e9.<\/p>\n<p class=\"fig-paragraph\">Dans le cadre du nouveau programme, des jeunes recevront une formation au sein des arm\u00e9es de terre, de l&rsquo;air ou de la marine. Le gouvernement n&rsquo;a pas pr\u00e9cis\u00e9 le montant de la r\u00e9mun\u00e9ration qu&rsquo;ils recevront. Le programme \u00abpermettra aux jeunes Britanniques de d\u00e9couvrir les comp\u00e9tences et les formations incroyables propos\u00e9es\u00bb par l&rsquo;arm\u00e9e, s&rsquo;est f\u00e9licit\u00e9 John Healey. Les comp\u00e9tences acquises les aideront \u00e0 \u00abr\u00e9ussir aussi bien dans une carri\u00e8re militaire que civile\u00bb, selon le communiqu\u00e9. \u00c0 l\u2019issue de la formation, ils pourront d\u00e9cider de rester ou non dans l&rsquo;arm\u00e9e.<\/p>\n<p class=\"fig-paragraph\">Ce programme est pr\u00e9sent\u00e9 alors que le d\u00e9bat sur le\u00a0<a href=\"http:\/\/www.lefigaro.fr\/actualite-france\/nouveau-service-militaire-retrouvez-l-integralite-du-discours-d-emmanuel-macron-20251127\" data-fig-type=\"NewsFlash\" data-gtm-custom-categorie=\"navigation\" data-gtm-custom-action=\"crossclick\" data-gtm-custom-label=\"Contextuel\" data-gtm-event=\"customEventSPE\" data-fig-domain=\"LEFIGARO\" target=\"_blank\" rel=\"noopener\">service militaire<\/a>\u00a0monte dans plusieurs pays europ\u00e9ens. Le pr\u00e9sident fran\u00e7ais Emmanuel Macron a annonc\u00e9 fin novembre qu&rsquo;il ressuscitait un\u00a0<a href=\"https:\/\/www.lefigaro.fr\/international\/dossier\/service-militaire-volontaire-tout-comprendre-au-nouveau-dispositif-annonce-par-emmanuel-macron\" target=\"_blank\" data-fig-type=\"Topic\" rel=\"sponsored noopener\" data-gtm-custom-categorie=\"navigation\" data-gtm-custom-action=\"crossclick\" data-gtm-custom-label=\"Contextuel\" data-gtm-event=\"customEventSPE\" data-fig-domain=\"LEFIGARO\">\u00abservice national\u00bb\u00a0<\/a>de dix mois pour les jeunes majeurs, qui sera \u00abpurement militaire\u00bb et volontaire, cens\u00e9 \u00abr\u00e9pondre aux besoins des arm\u00e9es\u00bb face aux menaces russes et aux risques accrus de conflit. L&rsquo;<a href=\"http:\/\/www.lefigaro.fr\/international\/allemagne-accord-trouve-pour-un-service-militaire-volontaire-afin-de-renforcer-l-armee-20251113\" data-fig-type=\"NewsFlash\" data-gtm-custom-categorie=\"navigation\" data-gtm-custom-action=\"crossclick\" data-gtm-custom-label=\"Contextuel\" data-gtm-event=\"customEventSPE\" data-fig-domain=\"LEFIGARO\" target=\"_blank\" rel=\"noopener\">Allemagne<\/a>\u00a0a r\u00e9introduit un service militaire d&rsquo;au moins six mois bas\u00e9 sur le volontariat pour les hommes et femmes de 18 ans.<\/p>\n","protected":false},"excerpt":{"rendered":"Les personnes de moins de 25 ans pourront suivre une formation r\u00e9mun\u00e9r\u00e9e d\u2019un an. Le minist\u00e8re de la&hellip;\n","protected":false},"author":2,"featured_media":625541,"comment_status":"","ping_status":"","sticky":false,"template":"","format":"standard","meta":{"footnotes":""},"categories":[1588],"tags":[11,1813,1777,674,12,473,1853,29810,1851,1850,1852],"class_list":{"0":"post-625540","1":"post","2":"type-post","3":"status-publish","4":"format-standard","5":"has-post-thumbnail","7":"category-royaume-uni","8":"tag-actualites","9":"tag-armee","10":"tag-eu","11":"tag-europe","12":"tag-news","13":"tag-royaume-uni","14":"tag-royaume-uni-de-grande-bretagne-et-dirlande-du-nord","15":"tag-service-militaire","16":"tag-uk","17":"tag-united-kingdom","18":"tag-united-kingdom-of-great-britain-and-northern-ireland"},"share_on_mastodon":{"url":"https:\/\/pubeurope.com\/@fr\/115792592573653984","error":""},"_links":{"self":[{"href":"https:\/\/www.europesays.com\/fr\/wp-json\/wp\/v2\/posts\/625540","targetHints":{"allow":["GET"]}}],"collection":[{"href":"https:\/\/www.europesays.com\/fr\/wp-json\/wp\/v2\/posts"}],"about":[{"href":"https:\/\/www.europesays.com\/fr\/wp-json\/wp\/v2\/types\/post"}],"author":[{"embeddable":true,"href":"https:\/\/www.europesays.com\/fr\/wp-json\/wp\/v2\/users\/2"}],"replies":[{"embeddable":true,"href":"https:\/\/www.europesays.com\/fr\/wp-json\/wp\/v2\/comments?post=625540"}],"version-history":[{"count":0,"href":"https:\/\/www.europesays.com\/fr\/wp-json\/wp\/v2\/posts\/625540\/revisions"}],"wp:featuredmedia":[{"embeddable":true,"href":"https:\/\/www.europesays.com\/fr\/wp-json\/wp\/v2\/media\/625541"}],"wp:attachment":[{"href":"https:\/\/www.europesays.com\/fr\/wp-json\/wp\/v2\/media?parent=625540"}],"wp:term":[{"taxonomy":"category","embeddable":true,"href":"https:\/\/www.europesays.com\/fr\/wp-json\/wp\/v2\/categories?post=625540"},{"taxonomy":"post_tag","embeddable":true,"href":"https:\/\/www.europesays.com\/fr\/wp-json\/wp\/v2\/tags?post=625540"}],"curies":[{"name":"wp","href":"https:\/\/api.w.org\/{rel}","templated":true}]}}