{"id":625542,"date":"2025-12-27T16:58:15","date_gmt":"2025-12-27T16:58:15","guid":{"rendered":"https:\/\/www.europesays.com\/fr\/625542\/"},"modified":"2025-12-27T16:58:15","modified_gmt":"2025-12-27T16:58:15","slug":"tensions-autour-de-lavion-de-combat-du-futur-lillustration-des-difficultes-de-concretiser-leurope-de-la-defense","status":"publish","type":"post","link":"https:\/\/www.europesays.com\/fr\/625542\/","title":{"rendered":"Tensions autour de l\u2019avion de combat du futur, l\u2019illustration des difficult\u00e9s de concr\u00e9tiser l\u2019Europe de la d\u00e9fense"},"content":{"rendered":"<p>Il y a les discours volontaristes, puis leur mise en \u0153uvre. Apr\u00e8s l\u2019invasion de l\u2019Ukraine par la Russie, l\u2019Europe a pris conscience de sa vuln\u00e9rabilit\u00e9 et de sa d\u00e9pendance aux Etats-Unis en mati\u00e8re de d\u00e9fense. Un retour \u00e0 la r\u00e9alit\u00e9 devenu plus abrupt encore avec le retour au pouvoir de Donald Trump et ses charges contre ses alli\u00e9s de l\u2019OTAN. La France et l\u2019Allemagne se sont positionn\u00e9es en t\u00eate de la mise en place d\u2019une r\u00e9elle Europe de la d\u00e9fense. Mais les tensions qui entourent actuellement le programme du Syst\u00e8me de combat a\u00e9rien du futur (SCAF) illustrent la difficult\u00e9 de concr\u00e9tiser ces positions au sein de l\u2019Union europ\u00e9enne face aux int\u00e9r\u00eats nationaux.<\/p>\n<p>Le projet, destin\u00e9 \u00e0 offrir des solutions de d\u00e9fense a\u00e9rienne de pointe, est n\u00e9 en 2017, d\u2019une entente entre Emmanuel Macron et Angela Merkel pour le d\u00e9veloppement de diff\u00e9rents syst\u00e8mes d\u2019armement en commun. Au d\u00e9part pays observateur, l\u2019Espagne prend une part active au programme \u00e0 partir de 2019. Et en 2023, la Belgique rejoint le programme SCAF, en tant qu\u2019observateur. Dans son orientation actuelle, il doit permettre d\u2019assurer la rel\u00e8ve du Rafale fran\u00e7ais et de l\u2019Eurofighter Typhoon.<\/p>\n","protected":false},"excerpt":{"rendered":"Il y a les discours volontaristes, puis leur mise en \u0153uvre. Apr\u00e8s l\u2019invasion de l\u2019Ukraine par la Russie,&hellip;\n","protected":false},"author":2,"featured_media":625543,"comment_status":"","ping_status":"","sticky":false,"template":"","format":"standard","meta":{"footnotes":""},"categories":[1587],"tags":[11,672,1804,1805,1803,1777,674,1801,74,12,301,1802],"class_list":{"0":"post-625542","1":"post","2":"type-post","3":"status-publish","4":"format-standard","5":"has-post-thumbnail","7":"category-allemagne","8":"tag-actualites","9":"tag-allemagne","10":"tag-bundesrepublik-deutschland","11":"tag-de","12":"tag-deutschland","13":"tag-eu","14":"tag-europe","15":"tag-germany","16":"tag-monde","17":"tag-news","18":"tag-premium","19":"tag-republique-federale-dallemagne"},"share_on_mastodon":{"url":"https:\/\/pubeurope.com\/@fr\/115792596559444015","error":""},"_links":{"self":[{"href":"https:\/\/www.europesays.com\/fr\/wp-json\/wp\/v2\/posts\/625542","targetHints":{"allow":["GET"]}}],"collection":[{"href":"https:\/\/www.europesays.com\/fr\/wp-json\/wp\/v2\/posts"}],"about":[{"href":"https:\/\/www.europesays.com\/fr\/wp-json\/wp\/v2\/types\/post"}],"author":[{"embeddable":true,"href":"https:\/\/www.europesays.com\/fr\/wp-json\/wp\/v2\/users\/2"}],"replies":[{"embeddable":true,"href":"https:\/\/www.europesays.com\/fr\/wp-json\/wp\/v2\/comments?post=625542"}],"version-history":[{"count":0,"href":"https:\/\/www.europesays.com\/fr\/wp-json\/wp\/v2\/posts\/625542\/revisions"}],"wp:featuredmedia":[{"embeddable":true,"href":"https:\/\/www.europesays.com\/fr\/wp-json\/wp\/v2\/media\/625543"}],"wp:attachment":[{"href":"https:\/\/www.europesays.com\/fr\/wp-json\/wp\/v2\/media?parent=625542"}],"wp:term":[{"taxonomy":"category","embeddable":true,"href":"https:\/\/www.europesays.com\/fr\/wp-json\/wp\/v2\/categories?post=625542"},{"taxonomy":"post_tag","embeddable":true,"href":"https:\/\/www.europesays.com\/fr\/wp-json\/wp\/v2\/tags?post=625542"}],"curies":[{"name":"wp","href":"https:\/\/api.w.org\/{rel}","templated":true}]}}