{"id":625547,"date":"2025-12-27T17:03:20","date_gmt":"2025-12-27T17:03:20","guid":{"rendered":"https:\/\/www.europesays.com\/fr\/625547\/"},"modified":"2025-12-27T17:03:20","modified_gmt":"2025-12-27T17:03:20","slug":"la-nouvelle-monoplace-mclaren-pour-la-saison-2026-de-f1-a-ete-vendue-95-millions-deuros-dans-une-vente-aux-encheres-lequipe","status":"publish","type":"post","link":"https:\/\/www.europesays.com\/fr\/625547\/","title":{"rendered":"La nouvelle monoplace McLaren pour la saison 2026 de F1 a \u00e9t\u00e9 vendue 9,5 millions d&#039;euros dans une vente aux ench\u00e8res &#8211; L&#039;\u00c9quipe"},"content":{"rendered":"<ol>\n<li><a href=\"https:\/\/news.google.com\/rss\/articles\/CBMi_gFBVV95cUxPQU5DZFhuTy1rNVZKY2ZiSlpmRk9OU3d2Mkx0UExxNDd0MGNCd3E3V1pDRFJQZ25HdEVWWHVLZHJmYm9KQV9ncnhDb3YzX0lYaW1pNFRvbFh2M3pjRjYzZ3RhOFZHQkRrLUxHQ0dsOHlaVmk4S3dDNE1YZHJGQVdodEV4dUJUeFFWajIwVTNCX1pGNFFuX3BDaWsxY0F5NERLRXNySnNTWS03T1cxa3hWYVR2MFZkUXEwOHYxdEhhN08xVzZQU0ZIcWFSUlBCaWUtRGgtZXpEV3ZNTmZsQW5SOXQ5QnQtWXp1ZkxRRmV6bXo5d0liWWNhM3BMY3c4dw?oc=5\" target=\"_blank\" rel=\"noopener\">La nouvelle monoplace McLaren pour la saison 2026 de F1 a \u00e9t\u00e9 vendue 9,5 millions d&rsquo;euros dans une vente aux ench\u00e8res<\/a>&nbsp;&nbsp;L&rsquo;\u00c9quipe<\/li>\n<li><a href=\"https:\/\/news.google.com\/rss\/articles\/CBMigwFBVV95cUxOdDVMRExxaGswUV9HY3NVMzM3aXltN3JNeWxUS3lJNUxuMTFqblUySzBEQnhvMWFFZVFLRGZJWlZBd09hQ0dqRW9HMUN2andUWU02dWtsQlB0d2xOY0Y2aDlwSnIzaWpxS2Z3VzZLUUZ1UVdxMnAydDJ3LVVZRE43VEhlNA?oc=5\" target=\"_blank\" rel=\"noopener\">La McLaren 2026, d\u00e9j\u00e0 une folie<\/a>&nbsp;&nbsp;Sports.fr<\/li>\n<li><a href=\"https:\/\/news.google.com\/rss\/articles\/CBMi1gFBVV95cUxQRGt2Wjl5NS1mQW5OWDNHZnQwUGE5bTZXaHY2aGtnN01nUTU2d1U2dTcwX2I4UXlKSXJNRGRBYVNXZjRWN3owUHVIQWNvV1JEX3Z3bTU5V1Y5Qml4OURlTWJIeVJfNXdtbXduZ1RpYXg2cWUyQkE3QVZFMWN5S3c3aXJYRmcwYVgxME5tRlI4UUFCa190cTVfbzdjdnhLU2Rla2JvSjdtanNOTHJmTW9iS1NYelhJeWstOUhZcUh0UV9vQUNwRkJoSGo1a0I0UUl0VUR2SW5B?oc=5\" target=\"_blank\" rel=\"noopener\">McLaren : une monoplace de &#8230; 2026 vendue pour une somme astronomique, avec une premi\u00e8re mondiale !<\/a>&nbsp;&nbsp;Sports Auto Moto<\/li>\n<li><a href=\"https:\/\/news.google.com\/rss\/articles\/CBMihwFBVV95cUxOSnFWcEFsZmdiVW5iTW9VMzhyalN5N21ES01kQU41MnNKTDZSSmtzYno1RE1lLVB6VlZtVmYxODdKLTROLWFGWUg3ci1ucDl0bzFsQ085MFRZWkNzZWt5ZzQ3ZTlWWVRyb3BieUFQTFc0MWs4WTJUQW9wckN3S0NMTGpUNDdMZzA?oc=5\" target=\"_blank\" rel=\"noopener\">Avant m\u00eame de rouler, la McLaren 2026 affole les ench\u00e8res<\/a>&nbsp;&nbsp;F1ACTU<\/li>\n<\/ol>\n","protected":false},"excerpt":{"rendered":"La nouvelle monoplace McLaren pour la saison 2026 de F1 a \u00e9t\u00e9 vendue 9,5 millions d&rsquo;euros dans une&hellip;\n","protected":false},"author":2,"featured_media":395849,"comment_status":"","ping_status":"","sticky":false,"template":"","format":"standard","meta":{"footnotes":""},"categories":[2],"tags":[11,1011,27,12,25],"class_list":{"0":"post-625547","1":"post","2":"type-post","3":"status-publish","4":"format-standard","5":"has-post-thumbnail","7":"category-actualites","8":"tag-actualites","9":"tag-fr","10":"tag-france","11":"tag-news","12":"tag-republique-francaise"},"share_on_mastodon":{"url":"https:\/\/pubeurope.com\/@fr\/115792616049017562","error":""},"_links":{"self":[{"href":"https:\/\/www.europesays.com\/fr\/wp-json\/wp\/v2\/posts\/625547","targetHints":{"allow":["GET"]}}],"collection":[{"href":"https:\/\/www.europesays.com\/fr\/wp-json\/wp\/v2\/posts"}],"about":[{"href":"https:\/\/www.europesays.com\/fr\/wp-json\/wp\/v2\/types\/post"}],"author":[{"embeddable":true,"href":"https:\/\/www.europesays.com\/fr\/wp-json\/wp\/v2\/users\/2"}],"replies":[{"embeddable":true,"href":"https:\/\/www.europesays.com\/fr\/wp-json\/wp\/v2\/comments?post=625547"}],"version-history":[{"count":0,"href":"https:\/\/www.europesays.com\/fr\/wp-json\/wp\/v2\/posts\/625547\/revisions"}],"wp:featuredmedia":[{"embeddable":true,"href":"https:\/\/www.europesays.com\/fr\/wp-json\/wp\/v2\/media\/395849"}],"wp:attachment":[{"href":"https:\/\/www.europesays.com\/fr\/wp-json\/wp\/v2\/media?parent=625547"}],"wp:term":[{"taxonomy":"category","embeddable":true,"href":"https:\/\/www.europesays.com\/fr\/wp-json\/wp\/v2\/categories?post=625547"},{"taxonomy":"post_tag","embeddable":true,"href":"https:\/\/www.europesays.com\/fr\/wp-json\/wp\/v2\/tags?post=625547"}],"curies":[{"name":"wp","href":"https:\/\/api.w.org\/{rel}","templated":true}]}}