{"id":625552,"date":"2025-12-27T17:09:14","date_gmt":"2025-12-27T17:09:14","guid":{"rendered":"https:\/\/www.europesays.com\/fr\/625552\/"},"modified":"2025-12-27T17:09:14","modified_gmt":"2025-12-27T17:09:14","slug":"willis-a-un-plat-favori-pour-les-fetes-langlais-sest-bien-adapte-au-sud-ouest","status":"publish","type":"post","link":"https:\/\/www.europesays.com\/fr\/625552\/","title":{"rendered":"Willis a un plat favori pour les f\u00eates, l\u2019Anglais s\u2019est bien adapt\u00e9 au Sud-Ouest"},"content":{"rendered":"<p>Il est sans aucun doute l\u2019Anglais pr\u00e9f\u00e9r\u00e9 des Fran\u00e7ais, du moins des amoureux du rugby. Si la rivalit\u00e9 avec le XV de la Rose reste exacerb\u00e9e, tous les suiveurs du Top 14 sont tomb\u00e9s sous le charme de Jack Willis. D\u2019une grande humilit\u00e9 et exceptionnel sur le terrain, le troisi\u00e8me-ligne s\u2019est impos\u00e9 comme un rouage essentiel du Stade Toulousain depuis son arriv\u00e9e en 2023. Sacr\u00e9 champion de France \u00e0 chaque saison, le flanker a eu la reconnaissance de ses pairs en \u00e9tant \u00e9lu meilleur joueur du championnat la saison pass\u00e9e.<\/p>\n<p>Il n\u2019y a pas que sur le terrain que Jack Willis s\u2019est acclimat\u00e9 \u00e0 la vie fran\u00e7aise. Dans une interview accord\u00e9e \u00e0 <a href=\"https:\/\/www.ladepeche.fr\/2025\/12\/25\/stade-toulousain-avant-darriver-a-toulouse-je-navais-jamais-goute-jack-willis-revele-son-plat-de-fete-prefere-13129590.php\" target=\"_blank\" rel=\"noopener\">La D\u00e9p\u00eache,<\/a> le troisi\u00e8me-ligne a \u00e9voqu\u00e9 ses go\u00fbts culinaires, notamment dans la perspective des f\u00eates de fin d\u2019ann\u00e9es. Alors que les joueurs ont pu b\u00e9n\u00e9ficier de quelques jours en famille avant de recevoir le Stade Rochelais, l\u2019Anglais a \u00e9voqu\u00e9 son amour pour\u2026le foie gras\u00a0!<\/p>\n<blockquote>\n<p>\u00ab\u00a0Ce\u00a0que je pr\u00e9f\u00e8re, je pense que c\u2019est une entr\u00e9e. Selon moi, il faut manger du foie gras. Parce qu\u2019avant, lorsque je vivais en Angleterre, je n\u2019avais\u00a0jamais go\u00fbt\u00e9. Je n\u2019avais\u00a0jamais mang\u00e9 \u00e7a. Et maintenant, j\u2019adore. J\u2019adore\u00a0! \u00c7a, c\u2019est un truc que j\u2019ai d\u00e9couvert depuis trois ans et\u00a0c\u2019est vraiment d\u00e9licieux.\u00a0\u00bb <\/p>\n<\/blockquote>\n<p>Le natif de Reading devra cependant se ma\u00eetriser et ne pas en abuser, car si Ugo Mola et son staff ont laiss\u00e9 quelques jours de cong\u00e9 \u00e0 leurs joueurs, ils attendent n\u00e9anmoins qu\u2019il n\u2019y ait pas d\u2019abus. Car dimanche, Toulouse accueille La\u00a0Rochelle au Stadium.<\/p>\n<p>Partagez cette info avec vos amis et vos proches en cliquant ici<br \/>Pour r\u00e9sumer<\/p>\n<p>Dans une interview accord\u00e9e \u00e0 La D\u00e9p\u00eache, Jack Willis a confi\u00e9 \u00eatre tomb\u00e9 amoureux d\u2019un plat depuis son arriv\u00e9e au Stade Toulousain. L\u2019Anglais a d\u00fb bien en profiter pendant les f\u00eates avant de d\u00e9fier le Stade Rochelais.<\/p>\n<p> <img decoding=\"async\" width=\"76\" height=\"76\" loading=\"lazy\" src=\"https:\/\/www.europesays.com\/fr\/wp-content\/uploads\/2025\/04\/avatar-quinze.png\" alt=\"Arnaud D\u00e9chelotte\"\/><\/p>\n","protected":false},"excerpt":{"rendered":"Il est sans aucun doute l\u2019Anglais pr\u00e9f\u00e9r\u00e9 des Fran\u00e7ais, du moins des amoureux du rugby. Si la rivalit\u00e9&hellip;\n","protected":false},"author":2,"featured_media":625553,"comment_status":"","ping_status":"","sticky":false,"template":"","format":"standard","meta":{"footnotes":""},"categories":[1416],"tags":[1011,27,479,1468,60,476,478],"class_list":{"0":"post-625552","1":"post","2":"type-post","3":"status-publish","4":"format-standard","5":"has-post-thumbnail","7":"category-rugby","8":"tag-fr","9":"tag-france","10":"tag-rugby","11":"tag-rugby-football","12":"tag-sports","13":"tag-stade-toulousain","14":"tag-top-14"},"share_on_mastodon":{"url":"https:\/\/pubeurope.com\/@fr\/115792641218014884","error":""},"_links":{"self":[{"href":"https:\/\/www.europesays.com\/fr\/wp-json\/wp\/v2\/posts\/625552","targetHints":{"allow":["GET"]}}],"collection":[{"href":"https:\/\/www.europesays.com\/fr\/wp-json\/wp\/v2\/posts"}],"about":[{"href":"https:\/\/www.europesays.com\/fr\/wp-json\/wp\/v2\/types\/post"}],"author":[{"embeddable":true,"href":"https:\/\/www.europesays.com\/fr\/wp-json\/wp\/v2\/users\/2"}],"replies":[{"embeddable":true,"href":"https:\/\/www.europesays.com\/fr\/wp-json\/wp\/v2\/comments?post=625552"}],"version-history":[{"count":0,"href":"https:\/\/www.europesays.com\/fr\/wp-json\/wp\/v2\/posts\/625552\/revisions"}],"wp:featuredmedia":[{"embeddable":true,"href":"https:\/\/www.europesays.com\/fr\/wp-json\/wp\/v2\/media\/625553"}],"wp:attachment":[{"href":"https:\/\/www.europesays.com\/fr\/wp-json\/wp\/v2\/media?parent=625552"}],"wp:term":[{"taxonomy":"category","embeddable":true,"href":"https:\/\/www.europesays.com\/fr\/wp-json\/wp\/v2\/categories?post=625552"},{"taxonomy":"post_tag","embeddable":true,"href":"https:\/\/www.europesays.com\/fr\/wp-json\/wp\/v2\/tags?post=625552"}],"curies":[{"name":"wp","href":"https:\/\/api.w.org\/{rel}","templated":true}]}}