{"id":625560,"date":"2025-12-27T17:16:11","date_gmt":"2025-12-27T17:16:11","guid":{"rendered":"https:\/\/www.europesays.com\/fr\/625560\/"},"modified":"2025-12-27T17:16:11","modified_gmt":"2025-12-27T17:16:11","slug":"jean-paul-rappeneau-est-le-kubrick-francais","status":"publish","type":"post","link":"https:\/\/www.europesays.com\/fr\/625560\/","title":{"rendered":"\u00abJean-Paul Rappeneau est le Kubrick fran\u00e7ais\u00bb"},"content":{"rendered":"<p>\n    <strong>CHRONIQUE &#8211;\u00a0<\/strong>Le cin\u00e9aste Jean-Paul Rappeneau r\u00e9alisait lentement des films rapides. Il publie Vive allure.<\/p>\n<p class=\"fig-paragraph\">Huit longs-m\u00e9trages en soixante ans\u00a0! Le cin\u00e9aste<a href=\"http:\/\/www.lefigaro.fr\/livres\/la-vie-de-jean-paul-rappeneau-des-pages-pleines-de-panache-20251109\" data-fig-type=\"Article\" data-gtm-custom-categorie=\"navigation\" data-gtm-custom-action=\"crossclick\" data-gtm-custom-label=\"Contextuel\" data-gtm-event=\"customEventSPE\" data-fig-domain=\"LEFIGARO\" target=\"_blank\" rel=\"noopener\">\u00a0Jean-Paul Rappeneau<\/a>\u00a0prenait son temps pour \u00e9crire, tourner et monter des films virevoltants\u00a0: La Vie de ch\u00e2teau (1966), Les Mari\u00e9s de l\u2019an II (1971), Le Sauvage (1975), Cyrano de Bergerac (1990)\u2026 S\u2019il faut retenir une chose de Vive allure, son recueil de souvenirs partag\u00e9s avec K\u00e9th\u00e9vane Davrichewy, c\u2019est que la l\u00e9g\u00e8ret\u00e9 exige un travail de maniaque. Rappeneau s\u2019est tr\u00e8s t\u00f4t arrach\u00e9 les cheveux, d\u2019o\u00f9 sa calvitie pr\u00e9coce. Il \u00e9voque dans ce livre ses influences\u00a0: Lubitsch \u00e9videmment, mais aussi Louis Jouvet et Citizen Kane. Certains ont peut-\u00eatre oubli\u00e9 qu\u2019avant de r\u00e9aliser lui-m\u00eame, Jean-Paul Rappeneau a co\u00e9crit Vie priv\u00e9e de Louis Malle (1962) et L\u2019Homme de Rio de Philippe de Broca (1964).<\/p>\n<p class=\"fig-paragraph\">Il fr\u00e9quentait la bande de la Nouvelle Vague sans en faire partie. \u00c0 93\u00a0ans, ce cr\u00e9ateur discret, timide et humble est sans doute le plus grand cin\u00e9aste fran\u00e7ais actuellement en vie, mais la critique snob lui a fait payer son absence de pr\u00e9tention\u2026<\/p>\n<p class=\"fig-premium-paywall__infos\">\n        Cet article est r\u00e9serv\u00e9 aux abonn\u00e9s.        Il vous reste 63% \u00e0 d\u00e9couvrir.\n    <\/p>\n<p>                <img  data- alt=\"Le Figaro\" class=\"fig-img--complete fig-img\"\/><\/p>\n<p class=\"fig-premium-paywall__title\">Vous avez envie de lire la suite ?<\/p>\n<p class=\"fig-premium-paywall__subtitle\">D\u00e9bloquez tous les articles imm\u00e9diatement.<\/p>\n<p class=\"fig-premium-paywall__connect\">\n                D\u00e9j\u00e0 abonn\u00e9\u00a0?                <a class=\"fig-premium-paywall__connect-link\" href=\"https:\/\/connect.lefigaro.fr\/login?client=horizon_web&amp;type=main&amp;redirect_uri=https%3A%2F%2Fwww.lefigaro.fr%2Fculture%2Ffrederic-beigbeder-jean-paul-rappeneau-est-le-kubrick-francais-20251227\" data-js-gtm=\"{&quot;customCategorie&quot;: &quot;conversion&quot;, &quot;customAction&quot;: &quot;before_Landing_Connexion_paywall_auto&quot;, &quot;customLabel&quot;: &quot;bGVmaWdhcm8uZnJfXzFmMGUwYjJmLTI0YzQtNjBhMC1iMjY3LTc5ZWY3Y2IyZDRiYl9fQXJ0aWNsZQ==_Fr\u00e9d\u00e9ric Beigbeder\u00a0: \u00abJean-Paul Rappeneau est le Kubrick fran\u00e7ais\u00bb_237&quot;, &quot;customIDSPE&quot;: &quot;bGVmaWdhcm8uZnJfXzFmMGUwYjJmLTI0YzQtNjBhMC1iMjY3LTc5ZWY3Y2IyZDRiYl9fQXJ0aWNsZQ==&quot;, &quot;event&quot;: &quot;customEventSPE&quot;}\" target=\"_blank\" rel=\"noopener\"><br \/>\n                    Connectez-vous<br \/>\n                <\/a>\n            <\/p>\n","protected":false},"excerpt":{"rendered":"CHRONIQUE &#8211;\u00a0Le cin\u00e9aste Jean-Paul Rappeneau r\u00e9alisait lentement des films rapides. Il publie Vive allure. Huit longs-m\u00e9trages en soixante&hellip;\n","protected":false},"author":2,"featured_media":625561,"comment_status":"","ping_status":"","sticky":false,"template":"","format":"standard","meta":{"footnotes":""},"categories":[1359],"tags":[58,59,1011,27,15382,973],"class_list":{"0":"post-625560","1":"post","2":"type-post","3":"status-publish","4":"format-standard","5":"has-post-thumbnail","7":"category-people","8":"tag-divertissement","9":"tag-entertainment","10":"tag-fr","11":"tag-france","12":"tag-frederic-beigbeder","13":"tag-people"},"share_on_mastodon":{"url":"https:\/\/pubeurope.com\/@fr\/115792667335595573","error":""},"_links":{"self":[{"href":"https:\/\/www.europesays.com\/fr\/wp-json\/wp\/v2\/posts\/625560","targetHints":{"allow":["GET"]}}],"collection":[{"href":"https:\/\/www.europesays.com\/fr\/wp-json\/wp\/v2\/posts"}],"about":[{"href":"https:\/\/www.europesays.com\/fr\/wp-json\/wp\/v2\/types\/post"}],"author":[{"embeddable":true,"href":"https:\/\/www.europesays.com\/fr\/wp-json\/wp\/v2\/users\/2"}],"replies":[{"embeddable":true,"href":"https:\/\/www.europesays.com\/fr\/wp-json\/wp\/v2\/comments?post=625560"}],"version-history":[{"count":0,"href":"https:\/\/www.europesays.com\/fr\/wp-json\/wp\/v2\/posts\/625560\/revisions"}],"wp:featuredmedia":[{"embeddable":true,"href":"https:\/\/www.europesays.com\/fr\/wp-json\/wp\/v2\/media\/625561"}],"wp:attachment":[{"href":"https:\/\/www.europesays.com\/fr\/wp-json\/wp\/v2\/media?parent=625560"}],"wp:term":[{"taxonomy":"category","embeddable":true,"href":"https:\/\/www.europesays.com\/fr\/wp-json\/wp\/v2\/categories?post=625560"},{"taxonomy":"post_tag","embeddable":true,"href":"https:\/\/www.europesays.com\/fr\/wp-json\/wp\/v2\/tags?post=625560"}],"curies":[{"name":"wp","href":"https:\/\/api.w.org\/{rel}","templated":true}]}}