{"id":625562,"date":"2025-12-27T17:17:13","date_gmt":"2025-12-27T17:17:13","guid":{"rendered":"https:\/\/www.europesays.com\/fr\/625562\/"},"modified":"2025-12-27T17:17:13","modified_gmt":"2025-12-27T17:17:13","slug":"le-sahara-algerien-figure-dans-le-classement-photo-2025-de-national-geographic","status":"publish","type":"post","link":"https:\/\/www.europesays.com\/fr\/625562\/","title":{"rendered":"Le Sahara alg\u00e9rien figure dans le classement photo 2025 de National Geographic"},"content":{"rendered":"<p>Le Sahara alg\u00e9rien figure dans la <a href=\"https:\/\/www.nationalgeographic.com\/travel\/article\/best-travel-photos-of-2025\" target=\"_blank\" rel=\"noopener\">s\u00e9lection annuelle des 15 photographies de voyage de National Geographic Traveller<\/a> pour l\u2019ann\u00e9e 2025. Parmi ces images, une photo prise dans le parc national de l\u2019Ahaggar attire l\u2019attention, illustrant l\u2019int\u00e9r\u00eat port\u00e9 \u00e0 cette r\u00e9gion dans les classements internationaux consacr\u00e9s aux paysages et au voyage.<\/p>\n<p><a href=\"https:\/\/www.instagram.com\/p\/DAEJMUhIgpA\/?utm_source=ig_web_button_share_sheet\" target=\"_blank\" rel=\"noopener\">La photo a \u00e9t\u00e9 r\u00e9alis\u00e9e par le photographe Marsel van Oosten<\/a> lors d\u2019une mission pour le magazine britannique. Elle montre une partie du d\u00e9sert dans le parc national de l\u2019Ahaggar. Le Sahara alg\u00e9rien rejoint ainsi d\u2019autres lieux photographi\u00e9s cette ann\u00e9e, notamment au Groenland, au Bhoutan, en \u00c9quateur ou en Islande.<\/p>\n<p>\u00ab\u00a0Apr\u00e8s 13 ans d\u2019efforts, j\u2019ai enfin r\u00e9ussi \u00e0 acc\u00e9der \u00e0 certaines des r\u00e9gions les plus recul\u00e9es du parc national de l\u2019Ahaggar en Alg\u00e9rie, apr\u00e8s une longue p\u00e9riode d\u2019instabilit\u00e9 politique. S\u2019\u00e9tendant sur 173 745 milles carr\u00e9s, le parc est domin\u00e9 par d\u2019immenses \u00e9tendues d\u00e9sertiques et des pinnacles imposants sculpt\u00e9s par le vent et le temps. L\u2019activit\u00e9 volcanique, le soul\u00e8vement tectonique et l\u2019alt\u00e9ration extr\u00eame ont \u00e9galement jou\u00e9 un r\u00f4le, fa\u00e7onnant l\u2019un des paysages d\u00e9sertiques les plus \u00e9tonnants et surr\u00e9alistes du Sahara. J\u2019\u00e9tais accompagn\u00e9 sur place par un guide touareg, que l\u2019on peut juste distinguer en train de marcher sur la cr\u00eate des dunes\u00a0\u00bb, raconte le photographe.<\/p>\n<p>Comme chaque ann\u00e9e, la s\u00e9lection du magazine accorde une place \u00e0 la dimension humaine et culturelle. Le Grand Prix 2025 a \u00e9t\u00e9 attribu\u00e9 \u00e0 une photo de Justin Cliffe au Vietnam, montrant \u00ab\u00a0une femme \u00e2g\u00e9e de la minorit\u00e9 Red Dao occup\u00e9e \u00e0 broder, sous le regard de son arri\u00e8re-petite-fille\u00a0\u00bb. D\u2019autres clich\u00e9s mettent en avant des paysages extr\u00eames, des sc\u00e8nes de vie urbaine ou culturelle, de l\u2019Islande au S\u00e9n\u00e9gal, en passant par Singapour et la France.<\/p>\n<p><script async src=\"\/\/www.instagram.com\/embed.js\"><\/script><\/p>\n","protected":false},"excerpt":{"rendered":"Le Sahara alg\u00e9rien figure dans la s\u00e9lection annuelle des 15 photographies de voyage de National Geographic Traveller pour&hellip;\n","protected":false},"author":2,"featured_media":625563,"comment_status":"","ping_status":"","sticky":false,"template":"","format":"standard","meta":{"footnotes":""},"categories":[1358],"tags":[15,1348,1384,1385,73480,1386,58,59,1011,27,73481,73482,73483],"class_list":{"0":"post-625562","1":"post","2":"type-post","3":"status-publish","4":"format-standard","5":"has-post-thumbnail","7":"category-arts-et-design","8":"tag-algerie","9":"tag-arts","10":"tag-arts-and-design","11":"tag-arts-et-design","12":"tag-classement-des-photographies-de-voyage","13":"tag-design","14":"tag-divertissement","15":"tag-entertainment","16":"tag-fr","17":"tag-france","18":"tag-national-geographic-traveller","19":"tag-parc-national-de-lahaggar","20":"tag-sahara-algerien"},"share_on_mastodon":{"url":"https:\/\/pubeurope.com\/@fr\/115792671066030894","error":""},"_links":{"self":[{"href":"https:\/\/www.europesays.com\/fr\/wp-json\/wp\/v2\/posts\/625562","targetHints":{"allow":["GET"]}}],"collection":[{"href":"https:\/\/www.europesays.com\/fr\/wp-json\/wp\/v2\/posts"}],"about":[{"href":"https:\/\/www.europesays.com\/fr\/wp-json\/wp\/v2\/types\/post"}],"author":[{"embeddable":true,"href":"https:\/\/www.europesays.com\/fr\/wp-json\/wp\/v2\/users\/2"}],"replies":[{"embeddable":true,"href":"https:\/\/www.europesays.com\/fr\/wp-json\/wp\/v2\/comments?post=625562"}],"version-history":[{"count":0,"href":"https:\/\/www.europesays.com\/fr\/wp-json\/wp\/v2\/posts\/625562\/revisions"}],"wp:featuredmedia":[{"embeddable":true,"href":"https:\/\/www.europesays.com\/fr\/wp-json\/wp\/v2\/media\/625563"}],"wp:attachment":[{"href":"https:\/\/www.europesays.com\/fr\/wp-json\/wp\/v2\/media?parent=625562"}],"wp:term":[{"taxonomy":"category","embeddable":true,"href":"https:\/\/www.europesays.com\/fr\/wp-json\/wp\/v2\/categories?post=625562"},{"taxonomy":"post_tag","embeddable":true,"href":"https:\/\/www.europesays.com\/fr\/wp-json\/wp\/v2\/tags?post=625562"}],"curies":[{"name":"wp","href":"https:\/\/api.w.org\/{rel}","templated":true}]}}