{"id":625564,"date":"2025-12-27T17:19:12","date_gmt":"2025-12-27T17:19:12","guid":{"rendered":"https:\/\/www.europesays.com\/fr\/625564\/"},"modified":"2025-12-27T17:19:12","modified_gmt":"2025-12-27T17:19:12","slug":"me-mettaient-la-main-aux-fesses-julien-courbet-sans-filtre-sur-ce-quil-se-passe-reellement-hors-emission","status":"publish","type":"post","link":"https:\/\/www.europesays.com\/fr\/625564\/","title":{"rendered":"\u201cMe mettaient la main aux fesses\u201d : Julien Courbet sans filtre sur ce qu\u2019il se passe r\u00e9ellement hors-\u00e9mission"},"content":{"rendered":"<p>Lors d\u2019un entretien accord\u00e9 \u00e0 Sabrina Shaitia, <a href=\"https:\/\/www.closermag.fr\/people\/une-liste-de-600-personnes-qui-seraient-en-prison-julien-courbet-brise-lomerta-3609149\" target=\"_blank\" rel=\"noopener\"><br \/>\nl\u2019animateur embl\u00e9matique de M6<\/a> s\u2019est exprim\u00e9 sans d\u00e9tour sur<br \/>\nune \u00e9poque qu\u2019il d\u00e9crit comme beaucoup moins encadr\u00e9e<br \/>\nqu\u2019aujourd\u2019hui. Censure, langage, place des femmes et comportements<br \/>\nen interne : Julien Courbet dresse un \u00e9tat des lieux contrast\u00e9 d\u2019un<br \/>\nmilieu profond\u00e9ment transform\u00e9.<\/p>\n<p>Une t\u00e9l\u00e9vision plus verrouill\u00e9e, un ton d\u00e9sormais<br \/>\nsurveill\u00e9<\/p>\n<p>Julien Courbet commence par rappeler le cadre tr\u00e8s strict qui<br \/>\nentourait la parole \u00e0 l\u2019antenne dans les ann\u00e9es 90. \u00c0 l\u2019\u00e9poque,<br \/>\nselon lui, \u00ab\u00a0dans les ann\u00e9es 90 il \u00e9tait hors de question de<br \/>\nlaisser passer un \u2018merde\u2019, c\u2019\u00e9tait tout de suite coup\u00e9\u00a0\u00bb. Le<br \/>\nvocabulaire \u00e9tait contr\u00f4l\u00e9 et toute sortie de route rapidement<br \/>\nsanctionn\u00e9e. Toutefois, l\u2019arriv\u00e9e de nouvelles figures a<br \/>\nprogressivement fait \u00e9voluer les usages.<\/p>\n<p><a href=\"https:\/\/www.youtube.com\/watch?app=desktop&amp;v=fqH3WxI9rmk\" target=\"_blank\" rel=\"noopener\">L\u2019animateur<br \/>\ncite notamment Cyril Hanouna<\/a>, estimant qu\u2019il a contribu\u00e9 \u00e0<br \/>\nchanger les codes en assumant un langage plus familier : \u00ab\u00a0Il<br \/>\ns\u2019est mis \u00e0 parler en argot, et en ce sens, il a ouvert des<br \/>\nportes.\u00a0\u00bb<\/p>\n<p>Aujourd\u2019hui, le contexte est tr\u00e8s diff\u00e9rent. Julien Courbet<br \/>\ninsiste sur la <a href=\"https:\/\/www.closermag.fr\/people\/stephane-plaza-lavis-de-julien-courbet-ne-va-pas-faire-que-des-heureux-mais-il-lassume-tres-haut-3552758\" target=\"_blank\" rel=\"noopener\"><br \/>\nvigilance permanente qui s\u2019impose d\u00e9sormais aux animateurs<\/a>.<br \/>\n\u00ab\u00a0Ce n\u2019est pas qu\u2019on ne peut plus rien dire, c\u2019est qu\u2019il faut<br \/>\nfaire attention maintenant\u00a0\u00bb, explique-t-il, \u00e9voquant une<br \/>\nsoci\u00e9t\u00e9 plus proc\u00e9duri\u00e8re et l\u2019influence croissante des r\u00e9seaux<br \/>\nsociaux. Selon lui, la moindre phrase peut d\u00e9sormais d\u00e9clencher une<br \/>\npol\u00e9mique imm\u00e9diate.<\/p>\n<p>Compliments, pol\u00e9miques et nouvelles lignes rouges<\/p>\n<p><a href=\"https:\/\/www.closermag.fr\/voyage\/julien-courbet-est-categorique-son-astuce-simple-qui-evite-90-des-litiges-en-location-3596001\" target=\"_blank\" rel=\"noopener\"><br \/>\nL\u2019animateur de \u00c7a peut vous arriver<\/a> illustre ce changement par<br \/>\nune exp\u00e9rience personnelle. Apr\u00e8s avoir compliment\u00e9 une invit\u00e9e \u00e0<br \/>\nl\u2019antenne, il dit avoir fait face \u00e0 de nombreuses critiques.<br \/>\nCertaines r\u00e9actions d\u00e9non\u00e7aient une forme d\u2019objectification :<br \/>\n\u00ab\u00a0On n\u2019est pas de la viande, on n\u2019est pas la foire aux<br \/>\nbestiaux.\u00a0\u00bb<\/p>\n<p>Julien Courbet reconna\u00eet que ces remarques l\u2019ont conduit \u00e0<br \/>\nadapter sa mani\u00e8re de s\u2019exprimer. \u00ab\u00a0On m\u2019a dit d\u2019\u00e9viter de dire<br \/>\n\u00e0 une femme qu\u2019elle est jolie parce que \u00e7a peut choquer, et \u00e7a,<br \/>\nc\u2019est dur.\u00a0\u00bb Pour lui, cette \u00e9volution n\u2019est pas li\u00e9e \u00e0 une<br \/>\ninterdiction de principe, mais \u00e0 un climat g\u00e9n\u00e9ral plus attentif<br \/>\naux perceptions et aux ressentis. Les r\u00e9seaux sociaux jouent ici un<br \/>\nr\u00f4le central, amplifiant chaque s\u00e9quence et acc\u00e9l\u00e9rant les<br \/>\nr\u00e9actions. \u00ab\u00a0Ce qui a tout chang\u00e9, ce sont les r\u00e9seaux sociaux.<br \/>\nAujourd\u2019hui, tu dis un mot de travers\u2026 \u00ab\u00a0, r\u00e9sume-t-il.<\/p>\n<p>Des coulisses autrefois sans<br \/>\ngarde-fous<\/p>\n<p>C\u2019est toutefois sur l\u2019ambiance interne des soci\u00e9t\u00e9s de<br \/>\nproduction que Julien Courbet se montre le plus direct. Il d\u00e9crit<br \/>\nles ann\u00e9es 90 comme une p\u00e9riode \u00ab\u00a0compl\u00e8tement d\u00e9brid\u00e9e\u00a0\u00bb.<br \/>\nSelon lui, si des cam\u00e9ras avaient film\u00e9 les comportements de<br \/>\nl\u2019\u00e9poque, \u00ab\u00a0je peux te faire une liste de 600 personnes qui<br \/>\nseraient en prison aujourd\u2019hui \u00ab\u00a0.<\/p>\n<p>Il \u00e9voque notamment des attitudes qu\u2019il juge aujourd\u2019hui<br \/>\ninacceptables : \u00ab\u00a0J\u2019avais des journalistes qui m\u2019appelaient<br \/>\n\u201cp\u2019tit cul\u201d, des femmes qui me mettaient la main aux fesses en me<br \/>\nparlant, alors que j\u2019\u00e9tais leur patron !\u00a0\u00bb<\/p>\n<p>Les blagues sur le physique \u00e9taient courantes et rarement<br \/>\nremises en question. D\u00e9sormais, les cha\u00eenes vont jusqu\u2019\u00e0 organiser<br \/>\ndes formations pour sensibiliser les \u00e9quipes \u00e0 ces sujets. L\u2019usage<br \/>\nde surnoms est, par exemple, identifi\u00e9 comme pouvant relever du<br \/>\nharc\u00e8lement.<\/p>\n<p>Julien Courbet conclut en soulignant la fin d\u2019un \u00ab\u00a0machisme<br \/>\nniveau Champions League\u00a0\u00bb et la disparition de certaines<br \/>\nfigures f\u00e9minines cantonn\u00e9es \u00e0 des r\u00f4les d\u00e9coratifs. S\u2019il admet<br \/>\nqu\u2019\u00a0\u00bbon s\u2019amusait plus dans l\u2019ancien\u00a0\u00bb, il affirme accepter<br \/>\nles r\u00e8gles actuelles et la fin d&rsquo;une \u00e9poque marqu\u00e9e par<br \/>\n\u00ab\u00a0beaucoup plus d\u2019insouciance\u00a0\u00bb.<\/p>\n","protected":false},"excerpt":{"rendered":"Lors d\u2019un entretien accord\u00e9 \u00e0 Sabrina Shaitia, l\u2019animateur embl\u00e9matique de M6 s\u2019est exprim\u00e9 sans d\u00e9tour sur une \u00e9poque&hellip;\n","protected":false},"author":2,"featured_media":625565,"comment_status":"","ping_status":"","sticky":false,"template":"","format":"standard","meta":{"footnotes":""},"categories":[1356],"tags":[21303,58,59,1011,27,70426,252,65861,1364],"class_list":{"0":"post-625564","1":"post","2":"type-post","3":"status-publish","4":"format-standard","5":"has-post-thumbnail","7":"category-television","8":"tag-buzz_nonli","9":"tag-divertissement","10":"tag-entertainment","11":"tag-fr","12":"tag-france","13":"tag-marfeel_news","14":"tag-television","15":"tag-trend","16":"tag-tv"},"share_on_mastodon":{"url":"https:\/\/pubeurope.com\/@fr\/115792679015365711","error":""},"_links":{"self":[{"href":"https:\/\/www.europesays.com\/fr\/wp-json\/wp\/v2\/posts\/625564","targetHints":{"allow":["GET"]}}],"collection":[{"href":"https:\/\/www.europesays.com\/fr\/wp-json\/wp\/v2\/posts"}],"about":[{"href":"https:\/\/www.europesays.com\/fr\/wp-json\/wp\/v2\/types\/post"}],"author":[{"embeddable":true,"href":"https:\/\/www.europesays.com\/fr\/wp-json\/wp\/v2\/users\/2"}],"replies":[{"embeddable":true,"href":"https:\/\/www.europesays.com\/fr\/wp-json\/wp\/v2\/comments?post=625564"}],"version-history":[{"count":0,"href":"https:\/\/www.europesays.com\/fr\/wp-json\/wp\/v2\/posts\/625564\/revisions"}],"wp:featuredmedia":[{"embeddable":true,"href":"https:\/\/www.europesays.com\/fr\/wp-json\/wp\/v2\/media\/625565"}],"wp:attachment":[{"href":"https:\/\/www.europesays.com\/fr\/wp-json\/wp\/v2\/media?parent=625564"}],"wp:term":[{"taxonomy":"category","embeddable":true,"href":"https:\/\/www.europesays.com\/fr\/wp-json\/wp\/v2\/categories?post=625564"},{"taxonomy":"post_tag","embeddable":true,"href":"https:\/\/www.europesays.com\/fr\/wp-json\/wp\/v2\/tags?post=625564"}],"curies":[{"name":"wp","href":"https:\/\/api.w.org\/{rel}","templated":true}]}}