{"id":625566,"date":"2025-12-27T17:20:21","date_gmt":"2025-12-27T17:20:21","guid":{"rendered":"https:\/\/www.europesays.com\/fr\/625566\/"},"modified":"2025-12-27T17:20:21","modified_gmt":"2025-12-27T17:20:21","slug":"reprise-de-mon-piano-et-moi-idole-de-jeunesse-helena-en-larmes-surprise-par-ses-proches-pour-le-retour-de-la-chanson-secrete-video","status":"publish","type":"post","link":"https:\/\/www.europesays.com\/fr\/625566\/","title":{"rendered":"Reprise de \u00ab\u00a0Mon piano et moi\u00a0\u00bb, idole de jeunesse\u2026\u00a0: Helena, en larmes, surprise par ses proches pour le retour de \u00ab\u00a0La Chanson Secr\u00e8te\u00a0\u00bb (vid\u00e9o)"},"content":{"rendered":"<p class=\"ap-StoryElement ap-StoryElement--mb ap-StoryText\"><b>\u00ab\u00a0La Chanson Secr\u00e8te\u00a0\u00bb<\/b> a fait son grand retour ce vendredi sur TF1. Pour l&rsquo;occasion, la c\u00e9l\u00e8bre \u00e9mission a r\u00e9serv\u00e9 des surprises de taille \u00e0 plusieurs personnalit\u00e9s\u00a0: <b>Helena<\/b>, Kad Merad et Mich\u00e8le Laroque, Isabelle Ithurburu, Marine, Lara Fabian, \u00c9lodie Poux et\u2026 Nikos Aliagas.<\/p>\n<p class=\"ap-StoryElement ap-StoryElement--mb ap-StoryText\">R\u00e9v\u00e9l\u00e9e par la <b>Star Academy<\/b>, l&rsquo;interpr\u00e8te de \u00ab\u00a0Summer Body\u00a0\u00bb a depuis lors trac\u00e9 sa propre route d&rsquo;une mani\u00e8re incroyable. Sur son chemin, elle a naturellement rencontr\u00e9 des personnes qui sont devenues tr\u00e8s proches. \u00ab\u00a0J&rsquo;ai peur et je ne sais pas pourquoi je suis l\u00e0\u00a0\u00bb, a-t-elle confi\u00e9 au moment de son arriv\u00e9e sur le plateau.<\/p>\n<p>Pour acc\u00e9der \u00e0 cet article, veuillez vous connecter au r\u00e9seau internet.<\/p>\n","protected":false},"excerpt":{"rendered":"\u00ab\u00a0La Chanson Secr\u00e8te\u00a0\u00bb a fait son grand retour ce vendredi sur TF1. Pour l&rsquo;occasion, la c\u00e9l\u00e8bre \u00e9mission a&hellip;\n","protected":false},"author":2,"featured_media":625567,"comment_status":"","ping_status":"","sticky":false,"template":"","format":"standard","meta":{"footnotes":""},"categories":[1355],"tags":[58,59,1011,27,5094,1361,873,973,252],"class_list":{"0":"post-625566","1":"post","2":"type-post","3":"status-publish","4":"format-standard","5":"has-post-thumbnail","7":"category-musique","8":"tag-divertissement","9":"tag-entertainment","10":"tag-fr","11":"tag-france","12":"tag-helena","13":"tag-music","14":"tag-musique","15":"tag-people","16":"tag-television"},"share_on_mastodon":{"url":"https:\/\/pubeurope.com\/@fr\/115792683033703703","error":""},"_links":{"self":[{"href":"https:\/\/www.europesays.com\/fr\/wp-json\/wp\/v2\/posts\/625566","targetHints":{"allow":["GET"]}}],"collection":[{"href":"https:\/\/www.europesays.com\/fr\/wp-json\/wp\/v2\/posts"}],"about":[{"href":"https:\/\/www.europesays.com\/fr\/wp-json\/wp\/v2\/types\/post"}],"author":[{"embeddable":true,"href":"https:\/\/www.europesays.com\/fr\/wp-json\/wp\/v2\/users\/2"}],"replies":[{"embeddable":true,"href":"https:\/\/www.europesays.com\/fr\/wp-json\/wp\/v2\/comments?post=625566"}],"version-history":[{"count":0,"href":"https:\/\/www.europesays.com\/fr\/wp-json\/wp\/v2\/posts\/625566\/revisions"}],"wp:featuredmedia":[{"embeddable":true,"href":"https:\/\/www.europesays.com\/fr\/wp-json\/wp\/v2\/media\/625567"}],"wp:attachment":[{"href":"https:\/\/www.europesays.com\/fr\/wp-json\/wp\/v2\/media?parent=625566"}],"wp:term":[{"taxonomy":"category","embeddable":true,"href":"https:\/\/www.europesays.com\/fr\/wp-json\/wp\/v2\/categories?post=625566"},{"taxonomy":"post_tag","embeddable":true,"href":"https:\/\/www.europesays.com\/fr\/wp-json\/wp\/v2\/tags?post=625566"}],"curies":[{"name":"wp","href":"https:\/\/api.w.org\/{rel}","templated":true}]}}