{"id":625576,"date":"2025-12-27T17:26:13","date_gmt":"2025-12-27T17:26:13","guid":{"rendered":"https:\/\/www.europesays.com\/fr\/625576\/"},"modified":"2025-12-27T17:26:13","modified_gmt":"2025-12-27T17:26:13","slug":"en-janvier-ikea-devoilera-la-suspension-a-4-e-qui-va-envahir-les-interieurs","status":"publish","type":"post","link":"https:\/\/www.europesays.com\/fr\/625576\/","title":{"rendered":"en janvier, IKEA d\u00e9voilera LA suspension \u00e0 4 \u20ac qui va envahir les int\u00e9rieurs"},"content":{"rendered":"<p>Dans chaque pi\u00e8ce de la maison, l\u00a0\u00bb\u00e9clairage a toute son<br \/>\nimportance. La lumi\u00e8re est capable \u00e0 elle seule de cr\u00e9er un<br \/>\nenvironnement agr\u00e9able ou agressif, alors autant ne pas laisser cet<br \/>\n\u00e9l\u00e9ment au hasard. On vous propose aujourd&rsquo;hui de d\u00e9couvrir ces<br \/>\nnouvelles suspensions IKEA. R\u00e9solument tendances, elles sauront<br \/>\nhabiller et sublimer la lumi\u00e8re de votre pi\u00e8ce en toute<br \/>\nl\u00e9g\u00e8ret\u00e9.<\/p>\n<p>Pourquoi vous devez illuminer votre maison<\/p>\n<p>Vous aurez beau installer le plus beau mobilier et les plus<br \/>\nbelles d\u00e9corations dans votre logement, <strong>sans une belle<br \/>\nlumi\u00e8re,<\/strong> l&rsquo;effet ne sera vraiment pas flatteur. <a href=\"https:\/\/www.lejournaldelamaison.fr\/le-journal-de-la-maison\/nouveautes\/produits\/percer-trouer-solution-lumineuse-lidl-parfaite-eclairer-plan-travail-500300.html\" target=\"_blank\" rel=\"noopener\">L&rsquo;\u00e9clairage<\/a> a la capacit\u00e9 de<br \/>\ng\u00e9n\u00e9rer une ambiance <strong>cosy, chaleureuse<\/strong>, ou au<br \/>\ncontraire, beaucoup <strong>plus brute et<br \/>\nincisive.\u00a0<\/strong><\/p>\n<p>Il est donc indispensable de ne pas d\u00e9laisser cet aspect de<br \/>\nvotre <strong>d\u00e9coration int\u00e9rieure.<\/strong> Les suspensions et<br \/>\nles plafonniers sont g\u00e9n\u00e9ralement plac\u00e9s au centre des pi\u00e8ces et<br \/>\nagissent pleinement sur l&rsquo;atmosph\u00e8re. Si en 2024 les lumi\u00e8res se<br \/>\nvoulaient <strong>imposantes par leur style et par leur<br \/>\ntaille<\/strong>, <a href=\"https:\/\/www.lejournaldelamaison.fr\/le-journal-de-la-maison\/nouveautes\/tendances\/tendances-deco\/comment-tendances-eclairage-transformer-maison-bien-etre-501963.html\" target=\"_blank\" rel=\"noopener\">les tendances<\/a> de l&rsquo;ann\u00e9e \u00e0 venir<br \/>\nvont aller \u00e0 contre-courant.<\/p>\n<p>Ces suspensions IKEA vont illuminer votre int\u00e9rieur en<br \/>\n2026<\/p>\n<p>L&rsquo;an pass\u00e9, les textures et les formes \u00e9taient<br \/>\n<strong>recherch\u00e9es et appr\u00e9ci\u00e9es.<\/strong> M\u00e9tal, rotin, verre ou<br \/>\nbois, les suspensions se pr\u00e9sentaient comme de <strong>vraies<br \/>\n\u0153uvres d\u00e9coratives imposantes<\/strong>, tr\u00f4nant au centre de la<br \/>\npi\u00e8ce. Mais en 2025, l&rsquo;effet escompt\u00e9 n&rsquo;est plus le m\u00eame. Les<br \/>\nformes se veulent <strong>davantage organiques et l\u00e9g\u00e8res.<\/strong><br \/>\nLes couleurs plus douces et plus claires, de mani\u00e8re \u00e0 se fondre<br \/>\ndans l&rsquo;espace.<\/p>\n<p>Pour embrasser cette nouvelle tendance, les magasins IKEA<br \/>\nviennent de lancer <strong>deux nouvelles suspensions.<\/strong><br \/>\nLeurs formes sont \u00e0 la fois simples, asym\u00e9triques et design. Deux<br \/>\nmod\u00e8les sont propos\u00e9s \u00e0 la vente. Le premier mesure 46 cm de<br \/>\ndiam\u00e8tre, est <strong>blanc et en plastique<\/strong> et vendu au<br \/>\nprix de 4.99 euros. Le second est large de 35 cm et de couleur<br \/>\n<a href=\"https:\/\/www.lejournaldelamaison.fr\/le-journal-de-la-maison\/actus-deco\/la-couleur-pantone-2025-vient-detre-devoilee-et-elle-va-bousculer-toutes-les-tendances-cette-annee-500118.html\" target=\"_blank\" rel=\"noopener\">Mocha Mousse<\/a>, tendance de<br \/>\nl&rsquo;ann\u00e9e 2025, au prix de 10.99 euros. Mais l\u00e0 o\u00f9 IKEA nous \u00e9pate<br \/>\nencore plus, c&rsquo;est avec sa mati\u00e8re <strong>compos\u00e9e de papier<br \/>\nrecycl\u00e9.\u00a0<\/strong><\/p>\n<p><a href=\"https:\/\/www.europesays.com\/fr\/wp-content\/uploads\/2025\/12\/ikea.jpg\"><br \/>\n<img loading=\"lazy\" decoding=\"async\" aria-describedby=\"caption-attachment-502033\" itemprop=\"thumbnailUrl\" class=\"size-full wp-image-502033 img-responsive pinit-here\" src=\"https:\/\/www.europesays.com\/fr\/wp-content\/uploads\/2025\/12\/ikea.jpg\" alt=\"\" width=\"642\" height=\"645\" data-pin-media=\"https:\/\/www.europesays.com\/fr\/wp-content\/uploads\/2025\/12\/ikea.jpg\"\/><\/a><\/p>\n<p id=\"caption-attachment-502033\" class=\"wp-caption-text\">\nSuspensions ZEBRAS\u00c4V, IKEA, <a href=\"https:\/\/www.ikea.com\/fr\/fr\/p\/zebrasaev-suspension-blanc-plastique-10522481\/\" target=\"_blank\" rel=\"nofollow noopener\">4.99 et 10.99 euros<\/a><\/p>\n<blockquote class=\"instagram-media\" style=\"background: #ffffff;border: 0;margin: 1px;width: 100%;padding: 0;max-width: 500px;\" data-instgrm-permalink=\"https:\/\/www.instagram.com\/p\/DAbFV8BvpVE\/?img_index=1\" data-instgrm-version=\"14\"\/><p>\nDes ampoules connect\u00e9es pour sublimer<br \/>\nvos suspensions<\/p>\n<p>Gr\u00e2ce \u00e0 leur aspect naturel et tr\u00e8s discret, ces suspensions<br \/>\nvont pouvoir s&rsquo;adapter \u00e0 <strong>toutes les d\u00e9corations et les<br \/>\nambiances.<\/strong> Leurs petits prix, la marque de fabrique de<br \/>\n<a href=\"https:\/\/www.lejournaldelamaison.fr\/le-journal-de-la-maison\/nouveautes\/produits\/printemps-collections-ikea-502001.html\" target=\"_blank\" rel=\"noopener\">l&rsquo;enseigne IKEA<\/a>, vous<br \/>\npermettront m\u00eame d&rsquo;en ajouter plusieurs pour un effet plus adapt\u00e9<br \/>\n<strong>aux grands espaces.\u00a0<\/strong><\/p>\n<p>Afin de <strong>contr\u00f4ler la lumi\u00e8re<\/strong> et de profiter<br \/>\nd&rsquo;un espace qui va \u00e9voluer avec vous au cours de la journ\u00e9e, on<br \/>\nvous conseille d&rsquo;ajouter des <strong>ampoules connect\u00e9es.<\/strong><br \/>\nEn plus de pouvoir choisir <strong>le taux de lumi\u00e8re<\/strong> dans<br \/>\nla pi\u00e8ce, vous pourrez aussi changer <strong>la couleur<br \/>\nd&rsquo;\u00e9clairage.<\/strong> Un atout certain dans la maison !<\/p>\n<p><script async src=\"\/\/www.instagram.com\/embed.js\"><\/script><\/p>\n","protected":false},"excerpt":{"rendered":"Dans chaque pi\u00e8ce de la maison, l\u00a0\u00bb\u00e9clairage a toute son importance. La lumi\u00e8re est capable \u00e0 elle seule&hellip;\n","protected":false},"author":2,"featured_media":625577,"comment_status":"","ping_status":"","sticky":false,"template":"","format":"standard","meta":{"footnotes":""},"categories":[7],"tags":[930,15540,13041,35806,73485,23544,3026,70718,1011,27,714,68340,25104,4743,151,28629,3583,73484,43,40,41,39,927,42,44,29721],"class_list":{"0":"post-625576","1":"post","2":"type-post","3":"status-publish","4":"format-standard","5":"has-post-thumbnail","7":"category-sciences-et-technologies","8":"tag-le","9":"tag-15540","10":"tag-a","11":"tag-adieu","12":"tag-devoilera","13":"tag-e","14":"tag-en","15":"tag-envahir","16":"tag-fr","17":"tag-france","18":"tag-ikea","19":"tag-interieurs","20":"tag-janvier","21":"tag-la","22":"tag-les","23":"tag-metal","24":"tag-qui","25":"tag-rotin","26":"tag-science","27":"tag-science-and-technology","28":"tag-sciences","29":"tag-sciences-et-technologies","30":"tag-suspension","31":"tag-technologies","32":"tag-technology","33":"tag-va"},"share_on_mastodon":{"url":"https:\/\/pubeurope.com\/@fr\/115792707789418575","error":""},"_links":{"self":[{"href":"https:\/\/www.europesays.com\/fr\/wp-json\/wp\/v2\/posts\/625576","targetHints":{"allow":["GET"]}}],"collection":[{"href":"https:\/\/www.europesays.com\/fr\/wp-json\/wp\/v2\/posts"}],"about":[{"href":"https:\/\/www.europesays.com\/fr\/wp-json\/wp\/v2\/types\/post"}],"author":[{"embeddable":true,"href":"https:\/\/www.europesays.com\/fr\/wp-json\/wp\/v2\/users\/2"}],"replies":[{"embeddable":true,"href":"https:\/\/www.europesays.com\/fr\/wp-json\/wp\/v2\/comments?post=625576"}],"version-history":[{"count":0,"href":"https:\/\/www.europesays.com\/fr\/wp-json\/wp\/v2\/posts\/625576\/revisions"}],"wp:featuredmedia":[{"embeddable":true,"href":"https:\/\/www.europesays.com\/fr\/wp-json\/wp\/v2\/media\/625577"}],"wp:attachment":[{"href":"https:\/\/www.europesays.com\/fr\/wp-json\/wp\/v2\/media?parent=625576"}],"wp:term":[{"taxonomy":"category","embeddable":true,"href":"https:\/\/www.europesays.com\/fr\/wp-json\/wp\/v2\/categories?post=625576"},{"taxonomy":"post_tag","embeddable":true,"href":"https:\/\/www.europesays.com\/fr\/wp-json\/wp\/v2\/tags?post=625576"}],"curies":[{"name":"wp","href":"https:\/\/api.w.org\/{rel}","templated":true}]}}