{"id":625582,"date":"2025-12-27T17:29:28","date_gmt":"2025-12-27T17:29:28","guid":{"rendered":"https:\/\/www.europesays.com\/fr\/625582\/"},"modified":"2025-12-27T17:29:28","modified_gmt":"2025-12-27T17:29:28","slug":"un-quart-des-produits-hors-textiles-controles-par-les-douanes-debut-novembre-non-conformes","status":"publish","type":"post","link":"https:\/\/www.europesays.com\/fr\/625582\/","title":{"rendered":"Un quart des produits hors textiles contr\u00f4l\u00e9s par les douanes d\u00e9but novembre non conformes"},"content":{"rendered":"<p>Le constat est sans appel\u00a0: dans les 320.474 colis <a href=\"https:\/\/www.20minutes.fr\/monde\/shein\/\" class=\"c-link c-link--is-underlined\" target=\"_blank\" rel=\"noopener\">Shein <\/a>contr\u00f4l\u00e9s d\u00e9but novembre, 25\u00a0% des produits hors textiles \u00e9taient non conformes, ont affirm\u00e9 les <a href=\"https:\/\/www.20minutes.fr\/dossier\/douane\" class=\"c-link c-link--is-underlined\" target=\"_blank\" rel=\"noopener\">douanes <\/a>ce samedi, confirmant une information du Parisien. Parmi les irr\u00e9gularit\u00e9s constat\u00e9es lors de cette op\u00e9ration en grande pompe \u00e0 l\u2019a\u00e9roport Roissy-CDG, les douanes \u00e9voquent des <a href=\"https:\/\/www.20minutes.fr\/dossier\/contrefacon\" class=\"c-link c-link--is-underlined\" target=\"_blank\" rel=\"noopener\">contrefa\u00e7ons<\/a>, des marquages ou notices absentes sur les produits cosm\u00e9tiques et appareils \u00e9lectriques ou encore des normes non respect\u00e9es pour certains jouets.<\/p>\n<\/p>\n<p>Ce bilan revoit \u00e0 la baisse les chiffres pr\u00e9c\u00e9demment annonc\u00e9s par le gouvernement peu apr\u00e8s cette op\u00e9ration, qui affirmait que sur 200.000 colis contr\u00f4l\u00e9s, 80\u00a0% \u00e9taient non conformes. Du c\u00f4t\u00e9 des produits <a href=\"https:\/\/www.20minutes.fr\/dossier\/textile\" class=\"c-link c-link--is-underlined\" target=\"_blank\" rel=\"noopener\">textiles <\/a>\u2013 c\u0153ur de m\u00e9tier de la plateforme Shein \u2013, ils \u00ab\u00a0ont laiss\u00e9 appara\u00eetre peu de non-conformit\u00e9\u00a0\u00bb, rapportent les douanes, qui imputent ce meilleur r\u00e9sultat \u00e0 la fermeture de sa place de march\u00e9 pour des vendeurs tiers \u00ab\u00a0quelques jours avant l\u2019op\u00e9ration douani\u00e8re\u00a0\u00bb.<\/p>\n<p>Les autorit\u00e9s serrent la vis sur la plateforme<\/p>\n<p>L\u2019issue judiciaire de ces contr\u00f4les et le nombre d\u2019\u00e9ventuels proc\u00e8s-verbaux dress\u00e9s n\u2019ont pas \u00e9t\u00e9 pr\u00e9cis\u00e9s. L\u2019op\u00e9ration de contr\u00f4le s\u2019\u00e9tait d\u00e9roul\u00e9e au lendemain du lancement d\u2019une proc\u00e9dure de <a href=\"https:\/\/www.20minutes.fr\/dossier\/suspension\" class=\"c-link c-link--is-underlined\" target=\"_blank\" rel=\"noopener\">suspension <\/a>de la plateforme par le gouvernement apr\u00e8s le toll\u00e9 provoqu\u00e9 par la <a href=\"https:\/\/www.20minutes.fr\/societe\/4183003-20251101-shein-retire-poupees-caractere-pedopornographique-plateforme\" class=\"c-link c-link--is-underlined\" target=\"_blank\" rel=\"noopener\">vente de poup\u00e9es \u00e0 caract\u00e8re p\u00e9dopornographique<\/a>.<\/p>\n<p>Le tribunal judiciaire de Paris a depuis rejet\u00e9 cette demande de blocage provisoire, jugeant la mesure \u00ab\u00a0disproportionn\u00e9e\u00a0\u00bb alors que Shein a retir\u00e9 les produits illicites de la vente. Le gouvernement a fait appel. La plateforme asiatique a \u00e9galement lanc\u00e9 un audit interne et avait indiqu\u00e9 autoriser progressivement les vendeurs tiers europ\u00e9ens qui auront pass\u00e9 ce contr\u00f4le interne \u00e0 pouvoir vendre de nouveau sur leur place de march\u00e9.<\/p>\n<p><a href=\"https:\/\/www.20minutes.fr\/monde\/shein\/\" class=\"c-link c-btn c-btn--primary\" target=\"_blank\" rel=\"noopener\">Notre dossier sur Shein<\/a><\/p>\n<p>En France, le nombre d\u2019articles contenus dans les petits colis est pass\u00e9 de 170\u00a0millions en\u00a02022 \u00e0 773\u00a0millions en\u00a02024, selon les douanes. Ces produits arrivent \u00e0 97\u00a0% de <a href=\"https:\/\/www.20minutes.fr\/dossier\/chine\" class=\"c-link c-link--is-underlined\" target=\"_blank\" rel=\"noopener\">Chine<\/a>. Une pr\u00e9c\u00e9dente op\u00e9ration cibl\u00e9e en\u00a02022 avait montr\u00e9 que 96\u00a0% des articles \u00e9taient non conformes ou contrefaits, selon un rapport parlementaire en d\u00e9cembre. Les Etats europ\u00e9ens veulent imposer une taxation de trois euros sur les petits colis \u00e0 compter du 1er\u00a0juillet 2026, qui pourrait m\u00eame \u00eatre port\u00e9e \u00e0 5 \u20ac en France selon l\u2019issue de la loi de finances au Parlement.<\/p>\n","protected":false},"excerpt":{"rendered":"Le constat est sans appel\u00a0: dans les 320.474 colis Shein contr\u00f4l\u00e9s d\u00e9but novembre, 25\u00a0% des produits hors textiles&hellip;\n","protected":false},"author":2,"featured_media":625583,"comment_status":"","ping_status":"","sticky":false,"template":"","format":"standard","meta":{"footnotes":""},"categories":[4],"tags":[47,11,38314,7325,981,1011,27,12,25,1104,104],"class_list":{"0":"post-625582","1":"post","2":"type-post","3":"status-publish","4":"format-standard","5":"has-post-thumbnail","7":"category-france","8":"tag-actualite","9":"tag-actualites","10":"tag-contrefacon","11":"tag-controle","12":"tag-douane","13":"tag-fr","14":"tag-france","15":"tag-news","16":"tag-republique-francaise","17":"tag-shein","18":"tag-societe"},"share_on_mastodon":{"url":"https:\/\/pubeurope.com\/@fr\/115792718274069709","error":""},"_links":{"self":[{"href":"https:\/\/www.europesays.com\/fr\/wp-json\/wp\/v2\/posts\/625582","targetHints":{"allow":["GET"]}}],"collection":[{"href":"https:\/\/www.europesays.com\/fr\/wp-json\/wp\/v2\/posts"}],"about":[{"href":"https:\/\/www.europesays.com\/fr\/wp-json\/wp\/v2\/types\/post"}],"author":[{"embeddable":true,"href":"https:\/\/www.europesays.com\/fr\/wp-json\/wp\/v2\/users\/2"}],"replies":[{"embeddable":true,"href":"https:\/\/www.europesays.com\/fr\/wp-json\/wp\/v2\/comments?post=625582"}],"version-history":[{"count":0,"href":"https:\/\/www.europesays.com\/fr\/wp-json\/wp\/v2\/posts\/625582\/revisions"}],"wp:featuredmedia":[{"embeddable":true,"href":"https:\/\/www.europesays.com\/fr\/wp-json\/wp\/v2\/media\/625583"}],"wp:attachment":[{"href":"https:\/\/www.europesays.com\/fr\/wp-json\/wp\/v2\/media?parent=625582"}],"wp:term":[{"taxonomy":"category","embeddable":true,"href":"https:\/\/www.europesays.com\/fr\/wp-json\/wp\/v2\/categories?post=625582"},{"taxonomy":"post_tag","embeddable":true,"href":"https:\/\/www.europesays.com\/fr\/wp-json\/wp\/v2\/tags?post=625582"}],"curies":[{"name":"wp","href":"https:\/\/api.w.org\/{rel}","templated":true}]}}