{"id":625603,"date":"2025-12-27T17:49:27","date_gmt":"2025-12-27T17:49:27","guid":{"rendered":"https:\/\/www.europesays.com\/fr\/625603\/"},"modified":"2025-12-27T17:49:27","modified_gmt":"2025-12-27T17:49:27","slug":"pro-d2-fcg-designez-le-meilleur-joueur-de-la-phase-aller","status":"publish","type":"post","link":"https:\/\/www.europesays.com\/fr\/625603\/","title":{"rendered":"Pro D2. FCG\u00a0: d\u00e9signez le meilleur joueur de la phase aller"},"content":{"rendered":"<p>Choissisez parmi Mathis Baret, Antonin Berruyer, Barnab\u00e9 Couilloud, Thomas Ployet, Cody Thomas, Hugo Trouilloud ou un autre joueur pour d\u00e9signer le meilleur joueur de la premi\u00e8re partie de saison du FC Grenoble. Le vote est ouvert jusqu&rsquo;au samedi 3 janvier \u00e0 midi.<\/p>\n<p>&#13;<br \/>\n              Le Dauphin\u00e9 Lib\u00e9r\u00e9  &#8211; &#13;<br \/>\n        &#13;<br \/>\n          Aujourd&rsquo;hui \u00e0 11:35&#13;<br \/>\n    &#13;<br \/>\n                  | mis \u00e0 jour aujourd&rsquo;hui \u00e0 14:31&#13;<br \/>\n              &#8211; Temps de lecture : &#13;<br \/>\n  &#13;\n<\/p>\n<ul class=\"galerieContent carousel-wrapper__slides\" id=\"4336f127-72ec-4c5b-a14f-3a5b327cdae4\">        &#13;<\/p>\n<li class=\"carousel-wrapper__slides--slide item\" id=\"slide-1\">&#13;<br \/>\n                                    &#13;<br \/>\n                        <a class=\"chocolat-image GA-tracking\" data-ga_type=\"click\" data-ga_category=\"D\u00e9tail\" data-ga_action=\"zoomer\" data-ga_label=\"aggrandir image\" href=\"https:\/\/cdn-s-www.ledauphine.com\/images\/366FBBE4-C95B-4163-B842-12678FE07AA7\/NW_raw\/mathis-baret-(3e-ligne-centre-20-ans)-international-20-ans-revelation-du-debut-de-saison-2025-2026-et-cinquieme-temps-de-jeu-de-la-phase-aller-au-fcg-photo-le-dl-karine-valentin-1766782803.jpg\" title=\"Mathis Baret (3e ligne centre, 20 ans)\u00a0: international -20 ans, r\u00e9v\u00e9lation du d\u00e9but de saison 2025-2026 et\u00a0cinqui\u00e8me temps de jeu de la phase aller au FCG. Photo Le DL \/ Karine Valentin\" target=\"_blank\" rel=\"noopener\">&#13;<br \/>\n                            <img decoding=\"async\" src=\"https:\/\/www.europesays.com\/fr\/wp-content\/uploads\/2025\/12\/mathis-baret-(3e-ligne-centre-20-ans)-international-20-ans-revelation-du-debut-de-saison-2025-2026-e.jpeg\"   alt=\"Mathis Baret (3e ligne centre, 20 ans)\u00a0: international -20 ans, r\u00e9v\u00e9lation du d\u00e9but de saison 2025-2026 et\u00a0cinqui\u00e8me temps de jeu de la phase aller au FCG. Photo Le DL \/ Karine Valentin\" fetchpriority=\"high\" data-mobile=\"NW_detail_M|1766782803\" data-base=\"NW_detail|1766782803\"\/>&#13;<br \/>\n                        <\/a>&#13;<\/p>\n<p>Mathis Baret (3e ligne centre, 20 ans)\u00a0: international -20 ans, r\u00e9v\u00e9lation du d\u00e9but de saison 2025-2026 et\u00a0cinqui\u00e8me temps de jeu de la phase aller au FCG. Photo Le DL \/ Karine Valentin<\/p>\n<p>                        &#13;<br \/>\n                                           &#13;\n                <\/li>\n<p>&#13;<br \/>\n            &#13;<\/p>\n<li class=\"carousel-wrapper__slides--slide item slideWithPub\" id=\"slide-2\">&#13;<br \/>\n                        &#13;<br \/>\n                            <a class=\"chocolat-image\" title=\"Publicit\u00e9\" href=\"data:image\/gif;base64,R0lGODlhAQABAAD\/ACwAAAAAAQABAAACADs=\">&#13;<br \/>\n                                <img decoding=\"async\" src=\"data:image\/gif;base64,R0lGODlhAQABAAD\/ACwAAAAAAQABAAACADs=\" alt=\"Publicit\u00e9\" loading=\"lazy\" fetchpriority=\"low\"\/>&#13;<br \/>\n                            <\/a>&#13;<br \/>\n                        &#13;\n                    <\/li>\n<p>&#13;<\/p>\n<li class=\"carousel-wrapper__slides--slide item\" id=\"slide-3\">&#13;<br \/>\n                                    &#13;<br \/>\n                        <a class=\"chocolat-image GA-tracking\" data-ga_type=\"click\" data-ga_category=\"D\u00e9tail\" data-ga_action=\"zoomer\" data-ga_label=\"aggrandir image\" href=\"https:\/\/cdn-s-www.ledauphine.com\/images\/BDAB1F72-5E5B-4664-ACF9-3B9A49F20DAE\/NW_raw\/antonin-berruyer-(3e-ligne-aile-27-ans)-doyen-de-l-effectif-grenoblois-defenseur-irreprochable-capitaine-courage-dans-les-tempetes-traversees-par-le-club-photo-le-dl-karine-valentin-1766782803.jpg\" title=\"Antonin Berruyer (3e ligne aile, 27 ans)\u00a0: doyen de l\u2019effectif grenoblois, d\u00e9fenseur irr\u00e9prochable capitaine courage dans les temp\u00eates travers\u00e9es par le club. Photo Le DL \/ Karine Valentin\" target=\"_blank\" rel=\"noopener\">&#13;<br \/>\n                            <img decoding=\"async\" src=\"https:\/\/www.europesays.com\/fr\/wp-content\/uploads\/2025\/12\/antonin-berruyer-(3e-ligne-aile-27-ans)-doyen-de-l-effectif-grenoblois-defenseur-irreprochable-capit.jpeg\"   alt=\"Antonin Berruyer (3e ligne aile, 27 ans)\u00a0: doyen de l\u2019effectif grenoblois, d\u00e9fenseur irr\u00e9prochable capitaine courage dans les temp\u00eates travers\u00e9es par le club. Photo Le DL \/ Karine Valentin\" loading=\"lazy\" fetchpriority=\"low\" data-mobile=\"NW_detail_M|1766782803\" data-base=\"NW_detail|1766782803\"\/>&#13;<br \/>\n                        <\/a>&#13;<\/p>\n<p>Antonin Berruyer (3e ligne aile, 27 ans)\u00a0: doyen de l\u2019effectif grenoblois, d\u00e9fenseur irr\u00e9prochable capitaine courage dans les temp\u00eates travers\u00e9es par le club. Photo Le DL \/ Karine Valentin<\/p>\n<p>                        &#13;<br \/>\n                                           &#13;\n                <\/li>\n<p>&#13;<br \/>\n            &#13;<\/p>\n<li class=\"carousel-wrapper__slides--slide item\" id=\"slide-4\">&#13;<br \/>\n                                    &#13;<br \/>\n                        <a class=\"chocolat-image GA-tracking\" data-ga_type=\"click\" data-ga_category=\"D\u00e9tail\" data-ga_action=\"zoomer\" data-ga_label=\"aggrandir image\" href=\"https:\/\/cdn-s-www.ledauphine.com\/images\/368A73A1-7120-4226-A6A1-07A229F39890\/NW_raw\/barnabe-couilloud-(demi-de-melee-26-ans)-quinze-matchs-joues-sur-quinze-possibles-grenoblois-le-plus-efficace-au-combine-(essais-marques-passes-decisives-delivrees)-photo-le-dl-anouk-anglade-1766782803.jpg\" title=\"Barnab\u00e9 Couilloud (demi de m\u00eal\u00e9e, 26 ans) : quinze matchs jou\u00e9s sur quinze possibles, Grenoblois le plus efficace au \u201ccombin\u00e9\u201d (essais marqu\u00e9s\/passes d\u00e9cisives d\u00e9livr\u00e9es). Photo Le DL \/ Anouk Anglade\" target=\"_blank\" rel=\"noopener\">&#13;<br \/>\n                            <img decoding=\"async\" src=\"https:\/\/www.europesays.com\/fr\/wp-content\/uploads\/2025\/12\/barnabe-couilloud-(demi-de-melee-26-ans)-quinze-matchs-joues-sur-quinze-possibles-grenoblois-le-plus.jpeg\"   alt=\"Barnab\u00e9 Couilloud (demi de m\u00eal\u00e9e, 26 ans) : quinze matchs jou\u00e9s sur quinze possibles, Grenoblois le plus efficace au \u201ccombin\u00e9\u201d (essais marqu\u00e9s\/passes d\u00e9cisives d\u00e9livr\u00e9es). Photo Le DL \/ Anouk Anglade\" loading=\"lazy\" fetchpriority=\"low\" data-mobile=\"NW_detail_M|1766782803\" data-base=\"NW_detail|1766782803\"\/>&#13;<br \/>\n                        <\/a>&#13;<\/p>\n<p>Barnab\u00e9 Couilloud (demi de m\u00eal\u00e9e, 26 ans) : quinze matchs jou\u00e9s sur quinze possibles, Grenoblois le plus efficace au \u201ccombin\u00e9\u201d (essais marqu\u00e9s\/passes d\u00e9cisives d\u00e9livr\u00e9es). Photo Le DL \/ Anouk Anglade<\/p>\n<p>                        &#13;<br \/>\n                                           &#13;\n                <\/li>\n<p>&#13;<br \/>\n            &#13;<\/p>\n<li class=\"carousel-wrapper__slides--slide item\" id=\"slide-5\">&#13;<br \/>\n                                    &#13;<br \/>\n                        <a class=\"chocolat-image GA-tracking\" data-ga_type=\"click\" data-ga_category=\"D\u00e9tail\" data-ga_action=\"zoomer\" data-ga_label=\"aggrandir image\" href=\"https:\/\/cdn-s-www.ledauphine.com\/images\/E1FD03A1-EA64-4FBF-B3B8-F3BFBD8B7B0D\/NW_raw\/thomas-ployet-(2e-ligne-24-ans)-monsieur-touche-du-fcg-grenoblois-le-plus-performant-jusqu-a-sa-blessure-a-la-mi-novembre-premier-a-notre-classement-des-etoiles-du-fcg-photo-le-dl-karine-valentin-1766782803.jpg\" title=\"Thomas Ployet (2e ligne, 24 ans) : monsieur touche du FCG, Grenoblois le plus performant jusqu\u2019\u00e0 sa blessure \u00e0 la mi-novembre\u00a0; premier \u00e0 notre classement des \u00e9toiles du FCG. Photo Le DL \/ Karine Valentin\" target=\"_blank\" rel=\"noopener\">&#13;<br \/>\n                            <img decoding=\"async\" src=\"https:\/\/www.europesays.com\/fr\/wp-content\/uploads\/2025\/12\/thomas-ployet-(2e-ligne-24-ans)-monsieur-touche-du-fcg-grenoblois-le-plus-performant-jusqu-a-sa-bles.jpeg\"   alt=\"Thomas Ployet (2e ligne, 24 ans) : monsieur touche du FCG, Grenoblois le plus performant jusqu\u2019\u00e0 sa blessure \u00e0 la mi-novembre\u00a0; premier \u00e0 notre classement des \u00e9toiles du FCG. Photo Le DL \/ Karine Valentin\" loading=\"lazy\" fetchpriority=\"low\" data-mobile=\"NW_detail_M|1766782803\" data-base=\"NW_detail|1766782803\"\/>&#13;<br \/>\n                        <\/a>&#13;<\/p>\n<p>Thomas Ployet (2e ligne, 24 ans) : monsieur touche du FCG, Grenoblois le plus performant jusqu\u2019\u00e0 sa blessure \u00e0 la mi-novembre\u00a0; premier \u00e0 notre classement des \u00e9toiles du FCG. Photo Le DL \/ Karine Valentin<\/p>\n<p>                        &#13;<br \/>\n                                           &#13;\n                <\/li>\n<p>&#13;<br \/>\n            &#13;<\/p>\n<li class=\"carousel-wrapper__slides--slide item\" id=\"slide-6\">&#13;<br \/>\n                                    &#13;<br \/>\n                        <a class=\"chocolat-image GA-tracking\" data-ga_type=\"click\" data-ga_category=\"D\u00e9tail\" data-ga_action=\"zoomer\" data-ga_label=\"aggrandir image\" href=\"https:\/\/cdn-s-www.ledauphine.com\/images\/8210688E-C321-4943-99D5-4AFABAB015CE\/NW_raw\/cody-thomas-(pilier-droit-ou-gauche-31-ans)-couteau-suisse-de-la-1re-ligne-grenobloise-joueur-discret-et-toujours-efficace-photo-le-dl-karine-valentin-1766782803.jpg\" title=\"Cody Thomas (pilier droit ou gauche, 31 ans)\u00a0: couteau suisse de la 1re ligne grenobloise, joueur discret et toujours efficace. Photo Le DL \/ Karine Valentin\" target=\"_blank\" rel=\"noopener\">&#13;<br \/>\n                            <img decoding=\"async\" src=\"https:\/\/www.europesays.com\/fr\/wp-content\/uploads\/2025\/12\/cody-thomas-(pilier-droit-ou-gauche-31-ans)-couteau-suisse-de-la-1re-ligne-grenobloise-joueur-discre.jpeg\"   alt=\"Cody Thomas (pilier droit ou gauche, 31 ans)\u00a0: couteau suisse de la 1re ligne grenobloise, joueur discret et toujours efficace. Photo Le DL \/ Karine Valentin\" loading=\"lazy\" fetchpriority=\"low\" data-mobile=\"NW_detail_M|1766782803\" data-base=\"NW_detail|1766782803\"\/>&#13;<br \/>\n                        <\/a>&#13;<\/p>\n<p>Cody Thomas (pilier droit ou gauche, 31 ans)\u00a0: couteau suisse de la 1re ligne grenobloise, joueur discret et toujours efficace. Photo Le DL \/ Karine Valentin<\/p>\n<p>                        &#13;<br \/>\n                                           &#13;\n                <\/li>\n<p>&#13;<br \/>\n            &#13;<\/p>\n<li class=\"carousel-wrapper__slides--slide item slideWithPub\" id=\"slide-7\">&#13;<br \/>\n                        &#13;<br \/>\n                            <a class=\"chocolat-image\" title=\"Publicit\u00e9\" href=\"data:image\/gif;base64,R0lGODlhAQABAAD\/ACwAAAAAAQABAAACADs=\">&#13;<br \/>\n                                <img decoding=\"async\" src=\"data:image\/gif;base64,R0lGODlhAQABAAD\/ACwAAAAAAQABAAACADs=\" alt=\"Publicit\u00e9\" loading=\"lazy\" fetchpriority=\"low\"\/>&#13;<br \/>\n                            <\/a>&#13;<br \/>\n                        &#13;\n                    <\/li>\n<p>&#13;<\/p>\n<li class=\"carousel-wrapper__slides--slide item\" id=\"slide-8\">&#13;<br \/>\n                                    &#13;<br \/>\n                        <a class=\"chocolat-image GA-tracking\" data-ga_type=\"click\" data-ga_category=\"D\u00e9tail\" data-ga_action=\"zoomer\" data-ga_label=\"aggrandir image\" href=\"https:\/\/cdn-s-www.ledauphine.com\/images\/49878769-AEF0-4BD1-8F11-850A891A524E\/NW_raw\/hugo-trouilloud-(ailier-ou-arriere-22-ans)-premier-temps-de-jeu-de-l-effectif-grenoblois-sur-la-phase-aller-comeilleur-marqueur-d-essais-(5)-et-n-1-au-classement-des-etoiles-du-fcg-photo-le-dl-anouk-anglade-1766782803.jpg\" title=\"Hugo Trouilloud (ailier ou arri\u00e8re, 22 ans)\u00a0: premier temps de jeu de l\u2019effectif grenoblois sur la phase aller, comeilleur marqueur d\u2019essais (5) et n\u00b01 au classement des \u00e9toiles du FCG. Photo Le DL \/ Anouk Anglade\" target=\"_blank\" rel=\"noopener\">&#13;<br \/>\n                            <img decoding=\"async\" src=\"https:\/\/www.europesays.com\/fr\/wp-content\/uploads\/2025\/12\/hugo-trouilloud-(ailier-ou-arriere-22-ans)-premier-temps-de-jeu-de-l-effectif-grenoblois-sur-la-phas.jpeg\"   alt=\"Hugo Trouilloud (ailier ou arri\u00e8re, 22 ans)\u00a0: premier temps de jeu de l\u2019effectif grenoblois sur la phase aller, comeilleur marqueur d\u2019essais (5) et n\u00b01 au classement des \u00e9toiles du FCG. Photo Le DL \/ Anouk Anglade\" loading=\"lazy\" fetchpriority=\"low\" data-mobile=\"NW_detail_M|1766782803\" data-base=\"NW_detail|1766782803\"\/>&#13;<br \/>\n                        <\/a>&#13;<\/p>\n<p>Hugo Trouilloud (ailier ou arri\u00e8re, 22 ans)\u00a0: premier temps de jeu de l\u2019effectif grenoblois sur la phase aller, comeilleur marqueur d\u2019essais (5) et n\u00b01 au classement des \u00e9toiles du FCG. Photo Le DL \/ Anouk Anglade<\/p>\n<p>                        &#13;<br \/>\n                                           &#13;\n                <\/li>\n<p>&#13;<br \/>\n            &#13;\n                <\/ul>\n","protected":false},"excerpt":{"rendered":"Choissisez parmi Mathis Baret, Antonin Berruyer, Barnab\u00e9 Couilloud, Thomas Ployet, Cody Thomas, Hugo Trouilloud ou un autre joueur&hellip;\n","protected":false},"author":2,"featured_media":625604,"comment_status":"","ping_status":"","sticky":false,"template":"","format":"standard","meta":{"footnotes":""},"categories":[9566],"tags":[1111,11,2430,112,1777,674,2727,1701,1011,27,2731,2732,108,12,2308,25,479,517,1947],"class_list":{"0":"post-625603","1":"post","2":"type-post","3":"status-publish","4":"format-standard","5":"has-post-thumbnail","7":"category-grenoble","8":"tag-actu","9":"tag-actualites","10":"tag-auvergne-rhone-alpes","11":"tag-edition-grenoble-agglomeration","12":"tag-eu","13":"tag-europe","14":"tag-fcg-fc-grenoble-rugby","15":"tag-fil-info-sport","16":"tag-fr","17":"tag-france","18":"tag-grenoble","19":"tag-grenoble-bassin","20":"tag-isere","21":"tag-news","22":"tag-pro-d2","23":"tag-republique-francaise","24":"tag-rugby","25":"tag-sport","26":"tag-sport-national"},"share_on_mastodon":{"url":"https:\/\/pubeurope.com\/@fr\/115792798780677918","error":""},"_links":{"self":[{"href":"https:\/\/www.europesays.com\/fr\/wp-json\/wp\/v2\/posts\/625603","targetHints":{"allow":["GET"]}}],"collection":[{"href":"https:\/\/www.europesays.com\/fr\/wp-json\/wp\/v2\/posts"}],"about":[{"href":"https:\/\/www.europesays.com\/fr\/wp-json\/wp\/v2\/types\/post"}],"author":[{"embeddable":true,"href":"https:\/\/www.europesays.com\/fr\/wp-json\/wp\/v2\/users\/2"}],"replies":[{"embeddable":true,"href":"https:\/\/www.europesays.com\/fr\/wp-json\/wp\/v2\/comments?post=625603"}],"version-history":[{"count":0,"href":"https:\/\/www.europesays.com\/fr\/wp-json\/wp\/v2\/posts\/625603\/revisions"}],"wp:featuredmedia":[{"embeddable":true,"href":"https:\/\/www.europesays.com\/fr\/wp-json\/wp\/v2\/media\/625604"}],"wp:attachment":[{"href":"https:\/\/www.europesays.com\/fr\/wp-json\/wp\/v2\/media?parent=625603"}],"wp:term":[{"taxonomy":"category","embeddable":true,"href":"https:\/\/www.europesays.com\/fr\/wp-json\/wp\/v2\/categories?post=625603"},{"taxonomy":"post_tag","embeddable":true,"href":"https:\/\/www.europesays.com\/fr\/wp-json\/wp\/v2\/tags?post=625603"}],"curies":[{"name":"wp","href":"https:\/\/api.w.org\/{rel}","templated":true}]}}