{"id":625605,"date":"2025-12-27T17:50:17","date_gmt":"2025-12-27T17:50:17","guid":{"rendered":"https:\/\/www.europesays.com\/fr\/625605\/"},"modified":"2025-12-27T17:50:17","modified_gmt":"2025-12-27T17:50:17","slug":"cap-sur-la-40e-edition-du-salon-mondial-de-tous-les-elevages-a-rennes","status":"publish","type":"post","link":"https:\/\/www.europesays.com\/fr\/625605\/","title":{"rendered":"cap sur la 40e \u00e9dition du Salon mondial de tous les \u00e9levages \u00e0 Rennes"},"content":{"rendered":"<p>                    Par<br \/>\n        <strong><br \/>\n            <a href=\"https:\/\/actu.fr\/auteur\/redaction-terra\" title=\"Consulter tous les articles de R\u00e9daction Terra\" target=\"_blank\" rel=\"noopener\">R\u00e9daction Terra<\/a><br \/>\n                    <\/strong><\/p>\n<p>        Publi\u00e9 le<\/p>\n<p>            27 d\u00e9c. 2025 \u00e0 18h06        <\/p>\n<p>Le <b><a href=\"https:\/\/www.space.fr\/fr\/\" target=\"_blank\" rel=\"noopener\">SPACE<\/a> <\/b>donne d\u2019ores et d\u00e9j\u00e0 rendez-vous \u00e0 la <b>rentr\u00e9e agricole 2026<\/b>. Le <b>salon international de l\u2019\u00e9levage<\/b>, install\u00e9 \u00e0 <b><a href=\"https:\/\/actu.fr\/bretagne\/rennes_35238\" target=\"_blank\" rel=\"noopener\">Rennes<\/a> <\/b>depuis sa cr\u00e9ation, c\u00e9l\u00e9brera sa <b>40e \u00e9dition les 15, 16 et 17 septembre 2026 au Parc-Expo<\/b>. Un anniversaire symbolique pour un \u00e9v\u00e9nement devenu incontournable pour les professionnels de l\u2019agriculture et de l\u2019\u00e9levage.<\/p>\n<p>Un rendez-vous mondial solidement install\u00e9<\/p>\n<p class=\" wall-content\">Depuis 1987, le SPACE s\u2019est impos\u00e9 comme une r\u00e9f\u00e9rence pour les fili\u00e8res animales, en France comme \u00e0 l\u2019international. Les derni\u00e8res \u00e9ditions ont confirm\u00e9 cette dynamique, avec plus de 100 000 visiteurs accueillis, dont 14 000 professionnels \u00e9trangers venus de 125 pays. Une fr\u00e9quentation qui conforte le positionnement du SPACE comme plateforme internationale d\u2019\u00e9changes, de d\u00e9monstration et d\u2019innovation.<\/p>\n<p>Toutes les fili\u00e8res d\u2019\u00e9levage r\u00e9unies \u00e0 Rennes<\/p>\n<p class=\" wall-content\">Salon de la diversit\u00e9 des productions animales,<b> le SPACE rassemble l\u2019ensemble des fili\u00e8res d\u2019\u00e9levage<\/b> : bovins lait et viande, porcins, volailles, ovins, caprins, cunicoles ou encore aquacoles. Pendant trois jours, \u00e9leveurs, entreprises, organismes professionnels et institutionnels se retrouvent pour d\u00e9couvrir les nouveaut\u00e9s, d\u00e9battre des enjeux du secteur et partager un temps fort de la vie agricole.<\/p>\n<p>Une \u00e9dition anniversaire tourn\u00e9e vers l\u2019avenir<br \/>\n    <img   decoding=\"async\" loading=\"lazy\" class=\"size-large\" src=\"https:\/\/www.europesays.com\/fr\/wp-content\/uploads\/2025\/12\/163bdef46a4965a3bdef46a493e3bdv-960x640.jpg\" alt=\"Le visuel du Space 2026.\" width=\"960\" height=\"640\"\/><br \/>\n    Le visuel du Space 2026. \u00a9SPACE<\/p>\n<p class=\" wall-content\">Le visuel d\u00e9voil\u00e9 pour le SPACE 2026 s\u2019inscrit dans cette \u00e9dition anniversaire, en mettant en avant \u00e0 la fois les 40 \u00e9ditions d\u2019expertise accumul\u00e9es et la capacit\u00e9 du salon \u00e0 se projeter vers l\u2019avenir. Innovations technologiques, transitions agricoles, intelligence artificielle ou renouvellement des g\u00e9n\u00e9rations figurent parmi les th\u00e9matiques qui irriguent d\u00e9j\u00e0 la pr\u00e9paration de cette prochaine \u00e9dition.<\/p>\n<p>Vid\u00e9os : en ce moment sur ActuLe SPACE, un salon qui se vit toute l\u2019ann\u00e9e<\/p>\n<p class=\" wall-content\">Au-del\u00e0 des trois jours du salon, le SPACE prolonge son action tout au long de l\u2019ann\u00e9e \u00e0 travers diff\u00e9rents contenus : vid\u00e9os de <a href=\"https:\/\/www.space.fr\/fr\/videos?utm_campaign=FR-Lancement-Visuel-2026FR-Lancement-Visuel-2026&amp;utm_medium=emailing&amp;utm_source=Mailjet\" target=\"_blank\" rel=\"noopener\">SPACE TV<\/a>, phototh\u00e8que, SPACE Infos ou encore replays de tables rondes consacr\u00e9es aux grandes mutations du secteur. Autant de ressources destin\u00e9es \u00e0 maintenir le lien avec les professionnels et \u00e0 nourrir la r\u00e9flexion collective.<\/p>\n<p class=\" wall-content\">Personnalisez votre actualit\u00e9 en ajoutant vos villes et m\u00e9dias en favori avec <a href=\"https:\/\/moncompte.actu.fr\" title=\"D\u00e9couvez Mon Actu\" rel=\"nofollow noopener\" data-trk=\"{&quot;cta&quot;:{&quot;action&quot;:&quot;https:\\\/\\\/moncompte.actu.fr&quot;,&quot;category&quot;:&quot;mon compte&quot;,&quot;from&quot;:&quot;article footer&quot;,&quot;name&quot;:&quot;Mon actu&quot;,&quot;type&quot;:&quot;cta&quot;}}\" target=\"_blank\">Mon Actu<\/a>.<\/p>\n","protected":false},"excerpt":{"rendered":"Par R\u00e9daction Terra Publi\u00e9 le 27 d\u00e9c. 2025 \u00e0 18h06 Le SPACE donne d\u2019ores et d\u00e9j\u00e0 rendez-vous \u00e0&hellip;\n","protected":false},"author":2,"featured_media":625606,"comment_status":"","ping_status":"","sticky":false,"template":"","format":"standard","meta":{"footnotes":""},"categories":[2821],"tags":[1111,11,327,829,33,1777,674,1011,27,12,584,25,49243],"class_list":{"0":"post-625605","1":"post","2":"type-post","3":"status-publish","4":"format-standard","5":"has-post-thumbnail","7":"category-rennes","8":"tag-actu","9":"tag-actualites","10":"tag-agriculture","11":"tag-bretagne","12":"tag-economie","13":"tag-eu","14":"tag-europe","15":"tag-fr","16":"tag-france","17":"tag-news","18":"tag-rennes","19":"tag-republique-francaise","20":"tag-space-rennes"},"share_on_mastodon":{"url":"https:\/\/pubeurope.com\/@fr\/115792801050682698","error":""},"_links":{"self":[{"href":"https:\/\/www.europesays.com\/fr\/wp-json\/wp\/v2\/posts\/625605","targetHints":{"allow":["GET"]}}],"collection":[{"href":"https:\/\/www.europesays.com\/fr\/wp-json\/wp\/v2\/posts"}],"about":[{"href":"https:\/\/www.europesays.com\/fr\/wp-json\/wp\/v2\/types\/post"}],"author":[{"embeddable":true,"href":"https:\/\/www.europesays.com\/fr\/wp-json\/wp\/v2\/users\/2"}],"replies":[{"embeddable":true,"href":"https:\/\/www.europesays.com\/fr\/wp-json\/wp\/v2\/comments?post=625605"}],"version-history":[{"count":0,"href":"https:\/\/www.europesays.com\/fr\/wp-json\/wp\/v2\/posts\/625605\/revisions"}],"wp:featuredmedia":[{"embeddable":true,"href":"https:\/\/www.europesays.com\/fr\/wp-json\/wp\/v2\/media\/625606"}],"wp:attachment":[{"href":"https:\/\/www.europesays.com\/fr\/wp-json\/wp\/v2\/media?parent=625605"}],"wp:term":[{"taxonomy":"category","embeddable":true,"href":"https:\/\/www.europesays.com\/fr\/wp-json\/wp\/v2\/categories?post=625605"},{"taxonomy":"post_tag","embeddable":true,"href":"https:\/\/www.europesays.com\/fr\/wp-json\/wp\/v2\/tags?post=625605"}],"curies":[{"name":"wp","href":"https:\/\/api.w.org\/{rel}","templated":true}]}}