{"id":625609,"date":"2025-12-27T17:52:13","date_gmt":"2025-12-27T17:52:13","guid":{"rendered":"https:\/\/www.europesays.com\/fr\/625609\/"},"modified":"2025-12-27T17:52:13","modified_gmt":"2025-12-27T17:52:13","slug":"strasbourg-les-invertebres-en-verre-des-blaschka-a-la-croisee-de-lart-et-de-la-science-au-musee-zoologique","status":"publish","type":"post","link":"https:\/\/www.europesays.com\/fr\/625609\/","title":{"rendered":"Strasbourg. Les invert\u00e9br\u00e9s en verre des Blaschka, \u00e0 la crois\u00e9e de l\u2019art et de la science au\u00a0Mus\u00e9e zoologique"},"content":{"rendered":"<p>\u00ab\u00a0On peut passer devant les Blaschka sans r\u00e9aliser qu\u2019ils sont en verre\u00a0\u00bb, estime Agathe Petit, conservatrice-restauratrice d\u2019\u0153uvres d\u2019art, qui a r\u00e9alis\u00e9 un diagnostic de cette collection exceptionnelle du Mus\u00e9e zoologique de Strasbourg. Entendez par Blaschka\u201d les mod\u00e8les en verre d\u2019animaux marins invert\u00e9br\u00e9s hyperr\u00e9alistes, r\u00e9alis\u00e9s au XIXe\u00a0 \u00a0si\u00e8cle par Leopold Blaschka (1822-1895) et son fils Rudolf (1857-1939). Un monde marin gracile et merveilleux se d\u00e9voile\u00a0: m\u00e9duses \u00e0 diff\u00e9rents stades de d\u00e9veloppement, radiolaires agrandis car invisibles \u00e0 l\u2019\u0153il nu, siphonophores \u00e9vanescents, seiche minutieusement restaur\u00e9e, mollusques diss\u00e9qu\u00e9s\u2026<\/p>\n<p><a href=\"https:\/\/www.dna.fr\/culture-loisirs\/2025\/09\/11\/le-musee-zoologique-de-strasbourg-metamorphose-ouvre-ses-portes\" target=\"_blank\" rel=\"noopener\">Depuis la r\u00e9ouverture du mus\u00e9e r\u00e9nov\u00e9<\/a> , la collection de Blaschka est pr\u00e9sent\u00e9e dans une salle d\u00e9di\u00e9e, \u00e0 l\u2019int\u00e9rieur de vitrines stabilis\u00e9es \u00e0 40-45\u00a0% d\u2019humidit\u00e9 ambiante, pr\u00e9cise C\u00e9lestine Ousset, conservatrice-restauratrice qui a restaur\u00e9 ces pi\u00e8ces \u00e0 l\u2019extr\u00eame fragilit\u00e9.<\/p>\n<p>Au d\u00e9but \u00e9taient les yeux de verre<\/p>\n<p>Artisans verriers allemands, originaires de&#8230;<\/p>\n","protected":false},"excerpt":{"rendered":"\u00ab\u00a0On peut passer devant les Blaschka sans r\u00e9aliser qu\u2019ils sont en verre\u00a0\u00bb, estime Agathe Petit, conservatrice-restauratrice d\u2019\u0153uvres d\u2019art,&hellip;\n","protected":false},"author":2,"featured_media":625610,"comment_status":"","ping_status":"","sticky":false,"template":"","format":"standard","meta":{"footnotes":""},"categories":[2820],"tags":[1111,11,672,2389,1687,2880,1777,674,2271,107,1011,27,5325,2798,775,12,25,1806,640,2879],"class_list":{"0":"post-625609","1":"post","2":"type-post","3":"status-publish","4":"format-standard","5":"has-post-thumbnail","7":"category-strasbourg","8":"tag-actu","9":"tag-actualites","10":"tag-allemagne","11":"tag-alsace","12":"tag-culture-loisirs","13":"tag-edition-strasbourg","14":"tag-eu","15":"tag-europe","16":"tag-exposition-arts-plastiques","17":"tag-fil-info","18":"tag-fr","19":"tag-france","20":"tag-galerie-media","21":"tag-galerie-photo","22":"tag-grand-est","23":"tag-news","24":"tag-republique-francaise","25":"tag-rheinblick","26":"tag-strasbourg","27":"tag-strasbourg-ville"},"share_on_mastodon":{"url":"https:\/\/pubeurope.com\/@fr\/115792808916157390","error":""},"_links":{"self":[{"href":"https:\/\/www.europesays.com\/fr\/wp-json\/wp\/v2\/posts\/625609","targetHints":{"allow":["GET"]}}],"collection":[{"href":"https:\/\/www.europesays.com\/fr\/wp-json\/wp\/v2\/posts"}],"about":[{"href":"https:\/\/www.europesays.com\/fr\/wp-json\/wp\/v2\/types\/post"}],"author":[{"embeddable":true,"href":"https:\/\/www.europesays.com\/fr\/wp-json\/wp\/v2\/users\/2"}],"replies":[{"embeddable":true,"href":"https:\/\/www.europesays.com\/fr\/wp-json\/wp\/v2\/comments?post=625609"}],"version-history":[{"count":0,"href":"https:\/\/www.europesays.com\/fr\/wp-json\/wp\/v2\/posts\/625609\/revisions"}],"wp:featuredmedia":[{"embeddable":true,"href":"https:\/\/www.europesays.com\/fr\/wp-json\/wp\/v2\/media\/625610"}],"wp:attachment":[{"href":"https:\/\/www.europesays.com\/fr\/wp-json\/wp\/v2\/media?parent=625609"}],"wp:term":[{"taxonomy":"category","embeddable":true,"href":"https:\/\/www.europesays.com\/fr\/wp-json\/wp\/v2\/categories?post=625609"},{"taxonomy":"post_tag","embeddable":true,"href":"https:\/\/www.europesays.com\/fr\/wp-json\/wp\/v2\/tags?post=625609"}],"curies":[{"name":"wp","href":"https:\/\/api.w.org\/{rel}","templated":true}]}}