{"id":625611,"date":"2025-12-27T17:53:14","date_gmt":"2025-12-27T17:53:14","guid":{"rendered":"https:\/\/www.europesays.com\/fr\/625611\/"},"modified":"2025-12-27T17:53:14","modified_gmt":"2025-12-27T17:53:14","slug":"strasbourg-lillustratrice-marie-dorleans-primee-par-la-fondation-des-jardins-de-venise","status":"publish","type":"post","link":"https:\/\/www.europesays.com\/fr\/625611\/","title":{"rendered":"Strasbourg. L\u2019illustratrice Marie Dorl\u00e9ans prim\u00e9e par la Fondation des jardins de Venise"},"content":{"rendered":"<p>Enfant, elle jouait dans les bois, construisait des cabanes avec ses camarades. En toute libert\u00e9, loin de la surveillance parentale. De cette enfance campagnarde savoyarde, Marie Dorl\u00e9ans a gard\u00e9 la nostalgie.<\/p>\n<p>\u00ab\u00a0Je me rends compte que tous mes livres \u00e9voquent la nature sous diverses formes\u00a0\u00bb, conc\u00e8de l\u2019illustratrice. \u00c0 l\u2019\u00e9cole des Arts d\u00e9coratifs de Strasbourg, aujourd\u2019hui la HEAR, Marie Dorl\u00e9ans (42 ans) a aiguis\u00e9 son regard \u00e0 la faveur de l\u2019enseignement de Guillaume D\u00e9g\u00e9. L\u2019artiste au caract\u00e8re tremp\u00e9, professeur reconnu, a contribu\u00e9 \u00e0 l\u2019\u00e9closion des meilleurs jeunes talents de l\u2019illustration fran\u00e7aise.<\/p>\n<p>Stimuler la fantaisie, susciter\u00a0de\u00a0la curiosit\u00e9<\/p>\n<p>\u00ab\u00a0Au-del\u00e0 de la technique, on nous questionnait sur le sens d\u2019une&#8230;<\/p>\n","protected":false},"excerpt":{"rendered":"Enfant, elle jouait dans les bois, construisait des cabanes avec ses camarades. En toute libert\u00e9, loin de la&hellip;\n","protected":false},"author":2,"featured_media":625612,"comment_status":"","ping_status":"","sticky":false,"template":"","format":"standard","meta":{"footnotes":""},"categories":[2820],"tags":[1111,11,2389,1687,2880,1777,674,107,1011,27,775,2410,12,25,640,2879],"class_list":{"0":"post-625611","1":"post","2":"type-post","3":"status-publish","4":"format-standard","5":"has-post-thumbnail","7":"category-strasbourg","8":"tag-actu","9":"tag-actualites","10":"tag-alsace","11":"tag-culture-loisirs","12":"tag-edition-strasbourg","13":"tag-eu","14":"tag-europe","15":"tag-fil-info","16":"tag-fr","17":"tag-france","18":"tag-grand-est","19":"tag-livres-bd","20":"tag-news","21":"tag-republique-francaise","22":"tag-strasbourg","23":"tag-strasbourg-ville"},"share_on_mastodon":{"url":"https:\/\/pubeurope.com\/@fr\/115792812794288186","error":""},"_links":{"self":[{"href":"https:\/\/www.europesays.com\/fr\/wp-json\/wp\/v2\/posts\/625611","targetHints":{"allow":["GET"]}}],"collection":[{"href":"https:\/\/www.europesays.com\/fr\/wp-json\/wp\/v2\/posts"}],"about":[{"href":"https:\/\/www.europesays.com\/fr\/wp-json\/wp\/v2\/types\/post"}],"author":[{"embeddable":true,"href":"https:\/\/www.europesays.com\/fr\/wp-json\/wp\/v2\/users\/2"}],"replies":[{"embeddable":true,"href":"https:\/\/www.europesays.com\/fr\/wp-json\/wp\/v2\/comments?post=625611"}],"version-history":[{"count":0,"href":"https:\/\/www.europesays.com\/fr\/wp-json\/wp\/v2\/posts\/625611\/revisions"}],"wp:featuredmedia":[{"embeddable":true,"href":"https:\/\/www.europesays.com\/fr\/wp-json\/wp\/v2\/media\/625612"}],"wp:attachment":[{"href":"https:\/\/www.europesays.com\/fr\/wp-json\/wp\/v2\/media?parent=625611"}],"wp:term":[{"taxonomy":"category","embeddable":true,"href":"https:\/\/www.europesays.com\/fr\/wp-json\/wp\/v2\/categories?post=625611"},{"taxonomy":"post_tag","embeddable":true,"href":"https:\/\/www.europesays.com\/fr\/wp-json\/wp\/v2\/tags?post=625611"}],"curies":[{"name":"wp","href":"https:\/\/api.w.org\/{rel}","templated":true}]}}