{"id":625615,"date":"2025-12-27T17:55:17","date_gmt":"2025-12-27T17:55:17","guid":{"rendered":"https:\/\/www.europesays.com\/fr\/625615\/"},"modified":"2025-12-27T17:55:17","modified_gmt":"2025-12-27T17:55:17","slug":"un-experimente-de-logc-nice-sur-les-tablettes-de-kita","status":"publish","type":"post","link":"https:\/\/www.europesays.com\/fr\/625615\/","title":{"rendered":"Un exp\u00e9riment\u00e9 de l&rsquo;OGC Nice sur les tablettes de Kita !"},"content":{"rendered":"<p>                                            Publi\u00e9 le 27\/12\/2025 \u00e0 18h46<br \/>\n                                                                                3 minutes de lecture\n                                                                    <\/p>\n<p>F\u00e9ru de sport et plus particuli\u00e8rement de ballon rond depuis ma plus tendre enfance.<\/p>\n<p>                                            Lire la suite<\/p>\n<p>Le <strong>FC Nantes<\/strong> traverse une p\u00e9riode cruciale de son mercato hivernal, cherchant d\u00e9sesp\u00e9r\u00e9ment \u00e0 renforcer son effectif pour \u00e9chapper \u00e0 la zone de rel\u00e9gation o\u00f9 il se trouve actuellement en <strong>17e position<\/strong>. Dans cette qu\u00eate de renforts exp\u00e9riment\u00e9s, la direction nantaise a jet\u00e9 son d\u00e9volu sur des profils aguerris de Ligue 1, \u00e0 l\u00a0\u00bbimage des recrutements r\u00e9cents de <strong>Machado et Cabella<\/strong>. Cette strat\u00e9gie s&rsquo;inscrit dans une logique de survie sportive, les Canaris ayant identifi\u00e9 le besoin urgent d&rsquo;injecter de l&rsquo;exp\u00e9rience dans un groupe qui peine \u00e0 trouver ses marques cette saison. Selon les r\u00e9v\u00e9lations de <strong>Bastien Aubert<\/strong>, correspondant sp\u00e9cialis\u00e9, les dirigeants nantais ont tent\u00e9 un coup audacieux en sondant le terrain pour <strong>Morgan Sanson<\/strong>, le milieu de terrain exp\u00e9riment\u00e9 de l&rsquo;OGC Nice. Cette approche t\u00e9moigne de l&rsquo;ambition des Kita de frapper fort sur ce mercato, malgr\u00e9 les contraintes financi\u00e8res et sportives qui p\u00e8sent sur le club.<\/p>\n<p>                                <img decoding=\"async\" src=\"https:\/\/www.europesays.com\/fr\/wp-content\/uploads\/2025\/04\/1744123449_543_logo.png\" alt=\"Logo\"\/><\/p>\n<p>100\u20ac offerts sur ton 1er pari !<\/p>\n<p>                            <a href=\"https:\/\/www.score.fr\/redirection\/1\/\" class=\"headband-button\" target=\"_blank\" rel=\"noopener\">J&rsquo;en profite<\/a><\/p>\n<p>                                                                <img loading=\"lazy\" decoding=\"async\" src=\"https:\/\/www.europesays.com\/fr\/wp-content\/uploads\/2025\/12\/mercato-nantes-un-experimente-de-l-ogc-nice-sur-les-tablettes-de-kita.jpg\" alt=\"Illustration : &quot;Mercato Nantes : Un exp\u00e9riment\u00e9 de l'OGC Nice sur les tablettes de Kita !&quot;\" class=\"figure-img img-fluid\" width=\"780\" height=\"478\"\/><\/p>\n<p>                                    \u00a9 Site officiel du FC Nantes                                <\/p>\n<p>Une op\u00e9ration complexe face aux exigences salariales<\/p>\n<p>L&rsquo;int\u00e9r\u00eat pour <strong>Morgan Sanson<\/strong> ne rel\u00e8ve pas du hasard, le joueur de <strong>31 ans<\/strong> repr\u00e9sentant exactement le profil recherch\u00e9 par le staff technique nantais. Avec ses <strong>287 matchs de Ligue 1<\/strong> disput\u00e9s sous les maillots de Montpellier, Marseille, Strasbourg et Nice, l&rsquo;international fran\u00e7ais poss\u00e8de une exp\u00e9rience inestimable du championnat fran\u00e7ais. Cette piste, initialement sugg\u00e9r\u00e9e par <strong>Luis Castro<\/strong>, l&rsquo;entra\u00eeneur nantais, correspondait parfaitement aux besoins identifi\u00e9s par le club. Cependant, les n\u00e9gociations se sont rapidement heurt\u00e9es \u00e0 des obstacles majeurs, notamment le <strong>salaire \u00e9lev\u00e9 du joueur estim\u00e9 \u00e0 180 000 euros mensuels bruts<\/strong> selon les derni\u00e8res estimations de L&rsquo;\u00c9quipe. Cette r\u00e9mun\u00e9ration repr\u00e9sente un d\u00e9fi financier consid\u00e9rable pour Nantes, club qui doit composer avec des contraintes budg\u00e9taires strictes. Par ailleurs, le <strong>refus temporaire de Sanson<\/strong> de s&rsquo;engager avec les Canaris a compliqu\u00e9 davantage les discussions, le joueur semblant peu enclin \u00e0 rejoindre un club en difficult\u00e9 sportive.<\/p>\n<p>Un contexte d\u00e9favorable \u00e0 Nice et \u00e0 Nantes<\/p>\n<p>La situation de <strong>Morgan Sanson<\/strong> \u00e0 l&rsquo;OGC Nice pr\u00e9sente pourtant des aspects qui auraient pu faciliter son d\u00e9part. Depuis le d\u00e9but de la saison, le milieu de terrain n&rsquo;est plus consid\u00e9r\u00e9 comme un <strong>titulaire indiscutable<\/strong> par Franck Haise, l&rsquo;entra\u00eeneur ni\u00e7ois. Les recrutements estivaux de <strong>Charles Vanhoutte et Salis Abdul Samed<\/strong>, ainsi que l&rsquo;\u00e9mergence prometteuse de Bouadaoui, ont redistribu\u00e9 les cartes dans l&rsquo;entrejeu azur\u00e9en. Cette concurrence accrue a rel\u00e9gu\u00e9 Sanson \u00e0 un r\u00f4le plus secondaire en championnat, o\u00f9 il n&rsquo;a \u00e9t\u00e9 <strong>titularis\u00e9 que 3 fois en Ligue 1<\/strong> cette saison. N\u00e9anmoins, l&rsquo;exp\u00e9rience du joueur reste valoris\u00e9e dans certaines circonstances, comme en t\u00e9moignent ses <strong>4 titularisations en Coupe d&rsquo;Europe<\/strong> et son but marqu\u00e9 face \u00e0 l&rsquo;ASSE en Coupe de France juste avant la tr\u00eave. Cette utilisation parcellaire pourrait th\u00e9oriquement inciter le joueur \u00e0 chercher un temps de jeu plus cons\u00e9quent ailleurs, mais les difficult\u00e9s actuelles de Nantes ne semblent pas l&rsquo;avoir convaincu.<\/p>\n<p>Des d\u00e9fis similaires pour les deux clubs<\/p>\n<p>L&rsquo;\u00e9chec de cette tentative s&rsquo;explique \u00e9galement par le contexte difficile que traversent les deux clubs concern\u00e9s. Nice vit une <strong>saison tr\u00e8s compliqu\u00e9e<\/strong>, marqu\u00e9e par une s\u00e9rie noire de 6 d\u00e9faites cons\u00e9cutives en Ligue 1 et des probl\u00e8mes extra-sportifs majeurs, notamment l&rsquo;altercation avec des supporters impliquant des joueurs cadres comme <strong>Moffi et Boga<\/strong>. De son c\u00f4t\u00e9, Nantes ne peut gu\u00e8re offrir un environnement plus stable, le club \u00e9tant actuellement en position de <strong>rel\u00e9gable<\/strong> et luttant pour son maintien. Cette situation peu attractive explique en partie les r\u00e9ticences de Sanson \u00e0 rejoindre les Canaris. Sous contrat jusqu&rsquo;en <strong>2027 au Gym<\/strong> et estim\u00e9 \u00e0 <strong>4 millions d&rsquo;euros<\/strong> sur Transfermarkt, le joueur dispose d&rsquo;une certaine s\u00e9curit\u00e9 \u00e0 Nice malgr\u00e9 son temps de jeu r\u00e9duit. Face \u00e0 cet \u00e9chec, les dirigeants nantais vont devoir se tourner vers d&rsquo;autres pistes pour renforcer leur effectif et donner \u00e0 Luis Castro les moyens de redresser la barre.<\/p>\n<p><strong>Ce dimanche 4 janvier, le FC Nantes d\u00e9fie l\u2019OM dans son V\u00e9lodrome pour cr\u00e9er la sensation en cette nouvelle ann\u00e9e. \u00c0 cette occasion, profitez de 100\u20ac offerts pour votre premi\u00e8re inscription sur Parions Sport en Ligne.<\/strong><a href=\"https:\/\/www.score.fr\/redirection\/1\/\" target=\"_blank\" rel=\"noopener\"><strong> Pariez sur une victoire du FC Nantes face \u00e0 l\u2019OM vous rapporte jusqu\u2019\u00e0 950 \u20ac !<\/strong><\/a><\/p>\n<p><strong>Pour en profiter, c\u2019est tr\u00e8s simple :<\/strong><\/p>\n<p><strong>&#8211; Cr\u00e9ez votre compte joueur en seulement 2 \u00e9tapes <\/strong><a href=\"https:\/\/www.score.fr\/redirection\/1\/\" target=\"_blank\" rel=\"noopener\"><strong>ici<\/strong><\/a><\/p>\n<p><strong>&#8211; R\u00e9alisez votre 1er d\u00e9p\u00f4t puis placez votre 1er pari (Minimum 5\u20ac)<\/strong><\/p>\n<p><strong>&#8211; Une fois votre 1er d\u00e9p\u00f4t et votre 1er pari r\u00e9alis\u00e9s, l\u2019int\u00e9gralit\u00e9 du montant de ce 1er pari sera cr\u00e9dit\u00e9e sur votre compte joueur dans la limite de 100\u20ac maximum et sous la forme de cr\u00e9dits de jeu non retirables. Le cr\u00e9dit s\u2019effectuera alors en une seule \u00e9tape et sous 3 jours<\/strong><\/p>\n<p><strong>Jouer comporte des risques : endettement, d\u00e9pendance\u2026 Appelez le 09 74 75 13 13 (appel non surtax\u00e9)<\/strong><\/p>\n","protected":false},"excerpt":{"rendered":"Publi\u00e9 le 27\/12\/2025 \u00e0 18h46 3 minutes de lecture F\u00e9ru de sport et plus particuli\u00e8rement de ballon rond&hellip;\n","protected":false},"author":2,"featured_media":625616,"comment_status":"","ping_status":"","sticky":false,"template":"","format":"standard","meta":{"footnotes":""},"categories":[2819],"tags":[1111,11,1777,674,1011,27,12,2401,882,25],"class_list":{"0":"post-625615","1":"post","2":"type-post","3":"status-publish","4":"format-standard","5":"has-post-thumbnail","7":"category-nice","8":"tag-actu","9":"tag-actualites","10":"tag-eu","11":"tag-europe","12":"tag-fr","13":"tag-france","14":"tag-news","15":"tag-nice","16":"tag-provence-alpes-cote-dazur","17":"tag-republique-francaise"},"share_on_mastodon":{"url":"https:\/\/pubeurope.com\/@fr\/115792821634241736","error":""},"_links":{"self":[{"href":"https:\/\/www.europesays.com\/fr\/wp-json\/wp\/v2\/posts\/625615","targetHints":{"allow":["GET"]}}],"collection":[{"href":"https:\/\/www.europesays.com\/fr\/wp-json\/wp\/v2\/posts"}],"about":[{"href":"https:\/\/www.europesays.com\/fr\/wp-json\/wp\/v2\/types\/post"}],"author":[{"embeddable":true,"href":"https:\/\/www.europesays.com\/fr\/wp-json\/wp\/v2\/users\/2"}],"replies":[{"embeddable":true,"href":"https:\/\/www.europesays.com\/fr\/wp-json\/wp\/v2\/comments?post=625615"}],"version-history":[{"count":0,"href":"https:\/\/www.europesays.com\/fr\/wp-json\/wp\/v2\/posts\/625615\/revisions"}],"wp:featuredmedia":[{"embeddable":true,"href":"https:\/\/www.europesays.com\/fr\/wp-json\/wp\/v2\/media\/625616"}],"wp:attachment":[{"href":"https:\/\/www.europesays.com\/fr\/wp-json\/wp\/v2\/media?parent=625615"}],"wp:term":[{"taxonomy":"category","embeddable":true,"href":"https:\/\/www.europesays.com\/fr\/wp-json\/wp\/v2\/categories?post=625615"},{"taxonomy":"post_tag","embeddable":true,"href":"https:\/\/www.europesays.com\/fr\/wp-json\/wp\/v2\/tags?post=625615"}],"curies":[{"name":"wp","href":"https:\/\/api.w.org\/{rel}","templated":true}]}}