{"id":625617,"date":"2025-12-27T17:56:28","date_gmt":"2025-12-27T17:56:28","guid":{"rendered":"https:\/\/www.europesays.com\/fr\/625617\/"},"modified":"2025-12-27T17:56:28","modified_gmt":"2025-12-27T17:56:28","slug":"lopposition-change-de-leader-au-conseil-departemental-de-loire-atlantique","status":"publish","type":"post","link":"https:\/\/www.europesays.com\/fr\/625617\/","title":{"rendered":"L\u2019opposition change de leader au conseil d\u00e9partemental de Loire-Atlantique"},"content":{"rendered":"<p>Maire de Chauv\u00e9 depuis 2014 (ndlr, <a href=\"https:\/\/saint-nazaire.maville.com\/actu\/actudet_-municipales-2026-le-maire-ne-se-represente-pas-une-liste-se-lance-a-chauve-_8-6987043_actu.Htm\" target=\"_blank\" rel=\"noopener\">il ne briguera pas de troisi\u00e8me mandat en 2026<\/a>), vice-pr\u00e9sident de Pornic agglo, Pierre Martin (DVD) prend la pr\u00e9sidence du groupe d\u2019opposition D\u00e9mocratie 44 qui si\u00e8ge au conseil d\u00e9partemental de Loire-Atlantique. Il succ\u00e8de \u00e0 l\u2019ancien maire de Saint-S\u00e9bastien-sur-Loire, Laurent Turquois.<\/p>\n<p>Conseiller d\u00e9partemental depuis 2021<\/p>\n<p>Pierre Martin est d\u00e9crit par ses alli\u00e9s comme un sp\u00e9cialiste des questions sociales. Ancien directeur d\u2019Ehpad, r\u00e9f\u00e9rent grand \u00e2ge de l\u2019Association des maires de France, il est conseiller d\u00e9partemental du canton de Pornic depuis 2021.<\/p>\n<p>Il co-pr\u00e9side aux c\u00f4t\u00e9s de Laurence Le Bihan l\u2019association D\u00e9mocratie 44, association qui f\u00e9d\u00e8re les \u00e9lus de la droite, du centre et des sans \u00e9tiquettes au niveau d\u00e9partemental.<\/p>\n<p>Laurent Turquois, pr\u00e9sident du groupe depuis 2021, <a href=\"https:\/\/nantes.maville.com\/actu\/actudet_-municipales-2026-pourquoi-laurent-turquois-maire-de-saint-sebastien-passe-la-main-_8-6705212_actu.Htm\" target=\"_blank\" rel=\"noopener\">qui a r\u00e9cemment pass\u00e9 la main \u00e0 la t\u00eate de la mairie de Saint-S\u00e9bastien-sur-Loire<\/a>, fait toute confiance \u00e0 Pierre Martin pour continuer le travail de fond engag\u00e9 depuis de longues ann\u00e9es et pr\u00e9parer l\u2019avenir \u00bb.<\/p>\n<p>Dans un contexte budg\u00e9taire particuli\u00e8rement contraint, je vais continuer \u00e0 d\u00e9fendre l\u2019int\u00e9r\u00eat de la collectivit\u00e9 d\u00e9partementale et \u00e0 r\u00e9clamer que le D\u00e9partement se concentre pleinement sur ses comp\u00e9tences obligatoires : les solidarit\u00e9s humaines et territoriales, d\u00e9clare Pierre Martin. Avec le soutien des \u00e9lus D\u00e9mocratie 44, je resterai le d\u00e9fenseur des territoires ruraux et de l\u2019\u00e9quit\u00e9 territoriale, le porte-parole des territoires et de leurs \u00e9lus et le gardien des politiques sociales, c\u0153ur de m\u00e9tier et de mission du D\u00e9partement.<\/p>\n<p>\u00a0<\/p>\n","protected":false},"excerpt":{"rendered":"Maire de Chauv\u00e9 depuis 2014 (ndlr, il ne briguera pas de troisi\u00e8me mandat en 2026), vice-pr\u00e9sident de Pornic&hellip;\n","protected":false},"author":2,"featured_media":625618,"comment_status":"","ping_status":"","sticky":false,"template":"","format":"standard","meta":{"footnotes":""},"categories":[2818],"tags":[1111,11,6861,7516,33961,1777,674,1011,27,6079,3047,766,12,419,2636,25],"class_list":{"0":"post-625617","1":"post","2":"type-post","3":"status-publish","4":"format-standard","5":"has-post-thumbnail","7":"category-nantes","8":"tag-actu","9":"tag-actualites","10":"tag-change","11":"tag-conseil","12":"tag-departemental","13":"tag-eu","14":"tag-europe","15":"tag-fr","16":"tag-france","17":"tag-leader","18":"tag-loire-atlantique","19":"tag-nantes","20":"tag-news","21":"tag-opposition","22":"tag-pays-de-la-loire","23":"tag-republique-francaise"},"share_on_mastodon":{"url":"https:\/\/pubeurope.com\/@fr\/115792824883096293","error":""},"_links":{"self":[{"href":"https:\/\/www.europesays.com\/fr\/wp-json\/wp\/v2\/posts\/625617","targetHints":{"allow":["GET"]}}],"collection":[{"href":"https:\/\/www.europesays.com\/fr\/wp-json\/wp\/v2\/posts"}],"about":[{"href":"https:\/\/www.europesays.com\/fr\/wp-json\/wp\/v2\/types\/post"}],"author":[{"embeddable":true,"href":"https:\/\/www.europesays.com\/fr\/wp-json\/wp\/v2\/users\/2"}],"replies":[{"embeddable":true,"href":"https:\/\/www.europesays.com\/fr\/wp-json\/wp\/v2\/comments?post=625617"}],"version-history":[{"count":0,"href":"https:\/\/www.europesays.com\/fr\/wp-json\/wp\/v2\/posts\/625617\/revisions"}],"wp:featuredmedia":[{"embeddable":true,"href":"https:\/\/www.europesays.com\/fr\/wp-json\/wp\/v2\/media\/625618"}],"wp:attachment":[{"href":"https:\/\/www.europesays.com\/fr\/wp-json\/wp\/v2\/media?parent=625617"}],"wp:term":[{"taxonomy":"category","embeddable":true,"href":"https:\/\/www.europesays.com\/fr\/wp-json\/wp\/v2\/categories?post=625617"},{"taxonomy":"post_tag","embeddable":true,"href":"https:\/\/www.europesays.com\/fr\/wp-json\/wp\/v2\/tags?post=625617"}],"curies":[{"name":"wp","href":"https:\/\/api.w.org\/{rel}","templated":true}]}}