{"id":625631,"date":"2025-12-27T18:04:13","date_gmt":"2025-12-27T18:04:13","guid":{"rendered":"https:\/\/www.europesays.com\/fr\/625631\/"},"modified":"2025-12-27T18:04:13","modified_gmt":"2025-12-27T18:04:13","slug":"lille-implique-dans-un-accident-de-la-route-en-2024-le-mari-de-martine-aubry-sen-sort-sans-poursuites","status":"publish","type":"post","link":"https:\/\/www.europesays.com\/fr\/625631\/","title":{"rendered":"Lille : impliqu\u00e9 dans un accident de la route en 2024, le mari de Martine Aubry s&rsquo;en sort sans poursuites"},"content":{"rendered":"<p>                                            Politique\n                                                                            <\/p>\n<p>\n                                            Ancien b\u00e2tonnier du barreau de Lille et mari de l&rsquo;ancienne maire Martine Aubry, Jean-Louis Brochen avait provoqu\u00e9 un accident de la circulation \u00e0 Lille en f\u00e9vrier 2024. L\u2019affaire a \u00e9t\u00e9 class\u00e9e sans suite, annonce Mediapart.                                        <\/p>\n<p>                                                Publi\u00e9 le 27 d\u00e9cembre 2025 \u00e0 19h01                                                                                            <\/p>\n<p>                                            <img loading=\"lazy\" width=\"1024\" height=\"683\" src=\"https:\/\/www.europesays.com\/fr\/wp-content\/uploads\/2025\/12\/SIPA_00939013_000010.jpg\" class=\"attachment-post-thumbnail size-post-thumbnail wp-post-image\" alt=\"Une enqu\u00eate avait \u00e9t\u00e9 ouverte contre Jean-Louis Brochen pour blessures involontaires et d\u00e9lit de fuite. Photo d'archives SARAH ALCALAY\/SIPA\" decoding=\"async\"  \/><\/p>\n<p>                                            Une enqu\u00eate avait \u00e9t\u00e9 ouverte contre Jean-Louis Brochen pour blessures involontaires et d\u00e9lit de fuite. Photo d&rsquo;archives SARAH ALCALAY\/SIPA<\/p>\n<p>En f\u00e9vrier 2024, Jean-Louis Brochen avait provoqu\u00e9 un accident de la circulation \u00e0 Lille, causant des blessures \u00e0 la conductrice d\u2019une autre voiture. L\u2019ancien \u00e9lu municipal et mari de <a href=\"https:\/\/www.valeursactuelles.com\/regions\/hauts-de-france\/nord\/lille\/politique\/le-temps-est-venu-de-passer-la-main-la-maire-de-lille-martine-aubry-annonce-sa-demission\" target=\"_blank\" rel=\"noopener\">Martine Aubry<\/a> s\u2019en sort sans poursuites, <a href=\"https:\/\/www.mediapart.fr\/journal\/france\/261225\/le-mari-de-martine-aubry-cause-un-accident-de-voiture-part-et-s-en-sort-sans-poursuites\" target=\"_blank\" rel=\"nofollow noopener\">a annonc\u00e9 Mediapart<\/a>.<\/p>\n<p><a href=\"https:\/\/www.valeursactuelles.com\/clubvaleurs\/politique\/demission-de-martine-aubry-vers-la-guerre-de-succession-a-lille\" class=\"h-flex h-align-items-center h-border-tb h-ptb-15\" target=\"_blank\" rel=\"noopener\">A\u00a0LIRE\u00a0D\u00e9mission de Martine Aubry : vers la guerre de succession \u00e0 Lille<\/a>Le dossier aurait \u00e9t\u00e9 transf\u00e9r\u00e9 vers la mairie<\/p>\n<p>Peu de temps apr\u00e8s l\u2019accident <b>\u2013<\/b> le v\u00e9hicule avait percut\u00e9 un feu tricolore, qui \u00e9tait ensuite tomb\u00e9 sur une autre voiture <b>\u2013<\/b>, une enqu\u00eate avait \u00e9t\u00e9 ouverte pour blessures involontaires et d\u00e9lit de fuite. Selon les informations de Mediapart, le dossier aurait \u00e9t\u00e9 transf\u00e9r\u00e9 vers la mairie alors que la proc\u00e9dure \u00e9tait en cours et que <a href=\"https:\/\/www.valeursactuelles.com\/clubvaleurs\/politique\/lille-martine-aubry-le-crepuscule-dune-maire-endormie\" target=\"_blank\" rel=\"noopener\">Martine Aubry se trouvait \u00e0 la t\u00eate de la ville<\/a>.<\/p>\n<p>Mais le 23 mai 2024, le parquet de Lille classe le dossier sans suite. Pour le justifier, le minist\u00e8re public parle d\u2019un constat amiable entre les deux automobilistes. Ce que nie la conductrice bless\u00e9e, tout comme Jean-Louis Brochen. L\u2019accident et le d\u00e9lit de fuite ont conduit \u00e0 de simples rappels \u00e0 la loi concernant des agents impliqu\u00e9s.<\/p>\n<p><a href=\"https:\/\/www.valeursactuelles.com\/regions\/hauts-de-france\/nord\/lille\/politique\/le-temps-est-venu-de-passer-la-main-la-maire-de-lille-martine-aubry-annonce-sa-demission\" class=\"h-flex h-align-items-center h-border-tb h-ptb-15\" target=\"_blank\" rel=\"noopener\">A\u00a0LIRE\u00a0\u00ab\u00a0Le temps est venu de passer la main\u00a0\u00bb : la maire de Lille, Martine Aubry, annonce sa d\u00e9mission<\/a>                                                                    <\/p>\n","protected":false},"excerpt":{"rendered":"Politique Ancien b\u00e2tonnier du barreau de Lille et mari de l&rsquo;ancienne maire Martine Aubry, Jean-Louis Brochen avait provoqu\u00e9&hellip;\n","protected":false},"author":2,"featured_media":625632,"comment_status":"","ping_status":"","sticky":false,"template":"","format":"standard","meta":{"footnotes":""},"categories":[2815],"tags":[119,1111,11,21234,1777,674,1011,27,811,1307,15626,12,1308,25],"class_list":{"0":"post-625631","1":"post","2":"type-post","3":"status-publish","4":"format-standard","5":"has-post-thumbnail","7":"category-lille","8":"tag-accident","9":"tag-actu","10":"tag-actualites","11":"tag-delit","12":"tag-eu","13":"tag-europe","14":"tag-fr","15":"tag-france","16":"tag-hauts-de-france","17":"tag-lille","18":"tag-martine-aubry","19":"tag-news","20":"tag-nord","21":"tag-republique-francaise"},"share_on_mastodon":{"url":"https:\/\/pubeurope.com\/@fr\/115792856795232348","error":""},"_links":{"self":[{"href":"https:\/\/www.europesays.com\/fr\/wp-json\/wp\/v2\/posts\/625631","targetHints":{"allow":["GET"]}}],"collection":[{"href":"https:\/\/www.europesays.com\/fr\/wp-json\/wp\/v2\/posts"}],"about":[{"href":"https:\/\/www.europesays.com\/fr\/wp-json\/wp\/v2\/types\/post"}],"author":[{"embeddable":true,"href":"https:\/\/www.europesays.com\/fr\/wp-json\/wp\/v2\/users\/2"}],"replies":[{"embeddable":true,"href":"https:\/\/www.europesays.com\/fr\/wp-json\/wp\/v2\/comments?post=625631"}],"version-history":[{"count":0,"href":"https:\/\/www.europesays.com\/fr\/wp-json\/wp\/v2\/posts\/625631\/revisions"}],"wp:featuredmedia":[{"embeddable":true,"href":"https:\/\/www.europesays.com\/fr\/wp-json\/wp\/v2\/media\/625632"}],"wp:attachment":[{"href":"https:\/\/www.europesays.com\/fr\/wp-json\/wp\/v2\/media?parent=625631"}],"wp:term":[{"taxonomy":"category","embeddable":true,"href":"https:\/\/www.europesays.com\/fr\/wp-json\/wp\/v2\/categories?post=625631"},{"taxonomy":"post_tag","embeddable":true,"href":"https:\/\/www.europesays.com\/fr\/wp-json\/wp\/v2\/tags?post=625631"}],"curies":[{"name":"wp","href":"https:\/\/api.w.org\/{rel}","templated":true}]}}