{"id":625633,"date":"2025-12-27T18:05:25","date_gmt":"2025-12-27T18:05:25","guid":{"rendered":"https:\/\/www.europesays.com\/fr\/625633\/"},"modified":"2025-12-27T18:05:25","modified_gmt":"2025-12-27T18:05:25","slug":"horoscope-2026-vous-etes-verseau-amour-argent-sante-travail-voici-ce-quil-vous-attend-pour-lannee-a-venir-selon-notre-astrologue","status":"publish","type":"post","link":"https:\/\/www.europesays.com\/fr\/625633\/","title":{"rendered":"Horoscope 2026\u00a0: vous \u00eates Verseau\u00a0? Amour, Argent, Sant\u00e9, Travail\u2026 voici ce qu\u2019il vous attend pour l\u2019ann\u00e9e \u00e0 venir selon notre astrologue"},"content":{"rendered":"<p>\n                                                                Comme chaque ann\u00e9e, notre astrologue Suzie Gentile propose son horoscope. Amour, sant\u00e9, argent ou travail, voici ce qui attend les verseaux pour les douze mois \u00e0 venir.\n                            <\/p>\n<p>Les astres vous invitent au changement. Jupiter et Pluton en sont les ma\u00eetres d\u2019\u0153uvre. Votre temp\u00e9rament ind\u00e9pendant s\u2019exprimera clairement. Vous ne supportez plus d\u2019\u00eatre \u00e9touff\u00e9 particuli\u00e8rement dans votre vie affective. Mais vous n\u2019aimez pas faire souffrir les personnes qui partagent votre vie. Un vrai dilemme corn\u00e9lien en perspective s\u2019annonce\u00a0!<\/p>\n<p>Amour<\/p>\n<p>Les d\u00e9cisions ne seront pas faciles \u00e0 prendre, car vous le savez \u00ab\u00a0le c\u0153ur a ses raisons que la raison elle-m\u00eame ignore\u00a0\u00bb. Ce dicton sera plus que jamais d\u2019actualit\u00e9 dans votre vie affective. M\u00e9fiez-vous des conseils des uns et des autres. Prenez le taureau par les cornes, si j\u2019ose dire. Faites le point pour savoir ce que vous voulez vraiment au bout du compte.<\/p>\n<p><strong>P\u00e9riodes b\u00e9n\u00e9fiques<\/strong>\u00a0: f\u00e9vrier, d\u00e9but juin, novembre.<\/p>\n<p>Travail<\/p>\n<p>Cette ann\u00e9e 2026 sera jalonn\u00e9e de quelques coups de chance que vous saisirez au vol. Vous mettrez les bouch\u00e9es doubles dans votre travail. Vous r\u00e9ussirez l\u00e0 o\u00f9 tout le monde \u00e9choue. Encourag\u00e9(e) par vos proches, vous serez bien d\u00e9cid\u00e9 \u00e0 donner une autre image de vous. Vous en \u00e9paterez plus d\u2019un\u00a0! Il n\u2019est d\u2019ailleurs pas impossible que vous repreniez vos \u00e9tudes, voire une formation.<\/p>\n<p><strong>P\u00e9riodes b\u00e9n\u00e9fiques\u00a0:<\/strong> mi-janvier, fin ao\u00fbt, d\u00e9but d\u00e9cembre.<\/p>\n<p>Argent<\/p>\n<p>Les astres vous poussent \u00e0 faire le point sur vos biens et avoirs financiers. Vous analyserez votre situation comme un vrai professionnel. Vous changerez votre fusil d\u2019\u00e9paule et les r\u00e9sultats seront positifs. Vos finances seront saines et vous ferez de nouveaux projets. Les rentr\u00e9es d\u2019argent seront plus cons\u00e9quentes, mais vous resterez lucide. La prudence vous servira de guide dans les placements et plus particuli\u00e8rement dans le domaine immobilier.<\/p>\n<p><strong>P\u00e9riodes b\u00e9n\u00e9fiques\u00a0:<\/strong> janvier, fin juin, d\u00e9but septembre.<\/p>\n<p>Sant\u00e9<\/p>\n<p>Rassurez-vous, vous aurez une bonne sant\u00e9 dans l\u2019ensemble. Cependant, des hauts et des bas sont \u00e0 redouter. Vous devrez particuli\u00e8rement faire attention \u00e0 votre dos, et au risque d\u2019embonpoint. Veillez \u00e0 avoir une hygi\u00e8ne de vie saine. Prenez des repas \u00e9quilibr\u00e9s \u00e0 heures r\u00e9guli\u00e8res, pratiquez un exercice physique quotidien, en un mot usez de bon sens\u00a0!<\/p>\n<p><strong>P\u00e9riodes b\u00e9n\u00e9fiques\u00a0:<\/strong> mars, mi- juin, fin novembre.<\/p>\n<p>Le conseil de la voyante<\/p>\n<p>Votre d\u00e9sir d\u2019ouverture professionnelle sera satisfait et vous vous sentirez encore mieux dans vos baskets\u00a0! 2026 vous permettra plus que les autres ann\u00e9es de passer \u00e0 l\u2019action. Voici une ann\u00e9e de prise de conscience. Vous ne regarderez plus dans le r\u00e9troviseur et vous aurez ainsi la satisfaction d\u2019avoir fait un grand pas\u00a0!<\/p>\n<p>Vous \u00eates du m\u00eame signe que<\/p>\n<p>Mathilda May, Jennifer Anniston, Charline Von Monaco, Axelle Red, Caroline de Monaco, B\u00e9atrice Dalle, John Travolta, Phil Collins, Cristiano Ronaldo, Justin Timberlake, Philippe Candeloro.<\/p>\n","protected":false},"excerpt":{"rendered":"Comme chaque ann\u00e9e, notre astrologue Suzie Gentile propose son horoscope. Amour, sant\u00e9, argent ou travail, voici ce qui&hellip;\n","protected":false},"author":2,"featured_media":625634,"comment_status":"","ping_status":"","sticky":false,"template":"","format":"standard","meta":{"footnotes":""},"categories":[2814],"tags":[1111,11,1777,674,1011,27,884,12,882,71654,25],"class_list":{"0":"post-625633","1":"post","2":"type-post","3":"status-publish","4":"format-standard","5":"has-post-thumbnail","7":"category-marseille","8":"tag-actu","9":"tag-actualites","10":"tag-eu","11":"tag-europe","12":"tag-fr","13":"tag-france","14":"tag-marseille","15":"tag-news","16":"tag-provence-alpes-cote-dazur","17":"tag-rendez-vous-de-la-ru00e9daction","18":"tag-republique-francaise"},"share_on_mastodon":{"url":"https:\/\/pubeurope.com\/@fr\/115792860024637637","error":""},"_links":{"self":[{"href":"https:\/\/www.europesays.com\/fr\/wp-json\/wp\/v2\/posts\/625633","targetHints":{"allow":["GET"]}}],"collection":[{"href":"https:\/\/www.europesays.com\/fr\/wp-json\/wp\/v2\/posts"}],"about":[{"href":"https:\/\/www.europesays.com\/fr\/wp-json\/wp\/v2\/types\/post"}],"author":[{"embeddable":true,"href":"https:\/\/www.europesays.com\/fr\/wp-json\/wp\/v2\/users\/2"}],"replies":[{"embeddable":true,"href":"https:\/\/www.europesays.com\/fr\/wp-json\/wp\/v2\/comments?post=625633"}],"version-history":[{"count":0,"href":"https:\/\/www.europesays.com\/fr\/wp-json\/wp\/v2\/posts\/625633\/revisions"}],"wp:featuredmedia":[{"embeddable":true,"href":"https:\/\/www.europesays.com\/fr\/wp-json\/wp\/v2\/media\/625634"}],"wp:attachment":[{"href":"https:\/\/www.europesays.com\/fr\/wp-json\/wp\/v2\/media?parent=625633"}],"wp:term":[{"taxonomy":"category","embeddable":true,"href":"https:\/\/www.europesays.com\/fr\/wp-json\/wp\/v2\/categories?post=625633"},{"taxonomy":"post_tag","embeddable":true,"href":"https:\/\/www.europesays.com\/fr\/wp-json\/wp\/v2\/tags?post=625633"}],"curies":[{"name":"wp","href":"https:\/\/api.w.org\/{rel}","templated":true}]}}