{"id":625635,"date":"2025-12-27T18:06:11","date_gmt":"2025-12-27T18:06:11","guid":{"rendered":"https:\/\/www.europesays.com\/fr\/625635\/"},"modified":"2025-12-27T18:06:11","modified_gmt":"2025-12-27T18:06:11","slug":"ces-stars-qui-possedent-une-maison-a-marseille","status":"publish","type":"post","link":"https:\/\/www.europesays.com\/fr\/625635\/","title":{"rendered":"Ces stars qui poss\u00e8dent une maison \u00e0 Marseille"},"content":{"rendered":"<p>Quand on pense aux maisons de stars, ce sont g\u00e9n\u00e9ralement Paris<br \/>\net les grandes capitales qui nous viennent directement \u00e0 l\u00a0\u00bbesprit.<br \/>\nPourtant, plusieurs c\u00e9l\u00e9brit\u00e9s ont choisi de s&rsquo;installer dans le<br \/>\nsud de la France, \u00e0 Marseille et aux alentours.<\/p>\n<p>La maison de Laurent Ruquier \u00e0 Marseille<\/p>\n<p>Laurent Ruquier a d\u00e9j\u00e0 beaucoup \u00e9voqu\u00e9 <a href=\"https:\/\/www.lejournaldelamaison.fr\/le-journal-de-la-maison\/reportages-maisons\/maisons-reportages-maisons\/laurent-ruquier-maison-secondaire-en-normandie-471878.html\" target=\"_blank\" rel=\"noopener\"><br \/>\nsa magnifique maison situ\u00e9e en Normandie<\/a>, \u00e0 Deauville. Mais peu<br \/>\nsavent <strong>que l&rsquo;animateur poss\u00e9dait aussi un pied-\u00e0-terre \u00e0<br \/>\nMarseille<\/strong>, dans le quartier du Roucas-Blanc. Perch\u00e9e sur<br \/>\nun rocher, cette demeure lui offrait une superbe vue sur le ch\u00e2teau<br \/>\nd&rsquo;If. Ce dernier est <strong>un endroit iconique de la<br \/>\nlitt\u00e9rature<\/strong> puisque Alexandre Dumas en avait fait la<br \/>\nprison d&rsquo;Edmond Dant\u00e8s, dans Le Comte de Monte-Cristo.<\/p>\n<p>Dans son autobiographie, Michel Drucker racontait que Laurent<br \/>\nRuquier <strong>appr\u00e9ciait recevoir ses amis<\/strong> et<br \/>\nchroniqueurs dans <a href=\"https:\/\/www.lejournaldelamaison.fr\/le-journal-de-la-maison\/reportages-maisons\/maisons-reportages-maisons\/laurent-ruquier-belle-maison-dessus-places-face-chateau-dif-plantee-rocher-splendide-maison-marseille-achetee-tel-quel-519993.html\" target=\"_blank\" rel=\"noopener\"><br \/>\nsa maison du sud de la France<\/a>. Il s&rsquo;occupait personnellement de<br \/>\npr\u00e9parer les repas, essayant de satisfaire les go\u00fbts de chacun.<br \/>\nL&rsquo;animateur <strong>a v\u00e9cu plusieurs ann\u00e9es dans cette<br \/>\ndemeure<\/strong> avant de la vendre.<\/p>\n<p>Jean-Pierre Foucault a aussi choisi le sud de la France<\/p>\n<p>Jean-Pierre Foucault a, quant \u00e0 lui, choisi <strong>de<br \/>\ns&rsquo;installer \u00e0 Carry-le-Rouet<\/strong>, une petite commune situ\u00e9e<br \/>\n<a href=\"https:\/\/www.lejournaldelamaison.fr\/le-journal-de-la-maison\/decoration-par-style\/grands-hotels\/suspendu-au-dessus-des-rochers-cet-hotel-design-et-colore-pourrait-bien-devenir-ladresse-la-plus-convoitee-de-marseille-et-la-vue-est-a-couper-le-souffle-522754.html\" target=\"_blank\" rel=\"noopener\"><br \/>\n\u00e0 proximit\u00e9 de Marseille<\/a>. C&rsquo;est l\u00e0-bas que se situe sa<br \/>\nr\u00e9sidence principale depuis plus de trente ans maintenant. Il<br \/>\ns&rsquo;agit d&rsquo;une superbe villa, qui poss\u00e8de un grand jardin, une<br \/>\npiscine et <strong>un acc\u00e8s direct \u00e0 la plage<\/strong>.<\/p>\n<p>M\u00eame s&rsquo;il continue de faire r\u00e9guli\u00e8rement <strong>le trajet<br \/>\njusqu&rsquo;\u00e0 Paris<\/strong> pour animer des \u00e9missions, le pr\u00e9sentateur<br \/>\naime retrouver son bureau. Il y fait notamment la collection de<br \/>\nradios anciennes. Quand ils viennent lui rendre visite, ses proches<br \/>\nprofitent de <a href=\"https:\/\/www.lejournaldelamaison.fr\/le-journal-de-la-maison\/reportages-maisons\/villa-novak-djokovic-marbella-519928.html\" target=\"_blank\" rel=\"noopener\"><br \/>\n<strong>l&rsquo;incroyable vue sur la M\u00e9diterran\u00e9e<\/strong><\/a> et sur<br \/>\nMarseille.<\/p>\n<blockquote class=\"instagram-media\" style=\"background: #ffffff;border: 0;margin: 1px;width: 100%;padding: 0;max-width: 500px;\" data-instgrm-permalink=\"https:\/\/www.instagram.com\/reels\/DMng9IosHl7\/\" data-instgrm-version=\"14\"\/><p>\nCes autres c\u00e9l\u00e9brit\u00e9s qui habitent \u00e0<br \/>\nMarseille<\/p>\n<p>Laurent Ruquier et Jean-Pierre Foucault sont loin d&rsquo;\u00eatre les<br \/>\nseules c\u00e9l\u00e9brit\u00e9s <strong>\u00e0 avoir pos\u00e9 leurs valises \u00e0<br \/>\nMarseille<\/strong>. Jean-Jacques Goldman, toujours tr\u00e8s appr\u00e9ci\u00e9 du<br \/>\npublic, vit avec sa famille dans une magnifique villa situ\u00e9e dans<br \/>\nle 7e arrondissement, au Roucas-Blanc. <a href=\"https:\/\/www.lejournaldelamaison.fr\/le-journal-de-la-maison\/reportages-maisons\/maisons-reportages-maisons\/jean-jacques-goldman-villa-marseille-524928.html\" target=\"_blank\" rel=\"noopener\"><br \/>\nIl y m\u00e8ne une vie simple \u00e0 Marseille<\/a>, <strong>loin des m\u00e9dias<br \/>\net de l&rsquo;agitation parisienne<\/strong>.<\/p>\n<p>Une autre artiste, bien plus jeune, a emm\u00e9nag\u00e9 \u00e0 Marseille.<br \/>\n<a href=\"https:\/\/www.lejournaldelamaison.fr\/le-journal-de-la-maison\/reportages-maisons\/maisons-reportages-maisons\/louane-sa-maison-a-marseille-tres-moderne-entouree-dune-abondante-vegetation-ou-elle-aime-passer-du-temps-avec-florian-rossi-et-leur-fille-511642.html\" target=\"_blank\" rel=\"noopener\"><br \/>\nLouane a une belle maison<\/a> dans laquelle elle prend le temps de<br \/>\nse ressourcer et de faire des pauses avant de revenir \u00e0 Paris. Elle<br \/>\npeut souffler entre les concerts et ses nombreux engagements,<br \/>\nprofitant d&rsquo;un environnement plus apaisant, <strong>proche de la<br \/>\nmer<\/strong>.<\/p>\n<p><script async src=\"\/\/www.instagram.com\/embed.js\"><\/script><\/p>\n","protected":false},"excerpt":{"rendered":"Quand on pense aux maisons de stars, ce sont g\u00e9n\u00e9ralement Paris et les grandes capitales qui nous viennent&hellip;\n","protected":false},"author":2,"featured_media":625636,"comment_status":"","ping_status":"","sticky":false,"template":"","format":"standard","meta":{"footnotes":""},"categories":[2814],"tags":[13041,1111,11,9122,1777,674,73488,1011,27,13392,3955,4501,2142,884,12,11850,73489,882,3583,25,73487,3287,96],"class_list":{"0":"post-625635","1":"post","2":"type-post","3":"status-publish","4":"format-standard","5":"has-post-thumbnail","7":"category-marseille","8":"tag-a","9":"tag-actu","10":"tag-actualites","11":"tag-ces","12":"tag-eu","13":"tag-europe","14":"tag-foucault","15":"tag-fr","16":"tag-france","17":"tag-jean","18":"tag-laurent","19":"tag-louane","20":"tag-maison","21":"tag-marseille","22":"tag-news","23":"tag-pierre","24":"tag-possedent","25":"tag-provence-alpes-cote-dazur","26":"tag-qui","27":"tag-republique-francaise","28":"tag-ruquier","29":"tag-stars","30":"tag-une"},"share_on_mastodon":{"url":"https:\/\/pubeurope.com\/@fr\/115792863811521887","error":""},"_links":{"self":[{"href":"https:\/\/www.europesays.com\/fr\/wp-json\/wp\/v2\/posts\/625635","targetHints":{"allow":["GET"]}}],"collection":[{"href":"https:\/\/www.europesays.com\/fr\/wp-json\/wp\/v2\/posts"}],"about":[{"href":"https:\/\/www.europesays.com\/fr\/wp-json\/wp\/v2\/types\/post"}],"author":[{"embeddable":true,"href":"https:\/\/www.europesays.com\/fr\/wp-json\/wp\/v2\/users\/2"}],"replies":[{"embeddable":true,"href":"https:\/\/www.europesays.com\/fr\/wp-json\/wp\/v2\/comments?post=625635"}],"version-history":[{"count":0,"href":"https:\/\/www.europesays.com\/fr\/wp-json\/wp\/v2\/posts\/625635\/revisions"}],"wp:featuredmedia":[{"embeddable":true,"href":"https:\/\/www.europesays.com\/fr\/wp-json\/wp\/v2\/media\/625636"}],"wp:attachment":[{"href":"https:\/\/www.europesays.com\/fr\/wp-json\/wp\/v2\/media?parent=625635"}],"wp:term":[{"taxonomy":"category","embeddable":true,"href":"https:\/\/www.europesays.com\/fr\/wp-json\/wp\/v2\/categories?post=625635"},{"taxonomy":"post_tag","embeddable":true,"href":"https:\/\/www.europesays.com\/fr\/wp-json\/wp\/v2\/tags?post=625635"}],"curies":[{"name":"wp","href":"https:\/\/api.w.org\/{rel}","templated":true}]}}