{"id":625637,"date":"2025-12-27T18:07:25","date_gmt":"2025-12-27T18:07:25","guid":{"rendered":"https:\/\/www.europesays.com\/fr\/625637\/"},"modified":"2025-12-27T18:07:25","modified_gmt":"2025-12-27T18:07:25","slug":"lyon-8e-lyon-3e-le-24-il-fallait-sarmer-de-patience-avenue-des-freres-lumiere","status":"publish","type":"post","link":"https:\/\/www.europesays.com\/fr\/625637\/","title":{"rendered":"Lyon 8e | Lyon 3e. Le 24, il fallait s\u2019armer de patience, avenue des Fr\u00e8res-Lumi\u00e8re"},"content":{"rendered":"<p>Pour le r\u00e9veillon de No\u00ebl, le 24\u00a0d\u00e9cembre dans l\u2019apr\u00e8s-midi, il y avait une tr\u00e8s grande queue avenue des Fr\u00e8res-Lumi\u00e8re dans le quartier de Monplaisir. Les commandes pass\u00e9es chez les bouchers traiteurs, p\u00e2tissiers et autres chocolatiers de Monplaisir donnaient lieu \u00e0 de grandes files sur les trottoirs. Presque 100 m\u00e8tres pour celle qui menait \u00e0 la Maison Bouillet, qui pour l\u2019occasion avait m\u00eame install\u00e9 un stand devant sa boutique juste pour les commandes de b\u00fbches.<\/p>\n","protected":false},"excerpt":{"rendered":"Pour le r\u00e9veillon de No\u00ebl, le 24\u00a0d\u00e9cembre dans l\u2019apr\u00e8s-midi, il y avait une tr\u00e8s grande queue avenue des&hellip;\n","protected":false},"author":2,"featured_media":625638,"comment_status":"","ping_status":"","sticky":false,"template":"","format":"standard","meta":{"footnotes":""},"categories":[1889],"tags":[1111,11,2430,4406,33,2757,1777,674,1011,27,1757,2428,9744,9743,12,25],"class_list":{"0":"post-625637","1":"post","2":"type-post","3":"status-publish","4":"format-standard","5":"has-post-thumbnail","7":"category-lyon","8":"tag-actu","9":"tag-actualites","10":"tag-auvergne-rhone-alpes","11":"tag-commerce-et-services","12":"tag-economie","13":"tag-edition-lyon-villeurbanne","14":"tag-eu","15":"tag-europe","16":"tag-fr","17":"tag-france","18":"tag-insolite","19":"tag-lyon","20":"tag-lyon-8e","21":"tag-lyon-8e-arrondissement","22":"tag-news","23":"tag-republique-francaise"},"share_on_mastodon":{"url":"https:\/\/pubeurope.com\/@fr\/115792867845636720","error":""},"_links":{"self":[{"href":"https:\/\/www.europesays.com\/fr\/wp-json\/wp\/v2\/posts\/625637","targetHints":{"allow":["GET"]}}],"collection":[{"href":"https:\/\/www.europesays.com\/fr\/wp-json\/wp\/v2\/posts"}],"about":[{"href":"https:\/\/www.europesays.com\/fr\/wp-json\/wp\/v2\/types\/post"}],"author":[{"embeddable":true,"href":"https:\/\/www.europesays.com\/fr\/wp-json\/wp\/v2\/users\/2"}],"replies":[{"embeddable":true,"href":"https:\/\/www.europesays.com\/fr\/wp-json\/wp\/v2\/comments?post=625637"}],"version-history":[{"count":0,"href":"https:\/\/www.europesays.com\/fr\/wp-json\/wp\/v2\/posts\/625637\/revisions"}],"wp:featuredmedia":[{"embeddable":true,"href":"https:\/\/www.europesays.com\/fr\/wp-json\/wp\/v2\/media\/625638"}],"wp:attachment":[{"href":"https:\/\/www.europesays.com\/fr\/wp-json\/wp\/v2\/media?parent=625637"}],"wp:term":[{"taxonomy":"category","embeddable":true,"href":"https:\/\/www.europesays.com\/fr\/wp-json\/wp\/v2\/categories?post=625637"},{"taxonomy":"post_tag","embeddable":true,"href":"https:\/\/www.europesays.com\/fr\/wp-json\/wp\/v2\/tags?post=625637"}],"curies":[{"name":"wp","href":"https:\/\/api.w.org\/{rel}","templated":true}]}}