{"id":625644,"date":"2025-12-27T18:13:16","date_gmt":"2025-12-27T18:13:16","guid":{"rendered":"https:\/\/www.europesays.com\/fr\/625644\/"},"modified":"2025-12-27T18:13:16","modified_gmt":"2025-12-27T18:13:16","slug":"paris-un-sdf-meurt-dans-lincendie-dun-box-dans-un-parking-souterrain","status":"publish","type":"post","link":"https:\/\/www.europesays.com\/fr\/625644\/","title":{"rendered":"Paris : un SDF meurt dans l&rsquo;incendie d&rsquo;un box dans un parking souterrain"},"content":{"rendered":"<ul class=\"jsx-862013697 ArticleChapo__List\">\n<li class=\"jsx-862013697 ArticleChapo__List_Item flex\">Le corps d&rsquo;un sans-abri a \u00e9t\u00e9 d\u00e9couvert samedi matin dans le box d&rsquo;un parking souterrain du 13\u1d49 arrondissement de Paris.<\/li>\n<li class=\"jsx-862013697 ArticleChapo__List_Item flex\">La victime se trouvait sur les lieux o\u00f9 les pompiers intervenaient pour un incendie.<\/li>\n<li class=\"jsx-862013697 ArticleChapo__List_Item flex\">L&rsquo;origine du feu n&rsquo;est pas d\u00e9termin\u00e9e \u00e0 ce stade.<\/li>\n<\/ul>\n<p data-module=\"article-paragraph\" class=\"jsx-157965717 Paragraph\">Le drame s&rsquo;est nou\u00e9 au niveau -2 d&rsquo;un parking souterrain situ\u00e9 sous la Tour Bergame, un immeuble du 13\u1d49 arrondissement de Paris. Les pompiers ont d\u00e9couvert, samedi matin, le corps d&rsquo;un sans-abri alors qu&rsquo;ils intervenaient pour \u00e9teindre un incendie dans un box du parking.\u00a0<\/p>\n<p data-module=\"article-paragraph\" class=\"jsx-157965717 Paragraph Paragraph__End\">\u00ab\u00a0Une enqu\u00eate en recherche des causes de la mort a \u00e9t\u00e9 confi\u00e9e au commissariat du 13\u1d49 arrondissement apr\u00e8s la d\u00e9couverte du corps sans vie d&rsquo;une personne sans domicile fixe, d\u00e9c\u00e9d\u00e9e dans un incendie qui semble s&rsquo;\u00eatre d\u00e9clar\u00e9 dans un parking situ\u00e9 avenue de Choisy\u00a0\u00bb, dans le sud de la capitale, a indiqu\u00e9 le parquet de Paris. \u00ab\u00a0Les investigations visant \u00e0 comprendre les circonstances et le d\u00e9roulement des faits sont en cours\u00a0\u00bb, a-t-il ajout\u00e9.<\/p>\n<p data-module=\"article-paragraph\" class=\"jsx-157965717 Paragraph\">Vers 4h40, le personnel de s\u00e9curit\u00e9 de la Tour Bergame, essentiellement r\u00e9sidentielle, a appel\u00e9 les secours pour un d\u00e9gagement de fum\u00e9e provenant de ce box situ\u00e9 au niveau -2 du parking, a pr\u00e9cis\u00e9 une source polici\u00e8re \u00e0 l&rsquo;AFP. Une fois le feu \u00e9teint, alors que les sapeurs-pompiers proc\u00e9daient au d\u00e9senfumage des lieux, ils ont d\u00e9couvert le cadavre de la victime.\u00a0<\/p>\n<p data-module=\"article-paragraph\" class=\"jsx-157965717 Paragraph Paragraph__End\">L&rsquo;origine du feu n&rsquo;a pas \u00e9t\u00e9 d\u00e9termin\u00e9e \u00e0 ce stade, a pr\u00e9cis\u00e9 la source polici\u00e8re.\u00a0<\/p>\n<p>La r\u00e9daction de TF1info avec AFP<\/p>\n","protected":false},"excerpt":{"rendered":"Le corps d&rsquo;un sans-abri a \u00e9t\u00e9 d\u00e9couvert samedi matin dans le box d&rsquo;un parking souterrain du 13\u1d49 arrondissement&hellip;\n","protected":false},"author":2,"featured_media":104826,"comment_status":"","ping_status":"","sticky":false,"template":"","format":"standard","meta":{"footnotes":""},"categories":[1888],"tags":[1111,1928,11,1927,1921,1777,674,5582,1011,27,1310,1922,2954,12,1926,626,1925,1072,4775,25,133,2953],"class_list":{"0":"post-625644","1":"post","2":"type-post","3":"status-publish","4":"format-standard","5":"has-post-thumbnail","7":"category-paris","8":"tag-actu","9":"tag-actu-paris","10":"tag-actualites","11":"tag-actualites-paris","12":"tag-article-video","13":"tag-eu","14":"tag-europe","15":"tag-forces-de-lordre-armee-pompiers","16":"tag-fr","17":"tag-france","18":"tag-incendie","19":"tag-info","20":"tag-justice-et-faits-divers","21":"tag-news","22":"tag-news-paris","23":"tag-paris","24":"tag-paris-news","25":"tag-police","26":"tag-pompier","27":"tag-republique-francaise","28":"tag-video","29":"tag-video-police"},"share_on_mastodon":{"url":"https:\/\/pubeurope.com\/@fr\/115792891384541411","error":""},"_links":{"self":[{"href":"https:\/\/www.europesays.com\/fr\/wp-json\/wp\/v2\/posts\/625644","targetHints":{"allow":["GET"]}}],"collection":[{"href":"https:\/\/www.europesays.com\/fr\/wp-json\/wp\/v2\/posts"}],"about":[{"href":"https:\/\/www.europesays.com\/fr\/wp-json\/wp\/v2\/types\/post"}],"author":[{"embeddable":true,"href":"https:\/\/www.europesays.com\/fr\/wp-json\/wp\/v2\/users\/2"}],"replies":[{"embeddable":true,"href":"https:\/\/www.europesays.com\/fr\/wp-json\/wp\/v2\/comments?post=625644"}],"version-history":[{"count":0,"href":"https:\/\/www.europesays.com\/fr\/wp-json\/wp\/v2\/posts\/625644\/revisions"}],"wp:featuredmedia":[{"embeddable":true,"href":"https:\/\/www.europesays.com\/fr\/wp-json\/wp\/v2\/media\/104826"}],"wp:attachment":[{"href":"https:\/\/www.europesays.com\/fr\/wp-json\/wp\/v2\/media?parent=625644"}],"wp:term":[{"taxonomy":"category","embeddable":true,"href":"https:\/\/www.europesays.com\/fr\/wp-json\/wp\/v2\/categories?post=625644"},{"taxonomy":"post_tag","embeddable":true,"href":"https:\/\/www.europesays.com\/fr\/wp-json\/wp\/v2\/tags?post=625644"}],"curies":[{"name":"wp","href":"https:\/\/api.w.org\/{rel}","templated":true}]}}