{"id":625653,"date":"2025-12-27T18:18:21","date_gmt":"2025-12-27T18:18:21","guid":{"rendered":"https:\/\/www.europesays.com\/fr\/625653\/"},"modified":"2025-12-27T18:18:21","modified_gmt":"2025-12-27T18:18:21","slug":"la-communication-agressive-et-decalee-de-cadillac-f1-aux-usa","status":"publish","type":"post","link":"https:\/\/www.europesays.com\/fr\/625653\/","title":{"rendered":"La communication agressive et d\u00e9cal\u00e9e de Cadillac F1 aux USA"},"content":{"rendered":"<p itemprop=\"description\">La marque am\u00e9ricaine a choisi de frapper<br \/>\nfort pour son entr\u00e9e en Formule 1 en d\u00e9voilant sa livr\u00e9e 2026 \u00e0 la<br \/>\nmi-temps du Super Bowl, la finale du championnat de NFL, \u00e9v\u00e9nement<br \/>\nle plus regard\u00e9 de l\u2019ann\u00e9e.<\/p>\n<p data-start=\"0\" data-end=\"433\">Le spot publicitaire qui<br \/>\npr\u00e9sentera la nouvelle monoplace, au co\u00fbt estim\u00e9 entre 10 et 20<br \/>\nmillions de dollars, sera un double encart d\u2019une minute, une<br \/>\nexposition exceptionnelle pour une \u00e9curie encore inconnue du grand<br \/>\npublic.<\/p>\n<p data-start=\"498\" data-end=\"663\">Pour Graeme Lowdon, team<br \/>\nprincipal de Cadillac F1, ce lancement en grande pompe correspond<br \/>\nparfaitement \u00e0 l\u2019ambition du projet et \u00e0 l\u2019ADN am\u00e9ricain de la<br \/>\nonzi\u00e8me \u00e9quipe du plateau.<\/p>\n<p>America first<\/p>\n<p data-start=\"667\" data-end=\"858\">\u00ab\u00a0L\u2019un des arguments que nous<br \/>\navons avanc\u00e9s pour justifier notre entr\u00e9e dans la comp\u00e9tition \u00e9tait<br \/>\nque nous voulions vraiment faire des choses qui attireraient de<br \/>\nnouveaux fans vers la Formule 1, souligne le manager anglais.<br \/>\nC\u2019est un exemple de cela. C\u2019est vraiment bon pour la F1, c\u2019est<br \/>\nformidable pour l\u2019\u00e9quipe. Cela fait le lien entre tout ce qui<br \/>\ntouche \u00e0 la culture, au sport en g\u00e9n\u00e9ral, \u00e0 la F1 en particulier, \u00e0<br \/>\nl\u2019h\u00e9ritage am\u00e9ricain, \u00e0 ce que nous faisons.\u00a0\u00bb<\/p>\n<p data-start=\"1094\" data-end=\"1425\">\u00ab\u00a0Cela permet \u00e9galement de<br \/>\nd\u00e9finir la mani\u00e8re dont l\u2019\u00e9curie souhaite proc\u00e9der. Si cela attire<br \/>\nde nouveaux fans qui suivront le team, et si cela attire de<br \/>\nnouveaux fans pour la F1, alors tant mieux, se r\u00e9jouit-il.<br \/>\nNous sommes d\u00e9j\u00e0 convertis, mais j\u2019esp\u00e8re que beaucoup de gens<br \/>\nverront cela et diront \u2019eh bien, \u00e7a a l\u2019air plut\u00f4t cool\u2019.\u00a0\u00bb<\/p>\n<p>Cadillac ratisse large<\/p>\n<p data-start=\"1485\" data-end=\"1701\">Ce lancement spectaculaire ne<br \/>\nvise pas seulement les fans de Formule 1 : c\u2019est aussi un coup<br \/>\nmarketing strat\u00e9gique pour Cadillac, qui cherche \u00e0 associer sa<br \/>\nmarque \u00e0 l\u2019innovation, au sport et \u00e0 la performance.<\/p>\n<p data-start=\"1705\" data-end=\"1850\">\u00ab\u00a0Le lancement d\u2019une livr\u00e9e<br \/>\nest un moment de fiert\u00e9, et c\u2019est l\u2019occasion de le faire pour<br \/>\ntoucher le plus grand nombre de personnes possible, poursuit<br \/>\nLowdon. C\u2019est g\u00e9nial le Super Bowl : nous voulons que les gens<br \/>\nvoient la voiture et que cela \u00e9veille leur curiosit\u00e9 \u00e0 propos de<br \/>\nl\u2019\u00e9quipe. Nous avons souvent dit que nous ne d\u00e9sirons pas<br \/>\nque les gens se contentent de suivre ce que nous faisons. Nous<br \/>\nsouhaitons qu\u2019ils viennent nous rejoindre dans cette aventure qui<br \/>\nconsiste \u00e0 cr\u00e9er une nouvelle \u00e9curie.\u00a0\u00bb<\/p>\n<p>Affirmer son identit\u00e9<\/p>\n<p data-start=\"2189\" data-end=\"2340\">\u00ab\u00a0Cela n\u2019arrive pas tr\u00e8s<br \/>\nsouvent. Nous pensons que c\u2019est une aventure super cool, et plus il<br \/>\ny aura de gens qui se joindront \u00e0 nous, mieux ce sera,<br \/>\nconclut-il. Nous esp\u00e9rons que l\u2019initiative du Super Bowl pourra<br \/>\njouer un r\u00f4le cl\u00e9 \u00e0 cet \u00e9gard.\u00a0\u00bb<\/p>\n<p data-start=\"2501\" data-end=\"2845\">En utilisant l\u2019un des plus<br \/>\ngrands \u00e9v\u00e9nements m\u00e9diatiques de la plan\u00e8te pour lancer une<br \/>\nnouvelle \u00e9quipe de Formule 1, Cadillac montre qu\u2019elle ne vient pas<br \/>\npour jouer les figurants. Le Super Bowl est plus qu\u2019un coup de<br \/>\nprojecteur, c\u2019est une d\u00e9claration d\u2019intention, un message : la F1<br \/>\nam\u00e9ricaine existe, et elle veut \u00eatre vue.<\/p>\n","protected":false},"excerpt":{"rendered":"La marque am\u00e9ricaine a choisi de frapper fort pour son entr\u00e9e en Formule 1 en d\u00e9voilant sa livr\u00e9e&hellip;\n","protected":false},"author":2,"featured_media":625654,"comment_status":"","ping_status":"","sticky":false,"template":"","format":"standard","meta":{"footnotes":""},"categories":[1589],"tags":[11,16036,73,1866,12,45530,1864,1865,1863,308],"class_list":{"0":"post-625653","1":"post","2":"type-post","3":"status-publish","4":"format-standard","5":"has-post-thumbnail","7":"category-etats-unis","8":"tag-actualites","9":"tag-cadillac","10":"tag-etats-unis","11":"tag-etats-unis-damerique","12":"tag-news","13":"tag-super-bowl","14":"tag-united-states","15":"tag-united-states-of-america","16":"tag-us","17":"tag-usa"},"share_on_mastodon":{"url":"https:\/\/pubeurope.com\/@fr\/115792911156983941","error":""},"_links":{"self":[{"href":"https:\/\/www.europesays.com\/fr\/wp-json\/wp\/v2\/posts\/625653","targetHints":{"allow":["GET"]}}],"collection":[{"href":"https:\/\/www.europesays.com\/fr\/wp-json\/wp\/v2\/posts"}],"about":[{"href":"https:\/\/www.europesays.com\/fr\/wp-json\/wp\/v2\/types\/post"}],"author":[{"embeddable":true,"href":"https:\/\/www.europesays.com\/fr\/wp-json\/wp\/v2\/users\/2"}],"replies":[{"embeddable":true,"href":"https:\/\/www.europesays.com\/fr\/wp-json\/wp\/v2\/comments?post=625653"}],"version-history":[{"count":0,"href":"https:\/\/www.europesays.com\/fr\/wp-json\/wp\/v2\/posts\/625653\/revisions"}],"wp:featuredmedia":[{"embeddable":true,"href":"https:\/\/www.europesays.com\/fr\/wp-json\/wp\/v2\/media\/625654"}],"wp:attachment":[{"href":"https:\/\/www.europesays.com\/fr\/wp-json\/wp\/v2\/media?parent=625653"}],"wp:term":[{"taxonomy":"category","embeddable":true,"href":"https:\/\/www.europesays.com\/fr\/wp-json\/wp\/v2\/categories?post=625653"},{"taxonomy":"post_tag","embeddable":true,"href":"https:\/\/www.europesays.com\/fr\/wp-json\/wp\/v2\/tags?post=625653"}],"curies":[{"name":"wp","href":"https:\/\/api.w.org\/{rel}","templated":true}]}}