{"id":625655,"date":"2025-12-27T18:19:17","date_gmt":"2025-12-27T18:19:17","guid":{"rendered":"https:\/\/www.europesays.com\/fr\/625655\/"},"modified":"2025-12-27T18:19:17","modified_gmt":"2025-12-27T18:19:17","slug":"le-pret-au-royaume-uni-de-la-tapisserie-de-bayeux-assure-pour-pres-dun-milliard-deuros-actualites","status":"publish","type":"post","link":"https:\/\/www.europesays.com\/fr\/625655\/","title":{"rendered":"Le pr\u00eat au Royaume-Uni de la tapisserie de Bayeux assur\u00e9 pour pr\u00e8s d\u2019un milliard d\u2019euros : Actualit\u00e9s"},"content":{"rendered":"<p class=\"lead \"><strong>Alors que le mus\u00e9e normand qui l\u2019abrite va \u00eatre r\u00e9nov\u00e9, la tapisserie de Bayeux doit \u00eatre expos\u00e9e \u00e0 Londres \u00e0 partir de l\u2019\u00e9t\u00e9 2026. Son transfert, jug\u00e9 risqu\u00e9 par de nombreux sp\u00e9cialistes, sera couvert par une assurance exceptionnelle, prise en charge par l\u2019\u00c9tat britannique.<\/strong><\/p>\n<p class=\"lead \">Chef-d\u2019\u0153uvre m\u00e9di\u00e9val d\u2019une valeur quasi inestimable, la tapisserie de Bayeux s\u2019appr\u00eate \u00e0 traverser la Manche. Pendant la fermeture pour travaux de son mus\u00e9e en Normandie, l\u2019\u0153uvre doit \u00eatre pr\u00eat\u00e9e au Royaume-Uni et pr\u00e9sent\u00e9e au British Museum entre septembre 2026 et juillet 2027. Une op\u00e9ration d\u00e9licate, accompagn\u00e9e d\u2019une couverture financi\u00e8re hors normes : selon <a href=\"https:\/\/www.ft.com\/content\/ec9ac8eb-adce-43b1-914d-c2a7a381bf0d\" target=\"_blank\" rel=\"noopener\">The Financial Times<\/a>, l\u2019assurance pr\u00e9vue atteindrait 800 millions de livres, soit environ 917 millions d\u2019euros.<\/p>\n<p class=\"lead \">Contact\u00e9 par <a href=\"https:\/\/www.francebleu.fr\/infos\/culture-loisirs\/le-transfert-et-le-pret-de-la-tapisserie-de-bayeux-assure-pour-pres-d-un-milliard-d-euros-par-le-royaume-uni-4808450\" target=\"_blank\" rel=\"noopener\">ICI Normandie<\/a>, le Tr\u00e9sor britannique a confirm\u00e9 samedi 27 d\u00e9cembre que le montant \u00ab\u00a0est bien de cet ordre\u00a0\u00bb, sans pouvoir \u00ab\u00a0confirmer directement le montant\u00a0\u00bb, lequel doit encore recevoir l\u2019aval de la ministre des Finances. <\/p>\n<p>                                                                                                Des pi\u00e8ces pr\u00eat\u00e9es \u00e0 la France en \u00e9change<\/p>\n<p class=\"lead \">L\u2019assurance peut sembler astronomique, mais elle est indispensable compte tenu de l&rsquo;extr\u00eame fragilit\u00e9 de la broderie, vieille de pr\u00e8s de 1 000 ans. De quoi faire bondir certains sp\u00e9cialistes qui ont lanc\u00e9 une p\u00e9tition pour s\u2019opposer au projet, rapporte ICI Normandie. Le dispositif, qui couvrira le trajet aller-retour entre la Normandie et Londres et la dur\u00e9e du pr\u00eat, repose comme l\u2019indique un <a href=\"https:\/\/assets.publishing.service.gov.uk\/media\/6929b6f4345e31ab14ecf73e\/_UK_first__Administrative_Arrangement_Bayeux_English__accessible_final.pdf\" target=\"_blank\" rel=\"noopener\">document officiel<\/a> sur le Government Indemnity Scheme britannique, qui permet \u00e0 l\u2019\u00c9tat de se porter garant \u00e0 la place des assureurs priv\u00e9s. <\/p>\n<p class=\"lead \">En \u00e9change de la tapisserie de Bayeux, le British Museum pr\u00eatera plusieurs objets \u00e0 la France. Parmi eux, des artefacts anglo-saxons du VIIe si\u00e8cle d\u00e9couverts sur un site fun\u00e9raire du Suffolk, ou encore des pi\u00e8ces d&rsquo;\u00e9checs de Lewis du XIIe si\u00e8cle, pr\u00e9cise la <a href=\"https:\/\/www.bbc.com\/news\/articles\/c79x21wdlgeo\" target=\"_blank\" rel=\"noopener\">BBC<\/a>.<\/p>\n<p class=\"small font-weight-bold text-gray3 \"> publi\u00e9 le 27 d\u00e9cembre \u00e0 18h00, Marion Gauvain, 6Medias<\/p>\n<p>                             Partager<\/p>\n","protected":false},"excerpt":{"rendered":"Alors que le mus\u00e9e normand qui l\u2019abrite va \u00eatre r\u00e9nov\u00e9, la tapisserie de Bayeux doit \u00eatre expos\u00e9e \u00e0&hellip;\n","protected":false},"author":2,"featured_media":625656,"comment_status":"","ping_status":"","sticky":false,"template":"","format":"standard","meta":{"footnotes":""},"categories":[1588],"tags":[11,1777,674,12,473,1853,1851,1850,1852],"class_list":{"0":"post-625655","1":"post","2":"type-post","3":"status-publish","4":"format-standard","5":"has-post-thumbnail","7":"category-royaume-uni","8":"tag-actualites","9":"tag-eu","10":"tag-europe","11":"tag-news","12":"tag-royaume-uni","13":"tag-royaume-uni-de-grande-bretagne-et-dirlande-du-nord","14":"tag-uk","15":"tag-united-kingdom","16":"tag-united-kingdom-of-great-britain-and-northern-ireland"},"share_on_mastodon":{"url":"https:\/\/pubeurope.com\/@fr\/115792915050099957","error":""},"_links":{"self":[{"href":"https:\/\/www.europesays.com\/fr\/wp-json\/wp\/v2\/posts\/625655","targetHints":{"allow":["GET"]}}],"collection":[{"href":"https:\/\/www.europesays.com\/fr\/wp-json\/wp\/v2\/posts"}],"about":[{"href":"https:\/\/www.europesays.com\/fr\/wp-json\/wp\/v2\/types\/post"}],"author":[{"embeddable":true,"href":"https:\/\/www.europesays.com\/fr\/wp-json\/wp\/v2\/users\/2"}],"replies":[{"embeddable":true,"href":"https:\/\/www.europesays.com\/fr\/wp-json\/wp\/v2\/comments?post=625655"}],"version-history":[{"count":0,"href":"https:\/\/www.europesays.com\/fr\/wp-json\/wp\/v2\/posts\/625655\/revisions"}],"wp:featuredmedia":[{"embeddable":true,"href":"https:\/\/www.europesays.com\/fr\/wp-json\/wp\/v2\/media\/625656"}],"wp:attachment":[{"href":"https:\/\/www.europesays.com\/fr\/wp-json\/wp\/v2\/media?parent=625655"}],"wp:term":[{"taxonomy":"category","embeddable":true,"href":"https:\/\/www.europesays.com\/fr\/wp-json\/wp\/v2\/categories?post=625655"},{"taxonomy":"post_tag","embeddable":true,"href":"https:\/\/www.europesays.com\/fr\/wp-json\/wp\/v2\/tags?post=625655"}],"curies":[{"name":"wp","href":"https:\/\/api.w.org\/{rel}","templated":true}]}}