{"id":625668,"date":"2025-12-27T18:28:23","date_gmt":"2025-12-27T18:28:23","guid":{"rendered":"https:\/\/www.europesays.com\/fr\/625668\/"},"modified":"2025-12-27T18:28:23","modified_gmt":"2025-12-27T18:28:23","slug":"les-dessous-du-depart-dalexandre-strehlau-du-tvb-vers-cuneo","status":"publish","type":"post","link":"https:\/\/www.europesays.com\/fr\/625668\/","title":{"rendered":"les dessous du d\u00e9part d\u2019Alexandre Strehlau du TVB vers Cuneo"},"content":{"rendered":"<p>Le volley fran\u00e7ais l\u2019apprend un peu plus chaque ann\u00e9e \u00e0 ses d\u00e9pens\u00a0: il est terriblement difficile de garder ses meilleurs talents dans son championnat maison, quand les sir\u00e8nes polonaises ou italiennes appellent. Le Tours Volley-Ball a beau \u00eatre la r\u00e9f\u00e9rence nationale, il n\u2019\u00e9chappe pas \u00e0 ce douloureux constat. Et c\u2019est ainsi qu\u2019en pleine tr\u00eave de No\u00ebl, il a d\u00fb accepter la d\u00e9cision d\u2019<a target=\"_self\" href=\"https:\/\/www.lanouvellerepublique.fr\/tours\/volley-ball-alexandre-strehlau-quitte-le-tvb-pour-l-italie-1766827491\" rel=\"noopener\">Alexandre Strehlau<\/a> de quitter le navire d\u00e8s cet hiver, direction Cuneo, en SuperLega. <\/p>\n<p>\u00ab\u00a0Quand on a sign\u00e9 le nouveau contrat d\u2019Alexandre (il y a un an, pour lier le joueur au TVB jusqu\u2019en 2027), il y avait une clause qu\u2019il pouvait activer pour partir, explique le pr\u00e9sident du TVB, Fran\u00e7ois Bruneau. C\u2019est compliqu\u00e9 de communiquer dessus parce que ce n\u2019est pas ce que l\u2019on souhaitait.\u00a0\u00bb<\/p>\n<p>S\u2019il n\u2019est pas le premier jeune Fran\u00e7ais \u00e0 quitter Tours pour relever le challenge d\u2019un championnat sup\u00e9rieur \u2013 \u00e0 l\u2019instar, ces derni\u00e8res saisons, de Benjamin Diez ou Antoine Pothron, partis en Pologne \u2013 le timing a cette fois de quoi interroger&#8230;. <\/p>\n<p>    Cet article a \u00e9t\u00e9 tronqu\u00e9. Abonnez-vous pour lire l&rsquo;article complet sur notre site.<\/p>\n<p style=\"margin: 0 !important; padding: 0 !important; font-size: 12px !important;\">Cet article a \u00e9t\u00e9 tronqu\u00e9. Abonnez-vous pour lire l&rsquo;article complet.<\/p>\n<p>    <a href=\"https:\/\/www.lanouvellerepublique.fr\/abonnements\" style=\"display: inline-block; margin-top: 5px !important; padding: 6px 12px !important; background: #cb1c27; color: white; text-decoration: none; border-radius: 4px; font-size: 12px !important;\" target=\"_blank\" rel=\"noopener\"><br \/>\n      S&rsquo;abonner<br \/>\n    <\/a><\/p>\n","protected":false},"excerpt":{"rendered":"Le volley fran\u00e7ais l\u2019apprend un peu plus chaque ann\u00e9e \u00e0 ses d\u00e9pens\u00a0: il est terriblement difficile de garder&hellip;\n","protected":false},"author":2,"featured_media":625669,"comment_status":"","ping_status":"","sticky":false,"template":"","format":"standard","meta":{"footnotes":""},"categories":[1417],"tags":[1392,1011,27,1387,1655,60,1390,1471,2767,1470,1469],"class_list":{"0":"post-625668","1":"post","2":"type-post","3":"status-publish","4":"format-standard","5":"has-post-thumbnail","7":"category-volley","8":"tag-a-la-une-local","9":"tag-fr","10":"tag-france","11":"tag-indre-et-loire","12":"tag-ligue-a","13":"tag-sports","14":"tag-tours","15":"tag-tours-volley-ball","16":"tag-tvb-37","17":"tag-volley","18":"tag-volleyball"},"share_on_mastodon":{"url":"https:\/\/pubeurope.com\/@fr\/115792950321056258","error":""},"_links":{"self":[{"href":"https:\/\/www.europesays.com\/fr\/wp-json\/wp\/v2\/posts\/625668","targetHints":{"allow":["GET"]}}],"collection":[{"href":"https:\/\/www.europesays.com\/fr\/wp-json\/wp\/v2\/posts"}],"about":[{"href":"https:\/\/www.europesays.com\/fr\/wp-json\/wp\/v2\/types\/post"}],"author":[{"embeddable":true,"href":"https:\/\/www.europesays.com\/fr\/wp-json\/wp\/v2\/users\/2"}],"replies":[{"embeddable":true,"href":"https:\/\/www.europesays.com\/fr\/wp-json\/wp\/v2\/comments?post=625668"}],"version-history":[{"count":0,"href":"https:\/\/www.europesays.com\/fr\/wp-json\/wp\/v2\/posts\/625668\/revisions"}],"wp:featuredmedia":[{"embeddable":true,"href":"https:\/\/www.europesays.com\/fr\/wp-json\/wp\/v2\/media\/625669"}],"wp:attachment":[{"href":"https:\/\/www.europesays.com\/fr\/wp-json\/wp\/v2\/media?parent=625668"}],"wp:term":[{"taxonomy":"category","embeddable":true,"href":"https:\/\/www.europesays.com\/fr\/wp-json\/wp\/v2\/categories?post=625668"},{"taxonomy":"post_tag","embeddable":true,"href":"https:\/\/www.europesays.com\/fr\/wp-json\/wp\/v2\/tags?post=625668"}],"curies":[{"name":"wp","href":"https:\/\/api.w.org\/{rel}","templated":true}]}}