{"id":625674,"date":"2025-12-27T18:35:14","date_gmt":"2025-12-27T18:35:14","guid":{"rendered":"https:\/\/www.europesays.com\/fr\/625674\/"},"modified":"2025-12-27T18:35:14","modified_gmt":"2025-12-27T18:35:14","slug":"cest-la-magie-du-cross-david-menut-a-du-sadapter-aux-conditions-actualite","status":"publish","type":"post","link":"https:\/\/www.europesays.com\/fr\/625674\/","title":{"rendered":"\u00ab C\u2019est la magie du cross \u00bb : David Menut a d\u00fb s\u2019adapter aux conditions &#8211; Actualit\u00e9"},"content":{"rendered":"<p>David Menut retrouve des sensations. Bless\u00e9 \u00e0 Quelneuc il y a un mois et demi, le crossman avait repris la comp\u00e9tition \u00e0 Flamanville, puis \u00e0 Namur et Coxyde, en devant \u00e0 chaque fois se contenter d\u2019un fond de Top 30. L\u2019athl\u00e8te de 33 ans a fait bien mieux ce vendredi, \u00e0 Gavere, en prenant place dans le Top 20. \u201cC\u2019\u00e9tait une bien meilleure course que les pr\u00e9c\u00e9dentes\u201d, s\u2019est-il ainsi f\u00e9licit\u00e9 aupr\u00e8s de DirectVelo quelques minutes apr\u00e8s en avoir termin\u00e9.\u00a0<\/p>\n<p>\u201cJe suis sur une forme ascendante, je pense, m\u00eame si c\u2019est tr\u00e8s dur ici et que les sensations sont biais\u00e9es en course car l\u2019effort est maximal. J\u2019avais mal de partout, mais le r\u00e9sultat est encourageant\u201d, poursuit le soci\u00e9taire de l\u2019AS Bike Racing-France Literie. \u201cIl y avait un sacr\u00e9 niveau et <strong><a href=\"https:\/\/www.directvelo.com\/epreuve\/49031\/cc-gavere-coupe-du-monde-elite-hommes-2025\" target=\"_blank\" rel=\"noopener\">je fais un Top 20<\/a><\/strong>. \u00c7a ne m\u2019\u00e9tait pas arriv\u00e9 depuis un moment, \u00e7a fait du bien de retrouver la forme et un niveau plut\u00f4t correct. J\u2019esp\u00e8re que \u00e7a va encore aller en s\u2019arrangeant de course en course\u201d. <\/p>\n<p><strong>\u00ab BIEN EN-DE\u00c7\u00c0 DE MON NIVEAU HABITUEL PHYSIQUEMENT \u00bb<\/strong> <\/p>\n<p>Dans les Flandres, il a d\u00fb se faire \u00e0 des conditions rares sur ce circuit.\u00a0\u201cCe n\u2019est pas le Gavere que l\u2019on conna\u00eet d\u2019habitude mais c\u2019est la magie du cross. Il faut s\u2019adapter aux conditions. C\u2019est un No\u00ebl dont on n\u2019a pas l\u2019habitude. J\u2019ai rarement vu un froid sec comme celui-ci \u00e0 cette p\u00e9riode mais \u00e7a change, c\u2019est cool\u201d.<\/p>\n<p>Si <strong><a href=\"https:\/\/www.directvelo.com\/epreuve\/49031\/cc-gavere-coupe-du-monde-elite-hommes-2025\" target=\"_blank\" rel=\"noopener\">David Menut<\/a><\/strong> assure que \u201cles derni\u00e8res semaines ont \u00e9t\u00e9 compl\u00e8tement catastrophiques en termes d\u2019entra\u00eenements\u201d et qu\u2019il est encore \u201cbien en-de\u00e7a de [s]on niveau habituel physiquement\u201d, il t\u00e2che de faire avec sa forme actuelle et ses atouts. \u201cJe reprends du temps techniquement, j\u2019en perds sur les parties physiques. Maintenant, je vais essayer d\u2019\u00e9lever mon niveau physique et de garder mon niveau technique\u201d.<\/p>\n","protected":false},"excerpt":{"rendered":"David Menut retrouve des sensations. Bless\u00e9 \u00e0 Quelneuc il y a un mois et demi, le crossman avait&hellip;\n","protected":false},"author":2,"featured_media":625675,"comment_status":"","ping_status":"","sticky":false,"template":"","format":"standard","meta":{"footnotes":""},"categories":[1411],"tags":[834,828,836,829,837,827,83,826,824,823,1154,207,814,817,815,816,822,821,832,211,839,1011,27,820,818,819,835,831,830,833,838,60,212,208,825],"class_list":{"0":"post-625674","1":"post","2":"type-post","3":"status-publish","4":"format-standard","5":"has-post-thumbnail","7":"category-cyclisme","8":"tag-attaque","9":"tag-belgique","10":"tag-braquet","11":"tag-bretagne","12":"tag-chute","13":"tag-competition","14":"tag-coupe-de-france","15":"tag-coureur","16":"tag-course-cyclisme","17":"tag-course-cycliste","18":"tag-cycling","19":"tag-cyclisme","20":"tag-direct","21":"tag-direct-velo","22":"tag-directvelo","23":"tag-directvelo-com","24":"tag-epreuve","25":"tag-epreuve-cycliste","26":"tag-federation-francaise-de-cyclisme","27":"tag-ffc","28":"tag-flandres","29":"tag-fr","30":"tag-france","31":"tag-live","32":"tag-live-course","33":"tag-live-epreuve","34":"tag-peloton","35":"tag-radio-peloton","36":"tag-radio-tour","37":"tag-ravitaillement","38":"tag-relance","39":"tag-sports","40":"tag-uci","41":"tag-velo","42":"tag-velos"},"share_on_mastodon":{"url":"https:\/\/pubeurope.com\/@fr\/115792977897990584","error":""},"_links":{"self":[{"href":"https:\/\/www.europesays.com\/fr\/wp-json\/wp\/v2\/posts\/625674","targetHints":{"allow":["GET"]}}],"collection":[{"href":"https:\/\/www.europesays.com\/fr\/wp-json\/wp\/v2\/posts"}],"about":[{"href":"https:\/\/www.europesays.com\/fr\/wp-json\/wp\/v2\/types\/post"}],"author":[{"embeddable":true,"href":"https:\/\/www.europesays.com\/fr\/wp-json\/wp\/v2\/users\/2"}],"replies":[{"embeddable":true,"href":"https:\/\/www.europesays.com\/fr\/wp-json\/wp\/v2\/comments?post=625674"}],"version-history":[{"count":0,"href":"https:\/\/www.europesays.com\/fr\/wp-json\/wp\/v2\/posts\/625674\/revisions"}],"wp:featuredmedia":[{"embeddable":true,"href":"https:\/\/www.europesays.com\/fr\/wp-json\/wp\/v2\/media\/625675"}],"wp:attachment":[{"href":"https:\/\/www.europesays.com\/fr\/wp-json\/wp\/v2\/media?parent=625674"}],"wp:term":[{"taxonomy":"category","embeddable":true,"href":"https:\/\/www.europesays.com\/fr\/wp-json\/wp\/v2\/categories?post=625674"},{"taxonomy":"post_tag","embeddable":true,"href":"https:\/\/www.europesays.com\/fr\/wp-json\/wp\/v2\/tags?post=625674"}],"curies":[{"name":"wp","href":"https:\/\/api.w.org\/{rel}","templated":true}]}}