{"id":625681,"date":"2025-12-27T18:40:51","date_gmt":"2025-12-27T18:40:51","guid":{"rendered":"https:\/\/www.europesays.com\/fr\/625681\/"},"modified":"2025-12-27T18:40:51","modified_gmt":"2025-12-27T18:40:51","slug":"les-questionnements-de-pluribus-vous-manquent-quinze-autres-super-series-pour-combler-le-vide","status":"publish","type":"post","link":"https:\/\/www.europesays.com\/fr\/625681\/","title":{"rendered":"Les questionnements de \u201cPluribus\u201d vous manquent\u00a0? Quinze\u00a0autres (super) s\u00e9ries pour combler le vide"},"content":{"rendered":"\n<p class=\"article__chapeau\">La premi\u00e8re saison de Vince Gilligan s\u2019est conclue cette semaine sur Apple\u00a0TV. De \u201cThe OA\u201d \u00e0 \u201cBetter Call Saul\u201d en passant par \u201cPoup\u00e9e russe\u201d et \u201cLarry et son nombril\u201d, voici quinze s\u00e9ries qui devraient vous plaire si vous avez aim\u00e9 \u201cPluribus\u201d.<\/p>\n<p>              <a href=\"https:\/\/www.europesays.com\/fr\/wp-content\/uploads\/2025\/12\/a9256c5_upload-1-3dqfjophpkqq-the-twilight-zone-la-quatrieme-dimension-serie-fantastique-programme-t.jpeg\" data-pswp-width=\"\" data-pswp-height=\"\" class=\"media__hd\" target=\"_blank\">      <img decoding=\"async\" fetchpriority=\"high\" src=\"https:\/\/www.europesays.com\/fr\/wp-content\/uploads\/2025\/12\/a9256c5_upload-1-3dqfjophpkqq-the-twilight-zone-la-quatrieme-dimension-serie-fantastique-programme-t.jpeg\" class=\"media__picture js-media-zoom-main \" alt=\"Rhea Seehorn, \u00e0 droite, a jou\u00e9 aussi dans le reboot de \u00ab\u00a0The Twilight Zone\u00a0\u00bb, une s\u00e9rie proche de \u00ab\u00a0Pluribus\u00a0\u00bb.\" title=\"Photo Robert Falconer\/CBS Television Studios\/Genre Films\/Monkeypaw Production\"\/>      <\/p>\n<p class=\"media__legend\"> Rhea Seehorn, \u00e0 droite, a jou\u00e9 aussi dans le reboot de \u00ab\u00a0The Twilight Zone\u00a0\u00bb, une s\u00e9rie proche de \u00ab\u00a0Pluribus\u00a0\u00bb.  Photo Robert Falconer\/CBS Television Studios\/Genre Films\/Monkeypaw Production  <\/p>\n<p>     <\/a>                    <\/p>\n<p class=\"author author--simple\">Par  <a class=\"author author--link\" href=\"https:\/\/www.telerama.fr\/recherche\/articles?q=Michel+Bezbakh%2C\" target=\"_blank\" rel=\"noopener\"> Michel Bezbakh, <\/a>        <a class=\"author author--link\" href=\"https:\/\/www.telerama.fr\/recherche\/articles?q=Pierre+Langlais%2C\" target=\"_blank\" rel=\"noopener\"> Pierre Langlais, <\/a>        <a class=\"author author--link\" href=\"https:\/\/www.telerama.fr\/recherche\/articles?q=Marjolaine+Jarry%2C\" target=\"_blank\" rel=\"noopener\"> Marjolaine Jarry, <\/a>        <a class=\"author author--link\" href=\"https:\/\/www.telerama.fr\/recherche\/articles?q=Caroline+Veunac%2C\" target=\"_blank\" rel=\"noopener\"> Caroline Veunac, <\/a>        <a class=\"author author--link\" href=\"https:\/\/www.telerama.fr\/recherche\/articles?q=Marion+Sergent%2C\" target=\"_blank\" rel=\"noopener\"> Marion Sergent, <\/a>        <a class=\"author author--link\" href=\"https:\/\/www.telerama.fr\/recherche\/articles?q=Marie+Telling\" target=\"_blank\" rel=\"noopener\"> Marie Telling <\/a>    <\/p>\n<p class=\"publication__date\">Publi\u00e9 le 27 d\u00e9cembre 2025 \u00e0 18h00<\/p>\n<p>   Partager   <\/p>\n<ul class=\"sharing-popin--results\">\n<li class=\"sharing-popin--item sharing-popin--item-container\"> Partage  <\/li>\n<li data-share=\"linkedin\" class=\"sharing-popin--item\">  LinkedIn <\/li>\n<li data-share=\"facebook\" class=\"sharing-popin--item\">  Facebook <\/li>\n<li data-share=\"mail\" data-social=\"mail\" class=\"sharing-popin--item\">  Envoyer par email <\/li>\n<li data-share=\"copy\" class=\"sharing-popin--item\">  Copier le lien <\/li>\n<\/ul>\n<p>        Favoris       <\/p>\n<p>                <a class=\"openapp__link\" data-event=\"click-open-app\" data-deep-link=\"tlrm:\/\/element?id=\/series-tv\/les-questionnements-de-pluribus-vous-manquent-quinze-autres-super-series-pour-combler-le-vide-7028977.php&amp;source=deeplink_site\">  Lire dans l&rsquo;application<br \/>\n  <\/a>                               <\/p>\n<p class=\"paragraph\">C\u2018est la s\u00e9rie la plus regard\u00e9e de la plateforme Apple\u00a0TV, c\u2019est aussi celle qui nous a le plus passionn\u00e9s et interrog\u00e9s ces derniers mois. R\u00e9flexion sur le deuil et la solitude, questionnement sur l\u2019individualisme et la soci\u00e9t\u00e9 de service, tour de force formel et sc\u00e9naristique\u2026,<a target=\"_blank\" href=\"https:\/\/www.telerama.fr\/series-tv\/pluribus-sur-apple-tv-le-nouveau-coup-de-genie-du-createur-de-breaking-bad-qui-transforme-les-zombies-en-gentils_cri-7041420.php\" rel=\"noopener\"> Pluribus<\/a> est une \u0153uvre ovni et une bouff\u00e9e d\u2019air frais dans un paysage s\u00e9riel de plus en plus format\u00e9. Sa premi\u00e8re saison s\u2019est conclue cette semaine et si, comme nous, le programme de Vince Gilligan vous manque d\u00e9j\u00e0, voici quelques suggestions de visionnages qui devraient combler le vide laiss\u00e9 par Carol et Manousos.<\/p>\n<p>                                    \u201cThe Leftovers\u201d                              <a href=\"https:\/\/www.europesays.com\/fr\/wp-content\/uploads\/2025\/12\/a00469f_upload-1-f42fgjano48t-leftovers-serie-tv-2014-s1-ep1-22.jpg\" data-pswp-width=\"\" data-pswp-height=\"\" class=\"media__hd\" target=\"_blank\">      <img decoding=\"async\" loading=\"lazy\" src=\"https:\/\/www.europesays.com\/fr\/wp-content\/uploads\/2025\/12\/a00469f_upload-1-f42fgjano48t-leftovers-serie-tv-2014-s1-ep1-22.jpg\" class=\"media__picture js-media-zoom  media__size--large\" alt=\"\u00ab\u00a0The Leftovers\u00a0\u00bb, une s\u00e9rie cr\u00e9\u00e9e par Damon Lindelof et Tom Perrotta en 2014.\" title=\"Photo P. Schiraldi\/HBO\/Warner Bros\"\/>      <\/p>\n<p class=\"media__legend\"> \u00ab\u00a0The Leftovers\u00a0\u00bb, une s\u00e9rie cr\u00e9\u00e9e par Damon Lindelof et Tom Perrotta en 2014.  Photo P. Schiraldi\/HBO\/Warner Bros  <\/p>\n<p>     <\/a>                          <\/p>\n<p class=\"paragraph\">Un matin comme les autres, 2\u00a0% de la population mondiale dispara\u00eet. Le sujet qui taraude la s\u00e9rie de Damon Lindelof\u00a0? Pas tant le sort des disparus que celui de ceux qui restent. Qui sommes-nous quand ceux que nous aimions ne sont plus\u00a0? Sublime plong\u00e9e dans les profondeurs du deuil, cette fresque en trois saisons sera votre prochain horizon si rien, au c\u0153ur du foisonnement d\u2019interpr\u00e9tations suscit\u00e9es par\u00a0Pluribus, ne vous a autant \u00e9mu que l\u2019abyssale solitude de son h\u00e9ro\u00efne, qui n\u2019a pas seulement perdu sa compagne mais la majorit\u00e9 de l\u2019humanit\u00e9, fondue en une tr\u00e8s flippante entit\u00e9 unanime. Or Carol, romanci\u00e8re de son \u00e9tat, est bien plac\u00e9e pour le savoir\u00a0: \u00ab\u00a0je\u00a0\u00bb est un autre. Ceux qui ne craignent pas d\u2019\u00eatre un peu plus boulevers\u00e9s encore trouveront dans\u00a0<a target=\"_blank\" href=\"https:\/\/www.telerama.fr\/series-tv\/the-leftovers-sublime-mystere,134413.php\" rel=\"noopener\">The Leftovers<\/a>\u00a0une\u00a0r\u00e9flexion\u00a0poignante\u00a0sur les liens humains et\u00a0une ode\u00a0\u00e0 ces histoires qui\u00a0nous rassemblent, au-del\u00e0 de nos diff\u00e9rences. <strong>\u2014 M.J.<\/strong><\/p>\n<p>s Disponible sur HBO Max.<\/p>\n<p>                                    \u201cThe Good Place\u201d                              <a href=\"https:\/\/www.europesays.com\/fr\/wp-content\/uploads\/2025\/12\/45db014_upload-1-6nam6vfq2zz2-good-place-serie-tv-2016-s1-ep3-08.jpg\" data-pswp-width=\"\" data-pswp-height=\"\" class=\"media__hd\" target=\"_blank\">      <img decoding=\"async\" loading=\"lazy\" src=\"https:\/\/www.europesays.com\/fr\/wp-content\/uploads\/2025\/12\/45db014_upload-1-6nam6vfq2zz2-good-place-serie-tv-2016-s1-ep3-08.jpg\" class=\"media__picture js-media-zoom  media__size--large\" alt=\"Extrait de la saison 1\u00a0de \u00ab\u00a0The Good Place\u00a0\u00bb avec Kristen Bell, Ted Danson et Jameela Jamil.\" title=\"NBC\/Fremulon\/3 Arts Entertainment\/Universal Television\"\/>      <\/p>\n<p class=\"media__legend\"> Extrait de la saison 1\u00a0de \u00ab\u00a0The Good Place\u00a0\u00bb avec Kristen Bell, Ted Danson et Jameela Jamil.  NBC\/Fremulon\/3 Arts Entertainment\/Universal Television  <\/p>\n<p>     <\/a>                          <\/p>\n<p class=\"paragraph\">Envoy\u00e9e par erreur au paradis alors que son CV moral est loin d\u2019\u00eatre parfait, l\u2019\u00e9go\u00efste Eleanor (Kristen Bell) va devoir apprendre \u00e0 penser aux autres \u2014\u00a0et \u00e0 penser tout court\u00a0\u2014 pour conserver sa place au ciel. Sous ses airs l\u00e9gers et ses couleurs acidul\u00e9es, <a target=\"_blank\" href=\"https:\/\/www.telerama.fr\/series-tv\/the-good-place-saison-1-on-rira-tous-au-paradis_cri-7036668.php\" rel=\"noopener\">la com\u00e9die<\/a> du cr\u00e9ateur de\u00a0Parks and Recreation\u00a0et Brooklyn Nine-Nine\u00a0pose au moins une question philosophique par \u00e9pisode. Eleanor est renvoy\u00e9e \u00e0 son cynisme par la gentillesse parfois excessive des autres, et on s\u2019interroge avec elle sur le bon endroit o\u00f9 placer le curseur. S\u2019adoucir sans devenir un ectoplasme\u00a0: le d\u00e9fi ressemble beaucoup \u00e0 celui de Carol dans\u00a0Pluribus.<strong> \u2014 Caroline Veunac<\/strong><\/p>\n<p>q Disponible sur Netflix.<\/p>\n<p>                                    \u201cPoup\u00e9e russe\u201d                              <a href=\"https:\/\/www.europesays.com\/fr\/wp-content\/uploads\/2025\/12\/765eda6_upload-1-djxzajhb88zi-poupee-russe-russian-doll-serie-tv-2019-s1-09.jpg\" data-pswp-width=\"\" data-pswp-height=\"\" class=\"media__hd\" target=\"_blank\">      <img decoding=\"async\" loading=\"lazy\" src=\"https:\/\/www.europesays.com\/fr\/wp-content\/uploads\/2025\/12\/765eda6_upload-1-djxzajhb88zi-poupee-russe-russian-doll-serie-tv-2019-s1-09.jpg\" class=\"media__picture js-media-zoom  media__size--large\" alt=\"Le personnage de \u00ab\u00a0Pluribus\u00a0\u00bb rappelle celui de \u00ab\u00a0Poup\u00e9e russe\u00a0\u00bb, avec Natasha Lyonne.\" title=\"Netflix\/3 Arts Entertainment \"\/>      <\/p>\n<p class=\"media__legend\"> Le personnage de \u00ab\u00a0Pluribus\u00a0\u00bb rappelle celui de \u00ab\u00a0Poup\u00e9e russe\u00a0\u00bb, avec Natasha Lyonne.  Netflix\/3 Arts Entertainment   <\/p>\n<p>     <\/a>                          <\/p>\n<p class=\"paragraph\">Une h\u00e9ro\u00efne un peu rev\u00eache confront\u00e9e \u00e0 un ph\u00e9nom\u00e8ne surnaturel qui remet en question toutes ses certitudes existentielles\u00a0? Nadia, l\u2019(anti) h\u00e9ro\u00efne de <a target=\"_blank\" href=\"https:\/\/www.telerama.fr\/series-tv\/que-vaut-russian-doll-(poupee-russe),-la-nouvelle-serie-netflix,n6115503.php\" rel=\"noopener\">Poup\u00e9e russe<\/a>, a pas mal de choses en commun avec Carol \u2014\u00a0\u00e0 commencer par un humour noir sur lequel elle peut toujours compter en temps de crise. Cette New-Yorkaise, brillamment interpr\u00e9t\u00e9e par Natasha Lyonne, se retrouve bloqu\u00e9e dans une boucle temporelle, contrainte de revivre encore et encore la soir\u00e9e de ses 36\u00a0ans, qui se conclut toujours par la m\u00eame issue\u00a0: sa mort. Comme pour Carol, la solution se trouve peut-\u00eatre dans son alliance avec une autre \u00e2me solitaire victime du m\u00eame ph\u00e9nom\u00e8ne. <strong>\u2014 Marie Telling<\/strong><\/p>\n<p>q Disponible sur Netflix.<\/p>\n<p>                                    \u201cLost\u201d                              <a href=\"https:\/\/www.europesays.com\/fr\/wp-content\/uploads\/2025\/12\/94be548_upload-1-tr63g6stcvep-lost-s1-ep3-13.jpg\" data-pswp-width=\"\" data-pswp-height=\"\" class=\"media__hd\" target=\"_blank\">      <img decoding=\"async\" loading=\"lazy\" src=\"https:\/\/www.europesays.com\/fr\/wp-content\/uploads\/2025\/12\/94be548_upload-1-tr63g6stcvep-lost-s1-ep3-13.jpg\" class=\"media__picture js-media-zoom  media__size--large\" alt=\"Les personnages de \u00ab\u00a0Lost\u00a0\u00bb sont eux aussi confront\u00e9s \u00e0 la catastrophe.\" title=\"Touchstone TV\/ABC\"\/>      <\/p>\n<p class=\"media__legend\"> Les personnages de \u00ab\u00a0Lost\u00a0\u00bb sont eux aussi confront\u00e9s \u00e0 la catastrophe.  Touchstone TV\/ABC  <\/p>\n<p>     <\/a>                          <\/p>\n<p class=\"paragraph\">Quand on entend Carol Sturka parler des \u00ab\u00a0autres\u00a0\u00bb pour d\u00e9signer l\u2019humanit\u00e9 unifi\u00e9e, on ne peut s\u2019emp\u00eacher de penser \u00e0 ce sommet des ann\u00e9es\u00a02000 \u2014\u00a0c\u2019est ainsi qu\u2019on y appelait le groupe mena\u00e7ant la tranquillit\u00e9 des survivants du vol Oceanic 815. Autre myst\u00e8re m\u00e9taphysique et fantastique poussant \u00e0 imaginer les th\u00e9ories les plus folles, <a target=\"_blank\" href=\"https:\/\/www.telerama.fr\/series-tv\/lost-dix-raisons-de-re-voir-la-serie-culte-2205-7021752.php\" rel=\"noopener\">Lost<\/a>\u00a0est aussi un des premiers blockbusters mondiaux \u00e0 avoir r\u00e9uni des personnages venus des quatre coins du monde, parlant plusieurs langues. Mais, comme\u00a0Pluribus, ce qui fait sa puissance restera la fragilit\u00e9 de ses h\u00e9ros aux vies \u00e0 vif, confront\u00e9s \u00e0 eux-m\u00eames face \u00e0 la catastrophe. <strong>\u2014 Pierre Langlais<\/strong><\/p>\n<p>q Disponible sur Disney +.<\/p>\n<p>                                    \u201cLarry et son nombril\u201d                              <a href=\"https:\/\/www.europesays.com\/fr\/wp-content\/uploads\/2025\/12\/e687048_upload-1-8c55flsecu59-larry-et-son-nombril-serie-tv-2000-03.jpg\" data-pswp-width=\"\" data-pswp-height=\"\" class=\"media__hd\" target=\"_blank\">      <img decoding=\"async\" loading=\"lazy\" src=\"https:\/\/www.europesays.com\/fr\/wp-content\/uploads\/2025\/12\/e687048_upload-1-8c55flsecu59-larry-et-son-nombril-serie-tv-2000-03.jpg\" class=\"media__picture js-media-zoom  media__size--large\" alt=\"Larry David dans \u00ab\u00a0Curb Your Enthusiasm\u00a0\u00bb, en fran\u00e7ais \u00ab\u00a0Larry et son nombril\u00a0\u00bb. \" title=\"HBO\"\/>      <\/p>\n<p class=\"media__legend\"> Larry David dans \u00ab\u00a0Curb Your Enthusiasm\u00a0\u00bb, en fran\u00e7ais \u00ab\u00a0Larry et son nombril\u00a0\u00bb.   HBO  <\/p>\n<p>     <\/a>                          <\/p>\n<p class=\"paragraph\">Dans\u00a0Pluribus, Carol est une femme d\u00e9sabus\u00e9e, qui \u00e9crit des romans \u00e0 l\u2019eau de rose pour un public qu\u2019elle m\u00e9prise. Quand l\u2019humanit\u00e9 enti\u00e8re devient gentille, elle choisit de se r\u00e9volter. Comment aurait r\u00e9agi<a target=\"_blank\" href=\"https:\/\/www.telerama.fr\/plateformes\/pourquoi-larry-et-son-nombril-nous-fait-tant-rire-reponse-en-cinq-gags-7019255.php\" rel=\"noopener\"> Larry David <\/a>dans une telle situation\u00a0? Ce bon vieux Larry, dont les m\u00e9saventures en douze saisons forment une saga au comique ind\u00e9passable, n\u2019aurait plus personne avec qui s\u2019engueuler, plus personne \u00e0 enfumer, plus aucun souci avec le directeur du club de golf ou avec Susie, la femme de son pote Jeff, qui tout \u00e0 coup lui aurait apport\u00e9 ses pantoufles. \u00c7a ne l\u2019aurait peut-\u00eatre pas tant d\u00e9rang\u00e9 que \u00e7a\u2026 ou alors si, comme Carol. <strong>\u2014 Michel Bezbakh<\/strong><\/p>\n<p>r Disponible sur HBO Max.<\/p>\n<p>                                    \u201cBreaking Bad\u201d                              <a href=\"https:\/\/www.europesays.com\/fr\/wp-content\/uploads\/2025\/12\/5317e8c_upload-1-zhbhoa3hzcwd-breaking-bad-tv-2008-s1-ep5-03.jpg\" data-pswp-width=\"\" data-pswp-height=\"\" class=\"media__hd\" target=\"_blank\">      <img decoding=\"async\" loading=\"lazy\" src=\"https:\/\/www.europesays.com\/fr\/wp-content\/uploads\/2025\/12\/5317e8c_upload-1-zhbhoa3hzcwd-breaking-bad-tv-2008-s1-ep5-03.jpg\" class=\"media__picture js-media-zoom  media__size--large\" alt=\"Avant \u00ab\u00a0Pluribus\u00a0\u00bb, Vince Gilligan est l\u2019auteur de la s\u00e9rie \u00ab\u00a0Breaking Bad\u00a0\u00bb.\" title=\"Sony Pictures TV\"\/>      <\/p>\n<p class=\"media__legend\"> Avant \u00ab\u00a0Pluribus\u00a0\u00bb, Vince Gilligan est l\u2019auteur de la s\u00e9rie \u00ab\u00a0Breaking Bad\u00a0\u00bb.  Sony Pictures TV  <\/p>\n<p>     <\/a>                          <\/p>\n<p class=\"paragraph\">D\u00e8s son premier plan \u2014\u00a0un v\u00e9hicule lanc\u00e9 \u00e0 pleine vitesse au milieu du d\u00e9sert\u00a0\u2014 Pluribus\u00a0rappelle son <a target=\"_blank\" href=\"https:\/\/www.telerama.fr\/television\/pourquoi-la-serie-breaking-bad-fait-mouche,74414.php\" rel=\"noopener\">fameux pr\u00e9d\u00e9cesseur<\/a>. M\u00eame rythme lent, m\u00eame go\u00fbt pour les temps morts d\u00e9bordant de tension, m\u00eame humour noir, m\u00eame d\u00e9cor albuquerquois\u2026 Vince Gilligan est fid\u00e8le \u00e0 sa grammaire narrative et visuelle. Son premier coup de ma\u00eetre est d\u2019autant plus int\u00e9ressant \u00e0 (re) voir qu\u2019il fait basculer un gentil du c\u00f4t\u00e9 obscur, l\u00e0 o\u00f9 Carol Sturka, l\u2019h\u00e9ro\u00efne de\u00a0Pluribus, r\u00e9siste corps et \u00e2me \u00e0 une invasion de gentillesse. <strong>\u2014 P.L.<\/strong><\/p>\n<p>s Disponible sur Netflix.<\/p>\n<p>                                    \u201cBattlestar Galactica\u201d                              <a href=\"https:\/\/www.europesays.com\/fr\/wp-content\/uploads\/2025\/12\/e40ed64_upload-1-01nxxdluefse-battlestar-galactica-serie-tv-2004-02.jpg\" data-pswp-width=\"\" data-pswp-height=\"\" class=\"media__hd\" target=\"_blank\">      <img decoding=\"async\" loading=\"lazy\" src=\"https:\/\/www.europesays.com\/fr\/wp-content\/uploads\/2025\/12\/e40ed64_upload-1-01nxxdluefse-battlestar-galactica-serie-tv-2004-02.jpg\" class=\"media__picture js-media-zoom  media__size--large\" alt=\"\u00ab\u00a0Battlestar Galactica\u00a0\u00bb, cr\u00e9\u00e9e par Ronald D. Moore, d\u2019apr\u00e8s la s\u00e9rie t\u00e9l\u00e9 homonyme de 1978.\" title=\"R&amp;D TV\"\/>      <\/p>\n<p class=\"media__legend\"> \u00ab\u00a0Battlestar Galactica\u00a0\u00bb, cr\u00e9\u00e9e par Ronald D. Moore, d\u2019apr\u00e8s la s\u00e9rie t\u00e9l\u00e9 homonyme de 1978.  R&amp;D TV  <\/p>\n<p>     <\/a>                          <\/p>\n<p class=\"paragraph\">A priori, la <a target=\"_blank\" href=\"https:\/\/www.telerama.fr\/plateformes\/battlestar-galactica-fete-ses-20-ans-dix-bonnes-raisons-de-re-voir-cette-serie-hors-norme-7018441.php\" rel=\"noopener\">formidable aventure spatiale<\/a> de Ron D. Moore, m\u00e9taphore de l\u2019Am\u00e9rique de l\u2019apr\u00e8s-11\u00a0Septembre, n\u2019a pas grand-chose \u00e0 voir avec\u00a0Pluribus. Mais \u00e0 y regarder de plus pr\u00e8s, il y est aussi question d\u2019une humanit\u00e9 menac\u00e9e par des robots humano\u00efdes, les Cylons, organis\u00e9s et d\u00e9cid\u00e9s \u00e0 mener \u00e0 bien leur mission. Si la s\u00e9rie de Vince Gilligan cache une r\u00e9flexion sur l\u2019IA et ce qu\u2019elle fait peser sur l\u2019individu, elle s\u2019inscrit ind\u00e9niablement dans l\u2019h\u00e9ritage de\u00a0BSG. Les \u00ab\u00a0autres\u00a0\u00bb de\u00a0Pluribus\u00a0pourraient d\u2019ailleurs reprendre, au premier degr\u00e9, la devise de ses survivants perdus dans l\u2019espace\u00a0: \u00ab\u00a0So say we all\u00a0\u00bb\u2026 <strong>\u2014 P.L.<\/strong><\/p>\n<p><strong>r <\/strong>Disponible en VOD.<\/p>\n<p>                                    \u201cDark Matter\u201d                              <a href=\"https:\/\/www.europesays.com\/fr\/wp-content\/uploads\/2025\/12\/74a2eb4_upload-1-cghs5he14oiq-dark-matter-serie-tv-2024-s1-ep1-10.jpg\" data-pswp-width=\"\" data-pswp-height=\"\" class=\"media__hd\" target=\"_blank\">      <img decoding=\"async\" loading=\"lazy\" src=\"https:\/\/www.europesays.com\/fr\/wp-content\/uploads\/2025\/12\/74a2eb4_upload-1-cghs5he14oiq-dark-matter-serie-tv-2024-s1-ep1-10.jpg\" class=\"media__picture js-media-zoom  media__size--large\" alt=\"Dans \u00ab\u00a0Dark matter\u00a0\u00bb, un prof de physique se retrouve coinc\u00e9 dans une vie qui sonne faux. \" title=\"Photo Matt Tolmach Product\/Apple TV+ \"\/>      <\/p>\n<p class=\"media__legend\"> Dans \u00ab\u00a0Dark matter\u00a0\u00bb, un prof de physique se retrouve coinc\u00e9 dans une vie qui sonne faux.   Photo Matt Tolmach Product\/Apple TV+   <\/p>\n<p>     <\/a>                          <\/p>\n<p class=\"paragraph\">Presque comme Carol Sturka dans\u00a0Pluribus, Jason Dessen (Joel Edgerton), un prof de physique de la banlieue de Chicago, se retrouve coinc\u00e9 dans une vie qui pourrait sembler normale, alors que tout sonne faux. En rentrant chez lui un soir, cet antih\u00e9ros est enlev\u00e9 par un homme masqu\u00e9. \u00c0 son r\u00e9veil, tout a chang\u00e9 autour de lui, sa famille, sa vie professionnelle\u2026 Jason comprend qu\u2019il \u00e9volue dans une autre version de sa propre vie. Et pour rentrer chez lui retrouver sa femme Daniela (Jennifer Connelly) et son fils Charlie (Oakes Fegley), il lui faudra accomplir un <a target=\"_blank\" href=\"https:\/\/www.telerama.fr\/plateformes\/dark-matter-sur-apple-tv-un-thriller-sf-haletant-ou-le-heros-navigue-dans-ses-vies-non-vecues_cri-7032553.php\" rel=\"noopener\">voyage fantastique et m\u00e9taphysique<\/a>. Qui nous plongera dans des ab\u00eemes de r\u00e9flexions philosophiques sur nos choix et les multiples existences qui s\u2019offrent \u00e0 nous. <strong>\u2014 M.S.<\/strong><\/p>\n<p><strong>r <\/strong>Disponible sur Apple TV.<\/p>\n<p>                                    \u201cSeverance\u201d                              <a href=\"https:\/\/www.europesays.com\/fr\/wp-content\/uploads\/2025\/12\/d54ee41_322430877-severance-serie-tv-2022-s1-ep1-04.jpg\" data-pswp-width=\"\" data-pswp-height=\"\" class=\"media__hd\" target=\"_blank\">      <img decoding=\"async\" loading=\"lazy\" src=\"https:\/\/www.europesays.com\/fr\/wp-content\/uploads\/2025\/12\/d54ee41_322430877-severance-serie-tv-2022-s1-ep1-04.jpg\" class=\"media__picture js-media-zoom  media__size--large\" alt=\"Le personnage principal de \u00ab\u00a0Severance\u00a0\u00bb, jou\u00e9 par Adam Scott, cherche lui aussi \u00e0 retrouver son individualit\u00e9. \" title=\"Atsushi Nishijima\/Apple TV+\/Endeavor Content\/Red Hour Films\"\/>      <\/p>\n<p class=\"media__legend\"> Le personnage principal de \u00ab\u00a0Severance\u00a0\u00bb, jou\u00e9 par Adam Scott, cherche lui aussi \u00e0 retrouver son individualit\u00e9.   Atsushi Nishijima\/Apple TV+\/Endeavor Content\/Red Hour Films  <\/p>\n<p>     <\/a>                          <\/p>\n<p class=\"paragraph\">L\u2019autre carton public et critique d\u2019Apple TV\u00a0met en sc\u00e8ne des personnages coinc\u00e9s dans un <a target=\"_blank\" href=\"https:\/\/www.telerama.fr\/series-tv\/severance-decryptee-par-son-createur-ce-cauchemar-dystopique-est-in-fine-une-serie-optimiste-7024048.php\" rel=\"noopener\">monde angoissant<\/a>, souvent absurde, leurs cerveaux en quelque sorte confisqu\u00e9s par une puissance ext\u00e9rieure. Son suspense \u00e0 tr\u00e8s lente infusion est nourri, lui aussi, par une \u00e9tranget\u00e9 tour \u00e0 tour hilarante et gla\u00e7ante. Le but de ses h\u00e9ros n\u2019est pas si \u00e9loign\u00e9 de celui de Carol Sturka dans\u00a0Pluribus\u00a0: se lib\u00e9rer en retrouvant leur individualit\u00e9 et dynamiter le syst\u00e8me. Deux s\u00e9ries d\u2019une infinie patience qui nous am\u00e8nent \u00e0 multiplier les pistes de r\u00e9flexions existentielles et politiques. <strong>\u2014 P.L.<\/strong><\/p>\n<p><strong>r <\/strong>Disponible sur Apple TV.<\/p>\n<p>                                    \u201cLa Quatri\u00e8me Dimension\u201d                              <a href=\"https:\/\/www.europesays.com\/fr\/wp-content\/uploads\/2025\/12\/5f5d6b5_upload-1-mw5jhgvzkogf-mv5bnmnjzdhmymetogzlmc00otrilthjzdqtogyxymqwotdlmthmxkeyxkfqcgc-v1.jpg\" data-pswp-width=\"\" data-pswp-height=\"\" class=\"media__hd\" target=\"_blank\">      <img decoding=\"async\" loading=\"lazy\" src=\"https:\/\/www.europesays.com\/fr\/wp-content\/uploads\/2025\/12\/5f5d6b5_upload-1-mw5jhgvzkogf-mv5bnmnjzdhmymetogzlmc00otrilthjzdqtogyxymqwotdlmthmxkeyxkfqcgc-v1.jpg\" class=\"media__picture js-media-zoom  media__size--large\" alt=\"Vince Gilligan a nomm\u00e9 son h\u00e9ro\u00efne Carol Sturka en r\u00e9f\u00e9rence au personnage central de l\u2019\u00e9pisode 14\u00a0de la premi\u00e8re saison de\u00a0\u00ab\u00a0La Quatri\u00e8me Dimension\u00a0\u00bb, sortie en 1959\u00a0: William Sturka (Fritz Weaver).\" title=\"CBS\"\/>      <\/p>\n<p class=\"media__legend\"> Vince Gilligan a nomm\u00e9 son h\u00e9ro\u00efne Carol Sturka en r\u00e9f\u00e9rence au personnage central de l\u2019\u00e9pisode 14\u00a0de la premi\u00e8re saison de\u00a0\u00ab\u00a0La Quatri\u00e8me Dimension\u00a0\u00bb, sortie en 1959\u00a0: William Sturka (Fritz Weaver).  CBS  <\/p>\n<p>     <\/a>                          <\/p>\n<p class=\"paragraph\">Avec sa patiente mise en place, sa lente mont\u00e9e de l\u2019\u00e9tranget\u00e9 et sa chute terrifiante, le pilote de\u00a0Pluribus\u00a0aurait pu \u00eatre un \u00e9pisode de la\u00a0Twilight Zone, anthologie surnaturelle culte de la t\u00e9l\u00e9vision am\u00e9ricaine \u2013 qui a connu un moins fameux reboot en\u00a02019, dans lequel jouait Rhea Seehorn. Cette filiation est assum\u00e9e par Vince Gilligan, qui a nomm\u00e9 son h\u00e9ro\u00efne Carol Sturka en r\u00e9f\u00e9rence au personnage central de l\u2019\u00e9pisode 14 de la premi\u00e8re saison de\u00a0La Quatri\u00e8me Dimension, sortie en\u00a01959\u00a0: William Sturka (Fritz Weaver), un scientifique confront\u00e9 \u00e0 une apocalypse nucl\u00e9aire imminente\u2026 <strong>\u2014 P.L.<\/strong><\/p>\n<p><strong>r <\/strong>Disponible en VOD.<\/p>\n<p>                                    \u201cTwin Peaks\u00a0: The Return\u201d                              <a href=\"https:\/\/www.europesays.com\/fr\/wp-content\/uploads\/2025\/12\/222fafa_upload-1-lfs5ea2yjknn-twin-peaks-the-return.jpeg\" data-pswp-width=\"\" data-pswp-height=\"\" class=\"media__hd\" target=\"_blank\">      <img decoding=\"async\" loading=\"lazy\" src=\"https:\/\/www.europesays.com\/fr\/wp-content\/uploads\/2025\/12\/222fafa_upload-1-lfs5ea2yjknn-twin-peaks-the-return.jpeg\" class=\"media__picture js-media-zoom  media__size--large\" alt=\"Dans sa troisi\u00e8me saison, \u00ab\u00a0Twin Peaks\u00a0: The Return\u00a0\u00bb s\u2019interroge sur les origines du mal.\" title=\"Showtime\"\/>      <\/p>\n<p class=\"media__legend\"> Dans sa troisi\u00e8me saison, \u00ab\u00a0Twin Peaks\u00a0: The Return\u00a0\u00bb s\u2019interroge sur les origines du mal.  Showtime  <\/p>\n<p>     <\/a>                          <\/p>\n<p class=\"paragraph\"><a target=\"_blank\" href=\"https:\/\/www.telerama.fr\/series-tv\/bilan-de-twin-peaks-the-return-un-eprouvant-et-emouvant-voyage,n5185968.php\" rel=\"noopener\">Twin Peaks\u00a0: The Return<\/a> et Pluribus partagent plus qu\u2019un amour des paysages d\u00e9sertiques et le cam\u00e9o inattendu d\u2019une bombe atomique. Comme Lynch, Gilligan pr\u00e9f\u00e8re poser des questions qu\u2019offrir des r\u00e9ponses. Dans cette troisi\u00e8me saison de Twin Peaks, diffus\u00e9e dix-sept\u00a0ans apr\u00e8s la premi\u00e8re, le r\u00e9alisateur s\u2019interroge sur les origines du mal, d\u00e9construit les codes s\u00e9riels et d\u00e9joue toutes nos attentes. Le r\u00e9sultat est un chef-d\u2019\u0153uvre monumental qui a red\u00e9fini ce qui \u00e9tait possible \u00e0 la t\u00e9l\u00e9. <strong>\u2014 M.T.<\/strong><\/p>\n<p>s Disponible en VOD et d\u00e8s le 8\u00a0janvier sur Arte.tv.<\/p>\n<p>                                    \u201cBetter Call Saul\u201d                              <a href=\"https:\/\/www.europesays.com\/fr\/wp-content\/uploads\/2025\/12\/6f5737b_upload-1-7rxjlqrbzuru-better-call-saul-serie-tv-2015-s1-portrait-04.jpg\" data-pswp-width=\"\" data-pswp-height=\"\" class=\"media__hd\" target=\"_blank\">      <img decoding=\"async\" loading=\"lazy\" src=\"https:\/\/www.europesays.com\/fr\/wp-content\/uploads\/2025\/12\/6f5737b_upload-1-7rxjlqrbzuru-better-call-saul-serie-tv-2015-s1-portrait-04.jpg\" class=\"media__picture js-media-zoom  media__size--large\" alt=\"\u00ab\u00a0Better Call Saul\u00a0\u00bb, le spin-off de \u00ab\u00a0Breaking Bad\u00a0\u00bb, a r\u00e9v\u00e9l\u00e9 l\u2019actrice de \u00ab\u00a0Pluribus\u00a0\u00bb, Rhea Seehorn. \" title=\"AMC\/Sony Pictures Television \"\/>      <\/p>\n<p class=\"media__legend\"> \u00ab\u00a0Better Call Saul\u00a0\u00bb, le spin-off de \u00ab\u00a0Breaking Bad\u00a0\u00bb, a r\u00e9v\u00e9l\u00e9 l\u2019actrice de \u00ab\u00a0Pluribus\u00a0\u00bb, Rhea Seehorn.   AMC\/Sony Pictures Television   <\/p>\n<p>     <\/a>                          <\/p>\n<p class=\"paragraph\">C\u2019est <a target=\"_blank\" href=\"https:\/\/www.telerama.fr\/series-tv\/better-call-saul-le-prequel-de-breaking-bad-qui-petille-d-intelligence_cri-7039589.php\" rel=\"noopener\">ce spin-off de\u00a0Breaking Bad<\/a>\u00a0qui a r\u00e9v\u00e9l\u00e9 Rhea Seehorn, extraordinairement juste, et des ann\u00e9es plus tard, on ne comprend toujours pas pourquoi cette actrice est si rare. Elle y incarne Kim Wexler, avocate int\u00e8gre et attachante qui fut longtemps l\u2019unique bou\u00e9e de James McGill, l\u2019emp\u00eachant de se laisser totalement engloutir par la face sombre de sa personnalit\u00e9. Quant \u00e0 Vince Gilligan, son go\u00fbt du d\u00e9tail, sa traduction de l\u2019espace, la pr\u00e9cision de son \u00e9criture donnent une \u0153uvre exceptionnelle \u00e0 tous points de vue, si bien que les fans pr\u00e9f\u00e8rent souvent cette s\u00e9rie \u00e0 celle qui l\u2019a pr\u00e9c\u00e9d\u00e9e. <strong>\u2014 M.Bz.<\/strong><\/p>\n<p>s Disponible sur Netflix.<\/p>\n<p>                                    \u201cX-Files\u201d                              <a href=\"https:\/\/www.europesays.com\/fr\/wp-content\/uploads\/2025\/12\/84c03a8_upload-1-j4uvjadh5klx-x-files-tv-studio-pose-17.jpg\" data-pswp-width=\"\" data-pswp-height=\"\" class=\"media__hd\" target=\"_blank\">      <img decoding=\"async\" loading=\"lazy\" src=\"https:\/\/www.europesays.com\/fr\/wp-content\/uploads\/2025\/12\/84c03a8_upload-1-j4uvjadh5klx-x-files-tv-studio-pose-17.jpg\" class=\"media__picture js-media-zoom  media__size--large\" alt=\"Vince Gilligan a fait ses classes parmi les auteurs de \u00ab\u00a0X-files\u00a0\u00bb. \" title=\"Photo Mark Seliger\/Fox Broadcasting Company\"\/>      <\/p>\n<p class=\"media__legend\"> Vince Gilligan a fait ses classes parmi les auteurs de \u00ab\u00a0X-files\u00a0\u00bb.   Photo Mark Seliger\/Fox Broadcasting Company  <\/p>\n<p>     <\/a>                          <\/p>\n<p class=\"paragraph\">On l\u2019aurait presque oubli\u00e9 vu la richesse du reste de son CV, mais c\u2019est dans la \u00ab\u00a0writers room\u00a0\u00bb de <a target=\"_blank\" href=\"https:\/\/www.telerama.fr\/series-tv\/le-culte-x-files-en-10-points,137181.php\" rel=\"noopener\">X-Files<\/a> que Vince Gilligan a fait ses classes. \u00c0 travers Pluribus, il renoue donc avec les grands myst\u00e8res et les extraterrestres de cette exp\u00e9rience fondatrice. Outre les questions quasi mythologiques, la s\u00e9rie culte des ann\u00e9es\u00a01990\u00a0s\u00e9duit toujours autant gr\u00e2ce \u00e0 son duo d\u2019acteurs ultra charismatiques, ses intrigues addictives, son humour pince-sans-rire et son jeu avec les codes de l\u2019horreur et de la science-fiction.<strong> \u2014 M.T.<\/strong><\/p>\n<p>Disponible sur Disney +.<\/p>\n<p>                                    \u201cThe OA\u201d                              <a href=\"https:\/\/www.europesays.com\/fr\/wp-content\/uploads\/2025\/12\/f7f8b1a_upload-1-8920ztxalx19-oa-the-oa-serie-tv-2016-s1-ep2-03.jpg\" data-pswp-width=\"\" data-pswp-height=\"\" class=\"media__hd\" target=\"_blank\">      <img decoding=\"async\" loading=\"lazy\" src=\"https:\/\/www.europesays.com\/fr\/wp-content\/uploads\/2025\/12\/f7f8b1a_upload-1-8920ztxalx19-oa-the-oa-serie-tv-2016-s1-ep2-03.jpg\" class=\"media__picture js-media-zoom  media__size--large\" alt=\"\u00ab\u00a0The OA\u00a0\u00bb partage avec \u00ab\u00a0Pluribus\u00a0\u00bb le go\u00fbt des temps longs. \" title=\"Photo JoJo Whilden\/Netflix\"\/>      <\/p>\n<p class=\"media__legend\"> \u00ab\u00a0The OA\u00a0\u00bb partage avec \u00ab\u00a0Pluribus\u00a0\u00bb le go\u00fbt des temps longs.   Photo JoJo Whilden\/Netflix  <\/p>\n<p>     <\/a>                          <\/p>\n<p class=\"paragraph\">Rarement une s\u00e9rie aura bouscul\u00e9 \u00e0 ce point les codes narratifs s\u00e9riels. Cet ovni cocr\u00e9\u00e9 par Brit Marling et Zal Batmanglij, d\u00e9capit\u00e9 par Netflix avant d\u2019avoir pu conclure son r\u00e9cit, partage avec\u00a0Pluribus\u00a0son go\u00fbt pour le temps long et les silences. Elle fait aussi confiance \u00e0 <a target=\"_blank\" href=\"https:\/\/www.telerama.fr\/series-tv\/the-oa-saison-1-une-serie-insaisissable_cri-7034365.php\" rel=\"noopener\">l\u2019intelligence et \u00e0 la patience<\/a> des spectateurs. Sous son suspense \u00e9trange et sa tonalit\u00e9 souvent exalt\u00e9e, elle propose une autre r\u00e9flexion sur ce qui connecte les humains entre eux, sur l\u2019individu et l\u2019individualisme \u2014\u00a0moins satirique, beaucoup plus grandiloquente, mais pas moins passionnante. <strong>\u2014 P.L.<\/strong><\/p>\n<p><strong>r <\/strong>Disponible sur Netflix.<\/p>\n<p>                                    \u201cLe Prisonnier\u201d                              <a href=\"https:\/\/www.europesays.com\/fr\/wp-content\/uploads\/2025\/12\/143331b_upload-1-lkghq94j272b-litt-f2p-the-prisoner13-ll85.jpg\" data-pswp-width=\"\" data-pswp-height=\"\" class=\"media__hd\" target=\"_blank\">      <img decoding=\"async\" loading=\"lazy\" src=\"https:\/\/www.europesays.com\/fr\/wp-content\/uploads\/2025\/12\/143331b_upload-1-lkghq94j272b-litt-f2p-the-prisoner13-ll85.jpg\" class=\"media__picture js-media-zoom  media__size--large\" alt=\"Dans \u00ab\u00a0Le Prisonnier\u00a0\u00bb, une s\u00e9rie de 1967, les \u00eatres humains sont r\u00e9duits \u00e0 des num\u00e9ros.\" title=\"Incorporated Television Company \"\/>      <\/p>\n<p class=\"media__legend\"> Dans \u00ab\u00a0Le Prisonnier\u00a0\u00bb, une s\u00e9rie de 1967, les \u00eatres humains sont r\u00e9duits \u00e0 des num\u00e9ros.  Incorporated Television Company   <\/p>\n<p>     <\/a>                          <\/p>\n<p class=\"paragraph\"><a target=\"_blank\" href=\"https:\/\/television.telerama.fr\/tele\/serie\/le-prisonnier,150090,saison1.php\" rel=\"noopener\">Une prison \u00e0\u00a0ciel ouvert<\/a>, pimpante comme un club de vacances, des haut-parleurs qui annoncent \u00ab\u00a0Encore une merveilleuse journ\u00e9e\u00a0au Village\u2026\u00a0\u00bb et des \u00eatres humains r\u00e9duits \u00e0 des num\u00e9ros qui\u00a0ne voient pas\u00a0le probl\u00e8me.\u00a0Bienvenue dans la matrice de\u00a0Pluribus.\u00a0En\u00a01967, Patrick McGoohan imaginait cette all\u00e9gorie d\u2019une tyrannie aseptis\u00e9e dans laquelle il tenait aussi le premier r\u00f4le, celui d\u2019un espion britannique\u00a0d\u00e9missionnaire\u00a0qui n\u2019a de cesse\u00a0de\u00a0vouloir arracher leur sourire fig\u00e9 \u00e0 ces placides cong\u00e9n\u00e8res\u00a0et\u00a0de\u00a0perturber l\u2019ordre \u00e9tabli de ce\u00a0microcosme\u00a0panoptique.\u00a0Impossible de s\u2019\u00e9vader\u00a0: ceux qui essaient se font rattraper par\u00a0une grosse boule blanche et molle\u00a0qui se charge de les\u00a0asphyxier.\u00a0Sensibles au sous-texte orwellien de\u00a0Pluribus, vous devriez tomber sous le charme de cette s\u00e9rie\u00a0devenue culte\u00a0qui avait\u00a0d\u00e9j\u00e0\u00a0pressenti le caract\u00e8re monstrueux de la logique algorithmique\u2026 Ou, comme le mart\u00e8le\u00a0son h\u00e9ros\u00a0: \u00ab\u00a0Je ne suis pas un num\u00e9ro, je suis un homme libre\u00a0!\u00a0\u00bb <strong>\u2014 M.J.<\/strong><\/p>\n<p>Disponible en DVD.<\/p>\n<p>                              <strong>\u00c0 SUIVRE\u2026<\/strong>                       <\/p>\n<p class=\"paragraph\">Toujours plus de questionnements m\u00e9taphysiques avec une s\u00e9rie suppl\u00e9mentaire, malheureusement indisponible pour l\u2019instant, mais dont on vous conseille de guetter la r\u00e9apparition sur les plateformes.<\/p>\n<p>                      \u201cMrs Davis\u201d                              <a href=\"https:\/\/www.europesays.com\/fr\/wp-content\/uploads\/2025\/12\/cad8c6b_upload-1-za8dlvzgsxli-mrs-davies5660107.jpg\" data-pswp-width=\"\" data-pswp-height=\"\" class=\"media__hd\" target=\"_blank\">      <img decoding=\"async\" loading=\"lazy\" src=\"https:\/\/www.europesays.com\/fr\/wp-content\/uploads\/2025\/12\/cad8c6b_upload-1-za8dlvzgsxli-mrs-davies5660107.jpg\" class=\"media__picture js-media-zoom  media__size--large\" alt=\"Betty Gilpin dans la s\u00e9rie de science-fiction \u00ab\u00a0Mrs Davis\u00a0\u00bb.\" title=\"Photo Colleen Hayes\/Peacock\"\/>      <\/p>\n<p class=\"media__legend\"> Betty Gilpin dans la s\u00e9rie de science-fiction \u00ab\u00a0Mrs Davis\u00a0\u00bb.  Photo Colleen Hayes\/Peacock  <\/p>\n<p>     <\/a>                          <\/p>\n<p class=\"paragraph\">La s\u00e9rie, cosign\u00e9e par Damon Lindelof, met en sc\u00e8ne les aventures vrombissantes d\u2019une <a target=\"_blank\" href=\"https:\/\/www.telerama.fr\/series-tv\/mrs-davis-sur-warner-tv-la-nouvelle-serie-genialement-loufoque-du-createur-de-the-leftovers_cri-7035077.php\" rel=\"noopener\">nonne \u00e0 moto <\/a>(Betty Gilpin), en croisade contre Mrs Davis, une intelligence artificielle doucereuse qui asservit l\u2019humanit\u00e9 en lui chuchotant \u00e0 l\u2019oreille. Saine col\u00e8re contre bienveillance l\u00e9nifiante, appel \u00e0 la r\u00e9sistance, fable m\u00e9taphysique m\u00e2tin\u00e9e de satire \u00e9chevel\u00e9e\u2026 Tout, dans cette jouissive com\u00e9die SF, inexplicablement pass\u00e9e sous le radar, fait \u00e9cho \u00e0\u00a0Pluribus, au point que les deux \u0153uvres ont l\u2019air de jumelles s\u00e9par\u00e9es \u00e0 la naissance. Un excellent double programme qui prouve que, lorsqu\u2019il s\u2019agit de capter l\u2019air du temps, les grands esprits se rencontrent. <strong>\u2014 C.V.<\/strong><\/p>\n<p>r Plus disponible pour le moment.<\/p>\n","protected":false},"excerpt":{"rendered":"La premi\u00e8re saison de Vince Gilligan s\u2019est conclue cette semaine sur Apple\u00a0TV. De \u201cThe OA\u201d \u00e0 \u201cBetter Call&hellip;\n","protected":false},"author":2,"featured_media":625682,"comment_status":"","ping_status":"","sticky":false,"template":"","format":"standard","meta":{"footnotes":""},"categories":[1356],"tags":[58,59,1011,27,252,1364],"class_list":{"0":"post-625681","1":"post","2":"type-post","3":"status-publish","4":"format-standard","5":"has-post-thumbnail","7":"category-television","8":"tag-divertissement","9":"tag-entertainment","10":"tag-fr","11":"tag-france","12":"tag-television","13":"tag-tv"},"share_on_mastodon":{"url":"https:\/\/pubeurope.com\/@fr\/115793004514717529","error":""},"_links":{"self":[{"href":"https:\/\/www.europesays.com\/fr\/wp-json\/wp\/v2\/posts\/625681","targetHints":{"allow":["GET"]}}],"collection":[{"href":"https:\/\/www.europesays.com\/fr\/wp-json\/wp\/v2\/posts"}],"about":[{"href":"https:\/\/www.europesays.com\/fr\/wp-json\/wp\/v2\/types\/post"}],"author":[{"embeddable":true,"href":"https:\/\/www.europesays.com\/fr\/wp-json\/wp\/v2\/users\/2"}],"replies":[{"embeddable":true,"href":"https:\/\/www.europesays.com\/fr\/wp-json\/wp\/v2\/comments?post=625681"}],"version-history":[{"count":0,"href":"https:\/\/www.europesays.com\/fr\/wp-json\/wp\/v2\/posts\/625681\/revisions"}],"wp:featuredmedia":[{"embeddable":true,"href":"https:\/\/www.europesays.com\/fr\/wp-json\/wp\/v2\/media\/625682"}],"wp:attachment":[{"href":"https:\/\/www.europesays.com\/fr\/wp-json\/wp\/v2\/media?parent=625681"}],"wp:term":[{"taxonomy":"category","embeddable":true,"href":"https:\/\/www.europesays.com\/fr\/wp-json\/wp\/v2\/categories?post=625681"},{"taxonomy":"post_tag","embeddable":true,"href":"https:\/\/www.europesays.com\/fr\/wp-json\/wp\/v2\/tags?post=625681"}],"curies":[{"name":"wp","href":"https:\/\/api.w.org\/{rel}","templated":true}]}}