{"id":625685,"date":"2025-12-27T18:43:30","date_gmt":"2025-12-27T18:43:30","guid":{"rendered":"https:\/\/www.europesays.com\/fr\/625685\/"},"modified":"2025-12-27T18:43:30","modified_gmt":"2025-12-27T18:43:30","slug":"star-wars-en-2026-ce-qui-vous-attend-au-cinema-en-series-disney-et-jeux-video","status":"publish","type":"post","link":"https:\/\/www.europesays.com\/fr\/625685\/","title":{"rendered":"Star Wars en 2026\u00a0: ce qui vous attend au cin\u00e9ma, en s\u00e9ries Disney+ et jeux vid\u00e9o"},"content":{"rendered":"<p>2025 a \u00e9t\u00e9 l\u2019ann\u00e9e du triomphe critique d\u2019Andor, dont la saison 2 a \u00e9t\u00e9 aussi bien, voire meilleure, que la premi\u00e8re. Pour 2026, on va quitter le petit \u00e9cran et le streaming pour retrouver le grand \u00e9cran et les salles obscures. Apr\u00e8s sept longues ann\u00e9es d\u2019attente, Star Wars revient enfin au cin\u00e9ma.<\/p>\n<p>2025 tire sa r\u00e9v\u00e9rence, laissant aux fans de Star Wars de bons souvenirs : <a href=\"https:\/\/www.numerama.com\/pop-culture\/1956113-la-saison-2-dandor-enterre-definitivement-toutes-les-series-star-wars-je-ne-veux-rien-savoir.html\" target=\"_blank\" rel=\"noopener\">la saison 2 d\u2019Andor a \u00e9t\u00e9 une v\u00e9ritable r\u00e9ussite artistique<\/a>, livr\u00e9e avec un vrai propos politique. Du c\u00f4t\u00e9 de l\u2019animation, on a \u00e9galement profit\u00e9 de la <a href=\"https:\/\/www.numerama.com\/pop-culture\/2083385-vous-pensez-connaitre-tous-les-sabres-laser-les-plus-surprenants-de-star-wars-attendez-de-voir-visions-volume-3-avec-cette-etrange-jambe-laser.html\" target=\"_blank\" rel=\"noopener\">saison 3 de l\u2019anthologie Star Wars: Visions<\/a>, l\u2019arc <a href=\"https:\/\/www.numerama.com\/series-tv\/star-wars-tales-of-the-underworld\/\" target=\"_blank\" rel=\"noopener\">Tales of the Underworld<\/a> et, pour les plus jeunes, Young Jedi Adventures saison 3.<\/p>\n<p>Pour 2026, il y aura \u00e9videmment plusieurs rendez-vous pour celles et ceux qui aiment replonger dans cette galaxie lointaine, tr\u00e8s lointaine. Le point d\u2019orgue de ce planning sera \u00e9videmment <a href=\"https:\/\/www.numerama.com\/pop-culture\/578374-dans-quel-ordre-regarder-star-wars.html\" target=\"_blank\" rel=\"noopener\">le retour de Star Wars au cin\u00e9ma<\/a>, apr\u00e8s 7 ans d\u2019absence. Le rendez-vous est fix\u00e9 au mois de mai, avec The Mandalorian and Grogu.<\/p>\n<p>Star Wars revient au cin\u00e9ma avec Grogu et le Mandalorien<\/p>\n<p>Ce sera le grand \u00e9v\u00e8nement pour les fans de Star Wars. Le 20 mai 2026, sept ans apr\u00e8s Star Wars, \u00e9pisode IX : L\u2019Ascension de Skywalker (2019), Jon Favreau propose de <a href=\"https:\/\/www.numerama.com\/pop-culture\/1604228-the-mandalorian-grogu-est-confirme-comme-film-star-wars.html\" target=\"_blank\" rel=\"noopener\">continuer les p\u00e9rip\u00e9ties de Din Djarin (le Mandalorien) et de Grogu sur grand \u00e9cran<\/a>. Et au passage, il s\u2019agit de prouver que le duo est capable de tenir le rang de blockbuster mondial.<\/p>\n<p>Surtout, cela doit \u00eatre la preuve que l\u2019on peut passer de l\u2019univers Disney+ (l\u00e0 o\u00f9 est n\u00e9e la s\u00e9rie <a href=\"https:\/\/www.numerama.com\/series-tv\/the-mandalorian\/\" target=\"_blank\" rel=\"noopener\">The Mandalorian<\/a>) au monde du cin\u00e9ma \u2014 ce qui int\u00e9resse bien s\u00fbr grandement le g\u00e9ant du divertissement. On ne va pas le cacher : revenir au septi\u00e8me art avec ce bin\u00f4me particulier <a href=\"https:\/\/www.numerama.com\/pop-culture\/1605492-avec-the-mandalorian-grogu-star-wars-joue-avec-le-feu-pour-son-retour-au-cinema.html\" target=\"_blank\" rel=\"noopener\">nous laisse quelque peu perplexes<\/a>, mais le r\u00e9sultat nous fera peut-\u00eatre mentir.<\/p>\n<p>    Pour aller plus loin<\/p>\n<p>                <img decoding=\"async\" width=\"87\" height=\"87\" loading=\"lazy\" alt=\"Source : Lucasfilm\" title=\"Source : Lucasfilm\" class=\"placeholder-default wp-image\" src=\"https:\/\/www.europesays.com\/fr\/wp-content\/uploads\/2025\/12\/jabba-hutt-200x200.jpg\" \/>            <\/p>\n<p><a href=\"https:\/\/www.numerama.com\/wp-content\/uploads\/2024\/01\/the-mandalorian-and-grogu-concept-art.jpg\" target=\"_blank\" rel=\"noopener\"><img decoding=\"async\" width=\"1024\" height=\"576\" loading=\"lazy\" alt=\"the-mandalorian-and-grogu-concept-art\" title=\"the-mandalorian-and-grogu-concept-art\" class=\"wp-image-1604268 placeholder-default wp-image\" src=\"https:\/\/www.europesays.com\/fr\/wp-content\/uploads\/2025\/12\/the-mandalorian-and-grogu-concept-art-1024x576.jpg\" \/><\/a>Un visuel du film. \/\/ Source : <a href=\"https:\/\/www.starwars.com\/news\/the-mandalorian-and-grogu\" target=\"_blank\" rel=\"noopener\">Star Wars<\/a><\/p>\n<p>En revanche, l\u2019hypoth\u00e8se initiale selon laquelle 2026 accueillerait deux films Star Wars a \u00e9t\u00e9 dissip\u00e9e : il n\u2019y aura qu\u2019un seul rendez-vous. Pendant un temps, un autre long-m\u00e9trage (sans doute <a href=\"https:\/\/www.numerama.com\/pop-culture\/1332438-il-y-aura-un-nouveau-film-star-wars-avec-rey.html\" target=\"_blank\" rel=\"noopener\">celui centr\u00e9 sur Rey Skywalker<\/a>) \u00e9tait cal\u00e9 pour le 18 d\u00e9cembre 2026. Ce n\u2019est plus le cas : <a href=\"https:\/\/www.numerama.com\/pop-culture\/1847178-un-futur-film-star-wars-sortira-au-cinema-plus-tardivement-que-prevu.html\" target=\"_blank\" rel=\"noopener\">la case a \u00e9t\u00e9 r\u00e9attribu\u00e9e \u00e0  L\u2019\u00c2ge de Glace 6<\/a>.<\/p>\n<p>\u00c0 plus long terme, d\u2019autres films sont en chantier : <a href=\"https:\/\/www.numerama.com\/pop-culture\/1840474-star-wars-la-saga-skywalker-nest-peut-etre-pas-terminee.html\" target=\"_blank\" rel=\"noopener\">une trilogie de Simon Kinberg<\/a> (X-Men, Rebels), <a href=\"https:\/\/www.numerama.com\/pop-culture\/2048963-star-wars-starfighter-date-de-sortie-histoire-casting-tout-savoir-sur-le-film-avec-ryan-gosling.html\" target=\"_blank\" rel=\"noopener\">Starfighter<\/a>, le film sur Rey, <a href=\"https:\/\/www.numerama.com\/pop-culture\/1878894-ce-nest-pas-un-hasard-si-lun-des-films-star-wars-se-passera-25-000-ans-dans-le-passe.html\" target=\"_blank\" rel=\"noopener\">Dawn of the Jedi<\/a>, un film sur le \u00ab mandoverse \u00bb et d\u2019autres projets plus obscurs et plus incertains. Au passage, la trilogie que devait r\u00e9aliser Rian Johnson (auteur de l\u2019\u00e9pisode VIII), \u00e9voqu\u00e9e d\u00e8s 2017, ne semble plus d\u2019actualit\u00e9.<\/p>\n<p>    Pour aller plus loin<\/p>\n<p>                <img decoding=\"async\" width=\"87\" height=\"87\" loading=\"lazy\" alt=\"Source : Lucasfilm\" title=\"Source : Lucasfilm\" class=\"placeholder-default wp-image\" src=\"https:\/\/www.europesays.com\/fr\/wp-content\/uploads\/2025\/12\/star-wars-120x120.jpg\" \/>            <\/p>\n<p>S\u00e9ries sur Disney+ : l\u2019animation, la star de 2026 ?<\/p>\n<p>2026 semble \u00eatre une ann\u00e9e relativement calme du c\u00f4t\u00e9 des s\u00e9ries TV, en tout cas dans la cat\u00e9gorie live (prise de vue r\u00e9elle).<\/p>\n<p>La <a href=\"https:\/\/www.numerama.com\/pop-culture\/1457172-ce-que-lon-sait-de-la-saison-2-de-la-serie-ahsoka.html\" target=\"_blank\" rel=\"noopener\">saison 2 d\u2019Ahsoka<\/a> pourrait-elle d\u00e9barquer en 2026 ? C\u2019est la grande inconnue : le tournage a occup\u00e9 une bonne partie de l\u2019ann\u00e9e \u00e9coul\u00e9e, mais la post-production, avec les effets sp\u00e9ciaux, est toujours tr\u00e8s longue. Une diffusion fin 2026 est optimiste, mais pas impossible. Il faudra attendre une \u00e9ventuelle communication de Disney \/ Lucasfilm.<\/p>\n<p>En revanche, on attend deux \u00e9v\u00e8nements pour l\u2019animation.<\/p>\n<p>D\u2019abord, Star Wars: Maul \u2013 Shadow Lord, projet <a href=\"https:\/\/www.starwars.com\/news\/star-wars-maul-shadow-lord\" target=\"_blank\" rel=\"noreferrer noopener\">annonc\u00e9<\/a> lors de la Star Wars Celebration au Japon. Comme son nom l\u2019indique, la s\u00e9rie va marquer le retour du c\u00e9l\u00e8bre Sith et va prolonger l\u2019arc The Clone Wars \u2014 en effet, elle doit se d\u00e9rouler apr\u00e8s la guerre des clones, en s\u2019int\u00e9ressant \u00e0 la mont\u00e9e en puissance de l\u2019organisation criminelle Crimson Dawn.<\/p>\n<p><a href=\"https:\/\/www.numerama.com\/wp-content\/uploads\/2025\/12\/star-wars-maul-shadow-lord.jpg\" target=\"_blank\" rel=\"noopener\"><img decoding=\"async\" width=\"1024\" height=\"576\" loading=\"lazy\" alt=\"Source : Lucasfilm\" title=\"Source : Lucasfilm\" class=\"wp-image-2147575 placeholder-default wp-image\" src=\"https:\/\/www.europesays.com\/fr\/wp-content\/uploads\/2025\/12\/star-wars-maul-shadow-lord-1024x576.jpg\" \/><\/a>Maul, toujours l\u00e0 vingt-cinq ans apr\u00e8s. \/\/ Source : Lucasfilm<\/p>\n<p>Ensuite, The Ninth Jedi. Tr\u00e8s appr\u00e9ci\u00e9 par les fans, l\u2019un des \u00e9pisodes de la premi\u00e8re saison de <a href=\"https:\/\/www.numerama.com\/pop-culture\/724044-star-wars-visions-tout-savoir-sur-la-serie-danimation.html\" target=\"_blank\" rel=\"noopener\">l\u2019anthologie Star Wars Visions<\/a> et un autre issu de la troisi\u00e8me saison (Child of Hope), vont donner lieu \u00e0 une s\u00e9rie d\u00e9riv\u00e9e. Le studio Production I.G. est \u00e0 la r\u00e9alisation. C\u2019est la premi\u00e8re fois que Visions donne naissance \u00e0 un spin-off.<\/p>\n<p>Deux jeux vid\u00e9o de moyenne envergure en attendant les futurs poids lourds<\/p>\n<p>N\u2019escomptez pas mettre la main sur <a href=\"https:\/\/www.numerama.com\/pop-culture\/1512086-star-wars-jedi-survivor-va-avoir-une-suite.html\" target=\"_blank\" rel=\"noopener\">Star Wars: Jedi 3<\/a> ou bien <a href=\"https:\/\/www.numerama.com\/pop-culture\/2140381-un-nouveau-jeu-star-wars-arrive-voici-la-bande-annonce-de-fate-of-the-old-republic.html\" target=\"_blank\" rel=\"noopener\">Star Wars: Fate of the Republic<\/a> en 2026 : ces projets sont attendus pour 2027, au minimum. Mais cela ne veut pas dire qu\u2019il n\u2019y aura rien \u00e0 se mettre sous la dent. On peut mentionner deux projets, certes qui ne seront pas des jeux dits triple A, mais qui pourront vous amuser quand m\u00eame.<\/p>\n<p>On a d\u2019abord <a href=\"https:\/\/www.numerama.com\/pop-culture\/1951103-ce-nouveau-jeu-video-star-wars-ne-va-pas-plaire-a-tout-le-monde.html\" target=\"_blank\" rel=\"noopener\">Zero Company<\/a>. C\u2019\u00e9tait l\u2019une des stars de la c\u00e9l\u00e9bration au Japon en avril 2025. Zero Company est le fruit d\u2019une collaboration entre Respawn Entertainment \u2014 d\u00e9j\u00e0 \u00e0 l\u2019\u0153uvre sur les <a href=\"https:\/\/www.numerama.com\/jeux-video\/star-wars-jedi-fallen-order\/\" target=\"_blank\" rel=\"noopener\">Jedi: Fallen Order<\/a> et <a href=\"https:\/\/www.numerama.com\/jeux-video\/star-wars-jedi-survivor\/\" target=\"_blank\" rel=\"noopener\">Jedi: Survivor<\/a> \u2014 et Bit Reactor, un studio fond\u00e9 par les v\u00e9t\u00e9rans de la licence XCOM. Voyez \u00e7a comme un jeu tactique solo au tour par tour.<\/p>\n<p><a href=\"https:\/\/www.numerama.com\/wp-content\/uploads\/2025\/04\/capture-decran-2025-04-15-a-100311.jpg\" target=\"_blank\" rel=\"noopener\"><img decoding=\"async\" width=\"1024\" height=\"582\" loading=\"lazy\" alt=\"Star Wars Zero Company \/\/ Source : Electronic Arts\" title=\"Star Wars Zero Company \/\/ Source : Electronic Arts\" class=\"wp-image-1951199 placeholder-default wp-image\" src=\"https:\/\/www.europesays.com\/fr\/wp-content\/uploads\/2025\/12\/capture-decran-2025-04-15-a-100311-1024x582.jpg\" \/><\/a>Star Wars: Zero Company. \/\/ Source : Electronic Arts<\/p>\n<p>Puis, on pourra compter sur Galactic Racer. Ce titre a \u00e9t\u00e9 d\u00e9voil\u00e9 r\u00e9cemment, lors de la c\u00e9r\u00e9monie des Game Awards en d\u00e9cembre 2025. Le studio Fuse Games va proposer un jeu de course qui appara\u00eet d\u00e9j\u00e0 comme le successeur spirituel du fameux Episode I: Racer. Le concept est simple : de la vitesse pure, de l\u2019arcade, des podracers et des circuits \u00e0 travers la galaxie.<\/p>\n<p>            <img decoding=\"async\" src=\"https:\/\/www.europesays.com\/fr\/wp-content\/uploads\/2025\/12\/iPhone-16-pro-vDJtn9o4_vzSsPIGCFDc5.png\" alt=\"Toute l'actu tech en un clien d'oeil\"\/><\/p>\n<p class=\"card-install-pwa__title\">Toute l&rsquo;actu tech en un clin d&rsquo;\u0153il<\/p>\n<p class=\"card-install-pwa__description\">Ajoutez Numerama \u00e0 votre \u00e9cran d&rsquo;accueil et restez connect\u00e9s au futur !<\/p>\n<p>            <img decoding=\"async\" src=\"https:\/\/www.numerama.com\/wp-content\/themes\/numerama-next\/dist\/images\/premium\/logo-card-pwa-coupe-vCvPQ_Q_ysBNfqKp6w7gG.svg\" alt=\"Logo PWA\"\/><\/p>\n<p>       Installer Numerama<\/p>\n","protected":false},"excerpt":{"rendered":"2025 a \u00e9t\u00e9 l\u2019ann\u00e9e du triomphe critique d\u2019Andor, dont la saison 2 a \u00e9t\u00e9 aussi bien, voire meilleure,&hellip;\n","protected":false},"author":2,"featured_media":625686,"comment_status":"","ping_status":"","sticky":false,"template":"","format":"standard","meta":{"footnotes":""},"categories":[1354],"tags":[10451,520,58,59,1346,1011,27,1530,1360,1480,73490],"class_list":{"0":"post-625685","1":"post","2":"type-post","3":"status-publish","4":"format-standard","5":"has-post-thumbnail","7":"category-films","8":"tag-disney-plus","9":"tag-disney","10":"tag-divertissement","11":"tag-entertainment","12":"tag-films","13":"tag-fr","14":"tag-france","15":"tag-lucasfilm","16":"tag-movies","17":"tag-star-wars","18":"tag-star-wars-ahsoka"},"share_on_mastodon":{"url":"","error":""},"_links":{"self":[{"href":"https:\/\/www.europesays.com\/fr\/wp-json\/wp\/v2\/posts\/625685","targetHints":{"allow":["GET"]}}],"collection":[{"href":"https:\/\/www.europesays.com\/fr\/wp-json\/wp\/v2\/posts"}],"about":[{"href":"https:\/\/www.europesays.com\/fr\/wp-json\/wp\/v2\/types\/post"}],"author":[{"embeddable":true,"href":"https:\/\/www.europesays.com\/fr\/wp-json\/wp\/v2\/users\/2"}],"replies":[{"embeddable":true,"href":"https:\/\/www.europesays.com\/fr\/wp-json\/wp\/v2\/comments?post=625685"}],"version-history":[{"count":0,"href":"https:\/\/www.europesays.com\/fr\/wp-json\/wp\/v2\/posts\/625685\/revisions"}],"wp:featuredmedia":[{"embeddable":true,"href":"https:\/\/www.europesays.com\/fr\/wp-json\/wp\/v2\/media\/625686"}],"wp:attachment":[{"href":"https:\/\/www.europesays.com\/fr\/wp-json\/wp\/v2\/media?parent=625685"}],"wp:term":[{"taxonomy":"category","embeddable":true,"href":"https:\/\/www.europesays.com\/fr\/wp-json\/wp\/v2\/categories?post=625685"},{"taxonomy":"post_tag","embeddable":true,"href":"https:\/\/www.europesays.com\/fr\/wp-json\/wp\/v2\/tags?post=625685"}],"curies":[{"name":"wp","href":"https:\/\/api.w.org\/{rel}","templated":true}]}}