{"id":625703,"date":"2025-12-27T18:54:32","date_gmt":"2025-12-27T18:54:32","guid":{"rendered":"https:\/\/www.europesays.com\/fr\/625703\/"},"modified":"2025-12-27T18:54:32","modified_gmt":"2025-12-27T18:54:32","slug":"thomas-le-neveu-nomme-president","status":"publish","type":"post","link":"https:\/\/www.europesays.com\/fr\/625703\/","title":{"rendered":"Thomas, le neveu, nomm\u00e9 pr\u00e9sident"},"content":{"rendered":"<p>Tous ceux qui s\u2019int\u00e9ressent au foot \u00e0 La Fouillouse connaissent Bruno Louison, l\u2019ancien pr\u00e9sident du club\u00a0? Alors en puisant dans le langage footballistique, le nouveau retrait\u00e9 n\u2019a pas h\u00e9sit\u00e9 \u00e0 qualifier le transfert de responsabilit\u00e9 \u00e0 la t\u00eate de son entreprise de plomberie de \u00ab\u00a0mercat\u2019eau\u00a0d\u2019hiver\u00a0! \u00a0\u00bb<\/p>\n<p>\u00ab\u00a0On voulait un passage en douceur, c\u2019\u00e9tait important pour tout le monde, pour toute l\u2019\u00e9quipe, il fallait garder le m\u00eame \u00e9tat d\u2019esprit\u00a0\u00bb, explique&#8230;<\/p>\n","protected":false},"excerpt":{"rendered":"Tous ceux qui s\u2019int\u00e9ressent au foot \u00e0 La Fouillouse connaissent Bruno Louison, l\u2019ancien pr\u00e9sident du club\u00a0? Alors en&hellip;\n","protected":false},"author":2,"featured_media":625704,"comment_status":"","ping_status":"","sticky":false,"template":"","format":"standard","meta":{"footnotes":""},"categories":[9653],"tags":[1111,11,1477,2430,33,7539,1777,674,1011,27,12296,12,25,4001,9664],"class_list":{"0":"post-625703","1":"post","2":"type-post","3":"status-publish","4":"format-standard","5":"has-post-thumbnail","7":"category-saint-etienne","8":"tag-actu","9":"tag-actualites","10":"tag-artisanat","11":"tag-auvergne-rhone-alpes","12":"tag-economie","13":"tag-edition-loire-sud","14":"tag-eu","15":"tag-europe","16":"tag-fr","17":"tag-france","18":"tag-la-fouillouse","19":"tag-news","20":"tag-republique-francaise","21":"tag-saint-etienne","22":"tag-saint-etienne-bassin"},"share_on_mastodon":{"url":"https:\/\/pubeurope.com\/@fr\/115793052560172450","error":""},"_links":{"self":[{"href":"https:\/\/www.europesays.com\/fr\/wp-json\/wp\/v2\/posts\/625703","targetHints":{"allow":["GET"]}}],"collection":[{"href":"https:\/\/www.europesays.com\/fr\/wp-json\/wp\/v2\/posts"}],"about":[{"href":"https:\/\/www.europesays.com\/fr\/wp-json\/wp\/v2\/types\/post"}],"author":[{"embeddable":true,"href":"https:\/\/www.europesays.com\/fr\/wp-json\/wp\/v2\/users\/2"}],"replies":[{"embeddable":true,"href":"https:\/\/www.europesays.com\/fr\/wp-json\/wp\/v2\/comments?post=625703"}],"version-history":[{"count":0,"href":"https:\/\/www.europesays.com\/fr\/wp-json\/wp\/v2\/posts\/625703\/revisions"}],"wp:featuredmedia":[{"embeddable":true,"href":"https:\/\/www.europesays.com\/fr\/wp-json\/wp\/v2\/media\/625704"}],"wp:attachment":[{"href":"https:\/\/www.europesays.com\/fr\/wp-json\/wp\/v2\/media?parent=625703"}],"wp:term":[{"taxonomy":"category","embeddable":true,"href":"https:\/\/www.europesays.com\/fr\/wp-json\/wp\/v2\/categories?post=625703"},{"taxonomy":"post_tag","embeddable":true,"href":"https:\/\/www.europesays.com\/fr\/wp-json\/wp\/v2\/tags?post=625703"}],"curies":[{"name":"wp","href":"https:\/\/api.w.org\/{rel}","templated":true}]}}