{"id":625713,"date":"2025-12-27T19:00:16","date_gmt":"2025-12-27T19:00:16","guid":{"rendered":"https:\/\/www.europesays.com\/fr\/625713\/"},"modified":"2025-12-27T19:00:16","modified_gmt":"2025-12-27T19:00:16","slug":"top-14-lusap-a-toulon-avec-la-volonte-dy-faire-le-casse-de-noel","status":"publish","type":"post","link":"https:\/\/www.europesays.com\/fr\/625713\/","title":{"rendered":"Top 14 \u2013 L\u2019USAP \u00e0 Toulon avec la volont\u00e9 d\u2019y faire le casse de No\u00ebl"},"content":{"rendered":"<p>\n                                                                Rassur\u00e9e par sa premi\u00e8re victoire de la saison (26-20 contre Clermont) et r\u00e9g\u00e9n\u00e9r\u00e9e apr\u00e8s cinq jours de vacances, l\u2019USAP se d\u00e9place ce dimanche (18\u00a0h) \u00e0 Toulon avec de r\u00e9elles intentions. Si la pression n\u2019est pas sur ses \u00e9paules, l\u2019ambition est importante au moment de p\u00e9n\u00e9trer dans le stade Mayol qui n\u2019a plus vu l\u2019USAP s\u2019y imposer depuis 2009.\n                            <\/p>\n<p>Port\u00e9e par une victoire fondatrice contre Clermont (26-20) et un stage b\u00e9n\u00e9fique en Catalogne, l\u2019USAP aborde le d\u00e9placement \u00e0 Toulon avec un regain de confiance perceptible. \u00ab\u00a0On sentait que les choses montaient tout doucement\u00a0\u00bb, a gliss\u00e9 ce samedi l\u2019entra\u00eeneur de l\u2019attaque, Nicolas Nadau. Un coach\u00a0lucide, mais encourag\u00e9 par l\u2019\u00e9volution de son groupe. La semaine pass\u00e9e, v\u00e9cue loin de Perpignan, a \u00ab\u00a0permis de renforcer les liens et de consolider les principes de jeu que le staff s\u2019attache \u00e0 installer progressivement,\u00a0\u00bb a ajout\u00e9 l\u2019ancien entra\u00eeneur de Grenoble, surpris par les deux jours de pluie qui ont accueilli les deux seules s\u00e9ances hebdomadaires (vendredi et samedi).<\/p>\n<p>Le premier succ\u00e8s de la saison obtenu samedi dernier a visiblement agi comme un catalyseur. Plus que la prestation brute, c\u2019est l\u2019\u00e9nergie d\u00e9gag\u00e9e par ses joueurs qui satisfait l\u2019encadrement et Nicolas Nadau. \u00ab\u00a0Ils sont all\u00e9s se le chercher avec le c\u0153ur\u00a0\u00bb, r\u00e9pond-il, soulignant un \u00e9tat d\u2019esprit retrouv\u00e9. Cette victoire a facilit\u00e9 la reprise apr\u00e8s la coupure et renforc\u00e9 la coh\u00e9sion d\u2019un groupe qui, malgr\u00e9 les difficult\u00e9s du d\u00e9but de saison, n\u2019a jamais cess\u00e9 de travailler. \u00ab\u00a0M\u00eame quand les r\u00e9sultats n\u2019\u00e9taient pas l\u00e0, l\u2019\u00e9quipe n\u2019a jamais l\u00e2ch\u00e9\u00a0\u00bb, rappelle le sp\u00e9cialiste du jeu d\u2019attaque, convaincu que cette r\u00e9silience constitue aujourd\u2019hui une base solide.<\/p>\n<p>Toulon, un d\u00e9fi assum\u00e9 pour l\u2019USAP<\/p>\n<p>Face \u00e0 Toulon, l\u2019USAP sait qu\u2019elle sera attendue. Le revers conc\u00e9d\u00e9 par le RCT \u00e0 Bordeaux (46-7) n\u2019est pas de nature \u00e0 rassurer les Catalans. \u00ab\u00a0Ils vont nous attendre de pied ferme\u00a0\u00bb, pr\u00e9vient le coach, conscient de ce qui attend ses joueurs \u00e0 Mayol. Pour lui, le visage toulonnais aper\u00e7u \u00e0 domicile n\u2019aura rien \u00e0 voir avec celui vu en Gironde. \u00ab\u00a0C\u2019est une \u00e9quipe marqu\u00e9e par la culture du combat, de la guerre\u00a0\u00bb, analyse-t-il, en r\u00e9f\u00e9rence \u00e0 l\u2019identit\u00e9 profond\u00e9ment ancr\u00e9e du club varois et apr\u00e8s la performance toulonnaise contre Bath (45-34).<\/p>\n<p>Dans ce contexte, la composition d\u2019\u00e9quipe pr\u00e9par\u00e9e par Laurent Labit et les siens r\u00e9pond \u00e0 une logique de continuit\u00e9 et de gestion globale de l\u2019effectif. \u00ab\u00a0On va avoir besoin de tout le monde\u00a0\u00bb, rappelle\u00a0Nadau, qui assume les rotations et les temps de repos accord\u00e9s \u00e0 certains joueurs. L\u2019objectif est clair\u00a0: construire un groupe large, capable de r\u00e9pondre pr\u00e9sent dans une p\u00e9riode charni\u00e8re de la saison, sans br\u00fbler les \u00e9tapes.\u00a0Car le d\u00e9placement \u00e0 Toulon s\u2019inscrit dans une s\u00e9quence particuli\u00e8rement exigeante. Apr\u00e8s le RCT, Toulouse se dressera sur la route de l\u2019USAP, mais \u00e0 Perpignan cette fois. \u00ab\u00a0Ce sont deux cat\u00e9gories hors col\u00a0\u00bb, image Nadau, comparant l\u2019encha\u00eenement \u00e0 une \u00e9tape de haute montagne. \u00c0 cela s\u2019ajoute la perspective de la Challenge Cup, que le staff anticipe d\u00e9j\u00e0 dans sa gestion des forces et des hommes.<\/p>\n<p>Mais, plus encore que le prestige de l\u2019adversaire, c\u2019est la capacit\u00e9 de son \u00e9quipe \u00e0 exister loin de ses bases qui int\u00e9resse le manager catalan. \u00ab\u00a0Un groupe se jauge aussi \u00e0 l\u2019ext\u00e9rieur\u00a0\u00bb, rappelle-t-il. Dans l\u2019histoire r\u00e9cente de l\u2019USAP, certaines prestations hors de Perpignan ont servi de d\u00e9clencheur. C\u2019est cette \u00e9tincelle que l\u2019encadrement sang et or\u00a0esp\u00e8re voir rena\u00eetre \u00e0 Toulon. \u00ab\u00a0\u00c0 l\u2019image des deux derniers d\u00e9placements o\u00f9 l\u2019\u00e9quipe a ramen\u00e9 un point de Pau\u00a0et s\u2019est accroch\u00e9e \u00e0 Castres\u00a0\u00bb, a ajout\u00e9 Tom Ecochard, heureux de voir Antoine Aucagne revenir dans le groupe, un an apr\u00e8s sa blessure.<\/p>\n<p>C\u2019est sans pression excessive, mais avec d\u00e9termination que\u00a0l\u2019USAP avance donc sur sa ligne de cr\u00eate. \u00c0 Mayol, plus qu\u2019un r\u00e9sultat, elle cherchera avant tout \u00e0 confirmer qu\u2019elle est en train de se construire, sans jamais renoncer \u00e0 son identit\u00e9 ni \u00e0 son \u00e9tat d\u2019esprit. Le maintien passe par l\u00e0 pour la lanterne rouge qui pourrait enfin doubler Montauban, lourdement battu au Racing 92 (61-16), en cas de succ\u00e8s ce dimanche \u00e0 Toulon.<\/p>\n","protected":false},"excerpt":{"rendered":"Rassur\u00e9e par sa premi\u00e8re victoire de la saison (26-20 contre Clermont) et r\u00e9g\u00e9n\u00e9r\u00e9e apr\u00e8s cinq jours de vacances,&hellip;\n","protected":false},"author":2,"featured_media":625714,"comment_status":"","ping_status":"","sticky":false,"template":"","format":"standard","meta":{"footnotes":""},"categories":[9619],"tags":[1111,11,1777,674,1011,27,12,3464,882,11548,25,68796,517,478,2310],"class_list":{"0":"post-625713","1":"post","2":"type-post","3":"status-publish","4":"format-standard","5":"has-post-thumbnail","7":"category-toulon","8":"tag-actu","9":"tag-actualites","10":"tag-eu","11":"tag-europe","12":"tag-fr","13":"tag-france","14":"tag-news","15":"tag-perpignan","16":"tag-provence-alpes-cote-dazur","17":"tag-pyrenees-orientales","18":"tag-republique-francaise","19":"tag-rugby-u00e0-xv","20":"tag-sport","21":"tag-top-14","22":"tag-toulon"},"share_on_mastodon":{"url":"https:\/\/pubeurope.com\/@fr\/115793076142116471","error":""},"_links":{"self":[{"href":"https:\/\/www.europesays.com\/fr\/wp-json\/wp\/v2\/posts\/625713","targetHints":{"allow":["GET"]}}],"collection":[{"href":"https:\/\/www.europesays.com\/fr\/wp-json\/wp\/v2\/posts"}],"about":[{"href":"https:\/\/www.europesays.com\/fr\/wp-json\/wp\/v2\/types\/post"}],"author":[{"embeddable":true,"href":"https:\/\/www.europesays.com\/fr\/wp-json\/wp\/v2\/users\/2"}],"replies":[{"embeddable":true,"href":"https:\/\/www.europesays.com\/fr\/wp-json\/wp\/v2\/comments?post=625713"}],"version-history":[{"count":0,"href":"https:\/\/www.europesays.com\/fr\/wp-json\/wp\/v2\/posts\/625713\/revisions"}],"wp:featuredmedia":[{"embeddable":true,"href":"https:\/\/www.europesays.com\/fr\/wp-json\/wp\/v2\/media\/625714"}],"wp:attachment":[{"href":"https:\/\/www.europesays.com\/fr\/wp-json\/wp\/v2\/media?parent=625713"}],"wp:term":[{"taxonomy":"category","embeddable":true,"href":"https:\/\/www.europesays.com\/fr\/wp-json\/wp\/v2\/categories?post=625713"},{"taxonomy":"post_tag","embeddable":true,"href":"https:\/\/www.europesays.com\/fr\/wp-json\/wp\/v2\/tags?post=625713"}],"curies":[{"name":"wp","href":"https:\/\/api.w.org\/{rel}","templated":true}]}}