{"id":625723,"date":"2025-12-27T19:09:22","date_gmt":"2025-12-27T19:09:22","guid":{"rendered":"https:\/\/www.europesays.com\/fr\/625723\/"},"modified":"2025-12-27T19:09:22","modified_gmt":"2025-12-27T19:09:22","slug":"un-incendie-se-declare-dans-un-appartement-en-pleine-nuit-et-fait-une-dizaine-de-victimes","status":"publish","type":"post","link":"https:\/\/www.europesays.com\/fr\/625723\/","title":{"rendered":"un incendie se d\u00e9clare dans un appartement en pleine nuit et fait une dizaine de victimes"},"content":{"rendered":"<p>                    Par<br \/>\n        <strong><br \/>\n            <a href=\"https:\/\/actu.fr\/auteur\/clemence-pays02-actu-fr\" title=\"Consulter tous les articles de Cl\u00e9mence Pays\" target=\"_blank\" rel=\"noopener\">Cl\u00e9mence Pays<\/a><br \/>\n                    <\/strong><\/p>\n<p>        Publi\u00e9 le<\/p>\n<p>            27 d\u00e9c. 2025 \u00e0 8h19        <\/p>\n<p>C\u2019est en pleine nuit, \u00e0 1h34, ce samedi 27\u00a0d\u00e9cembre 2025 que les sapeurs-pompiers ont \u00e9t\u00e9 mobilis\u00e9es dans le quartier de La Pommeraie, pour un <strong>feu d\u2019appartement.<\/strong> Arriv\u00e9s sur place, square du Docteur-Fernand-Jacques, les secours ont constat\u00e9 que l\u2019incendie s\u2019est d\u00e9clar\u00e9 <strong>dans \u00ab\u2009un duplex au 3e \u00e9tage\u2009\u00bb,<\/strong> d\u00e9taille le Centre op\u00e9rationnel d\u00e9partemental d\u2019incendie et de secours (Codis).<\/p>\n<p>Une femme \u00e0 l\u2019h\u00f4pital<\/p>\n<p class=\" wall-content\">Au total, <strong>28\u00a0personnes ont \u00e9t\u00e9 \u00e9vacu\u00e9es<\/strong> de l\u2019immeuble. Parmi elles,<strong> \u00ab\u2009onze personnes ont \u00e9t\u00e9 prises en charge en urgence relative\u2009\u00bb.<\/strong> Une <strong>femme<\/strong> de 46\u00a0ans a, elle, \u00e9t\u00e9 transport\u00e9e <strong>\u00e0 l\u2019h\u00f4pital.<\/strong><\/p>\n<p class=\" wall-content\">Les<strong> 61 sapeurs-pompiers<\/strong> mobilis\u00e9s sont parvenus \u00e0 ma\u00eetriser les flammes.<\/p>\n<p class=\" wall-content\">Personnalisez votre actualit\u00e9 en ajoutant vos villes et m\u00e9dias en favori avec <a href=\"https:\/\/moncompte.actu.fr\" title=\"D\u00e9couvez Mon Actu\" rel=\"nofollow noopener\" data-trk=\"{&quot;cta&quot;:{&quot;action&quot;:&quot;https:\\\/\\\/moncompte.actu.fr&quot;,&quot;category&quot;:&quot;mon compte&quot;,&quot;from&quot;:&quot;article footer&quot;,&quot;name&quot;:&quot;Mon actu&quot;,&quot;type&quot;:&quot;cta&quot;}}\" target=\"_blank\">Mon Actu<\/a>.<\/p>\n","protected":false},"excerpt":{"rendered":"Par Cl\u00e9mence Pays Publi\u00e9 le 27 d\u00e9c. 2025 \u00e0 8h19 C\u2019est en pleine nuit, \u00e0 1h34, ce samedi&hellip;\n","protected":false},"author":2,"featured_media":625724,"comment_status":"","ping_status":"","sticky":false,"template":"","format":"standard","meta":{"footnotes":""},"categories":[2821],"tags":[1111,11,829,1777,674,118,1011,27,1310,12,1311,584,25],"class_list":{"0":"post-625723","1":"post","2":"type-post","3":"status-publish","4":"format-standard","5":"has-post-thumbnail","7":"category-rennes","8":"tag-actu","9":"tag-actualites","10":"tag-bretagne","11":"tag-eu","12":"tag-europe","13":"tag-faits-divers","14":"tag-fr","15":"tag-france","16":"tag-incendie","17":"tag-news","18":"tag-pompiers","19":"tag-rennes","20":"tag-republique-francaise"},"share_on_mastodon":{"url":"https:\/\/pubeurope.com\/@fr\/115793111771276679","error":""},"_links":{"self":[{"href":"https:\/\/www.europesays.com\/fr\/wp-json\/wp\/v2\/posts\/625723","targetHints":{"allow":["GET"]}}],"collection":[{"href":"https:\/\/www.europesays.com\/fr\/wp-json\/wp\/v2\/posts"}],"about":[{"href":"https:\/\/www.europesays.com\/fr\/wp-json\/wp\/v2\/types\/post"}],"author":[{"embeddable":true,"href":"https:\/\/www.europesays.com\/fr\/wp-json\/wp\/v2\/users\/2"}],"replies":[{"embeddable":true,"href":"https:\/\/www.europesays.com\/fr\/wp-json\/wp\/v2\/comments?post=625723"}],"version-history":[{"count":0,"href":"https:\/\/www.europesays.com\/fr\/wp-json\/wp\/v2\/posts\/625723\/revisions"}],"wp:featuredmedia":[{"embeddable":true,"href":"https:\/\/www.europesays.com\/fr\/wp-json\/wp\/v2\/media\/625724"}],"wp:attachment":[{"href":"https:\/\/www.europesays.com\/fr\/wp-json\/wp\/v2\/media?parent=625723"}],"wp:term":[{"taxonomy":"category","embeddable":true,"href":"https:\/\/www.europesays.com\/fr\/wp-json\/wp\/v2\/categories?post=625723"},{"taxonomy":"post_tag","embeddable":true,"href":"https:\/\/www.europesays.com\/fr\/wp-json\/wp\/v2\/tags?post=625723"}],"curies":[{"name":"wp","href":"https:\/\/api.w.org\/{rel}","templated":true}]}}