{"id":625727,"date":"2025-12-27T19:11:13","date_gmt":"2025-12-27T19:11:13","guid":{"rendered":"https:\/\/www.europesays.com\/fr\/625727\/"},"modified":"2025-12-27T19:11:13","modified_gmt":"2025-12-27T19:11:13","slug":"les-chalets-etant-fermes-les-touristes-frustres-ont-marche","status":"publish","type":"post","link":"https:\/\/www.europesays.com\/fr\/625727\/","title":{"rendered":"les chalets \u00e9tant ferm\u00e9s, les touristes frustr\u00e9s&#8230; ont march\u00e9"},"content":{"rendered":"<p>Place Kl\u00e9ber, ce samedi en tout d\u00e9but d\u2019apr\u00e8s-midi. Tandis que des forains s\u2019affairent \u00e0 d\u00e9monter un man\u00e8ge pour enfants, Marion et Mathieu photographient <a href=\"https:\/\/www.dna.fr\/culture-loisirs\/2025\/11\/26\/marche-de-noel-c-est-parti-pour-un-mois-de-festivites-les-chalets-sont-ouverts\" target=\"_blank\" rel=\"noopener\">le sapin g\u00e9ant<\/a>. \u00ab On le fait car c\u2019est une amie qui a dessin\u00e9 des d\u00e9cos\u00a0\u00bb, racontent les deux Strasbourgeois sans cacher une certaine satisfaction devant un march\u00e9 de No\u00ebl d\u00e9finitivement clos depuis mercredi soir. La raison\u00a0? \u00ab Pendant son ouverture, je suis oblig\u00e9e de faire un kilom\u00e8tre de v\u00e9lo en plus pour aller travailler\u00a0\u00bb, confie la jeune femme.<\/p>\n<p>\u00ab Un peu d\u00e9\u00e7us\u00a0\u00bb<\/p>\n<p>Concomitamment, Julia et Gregorio, un couple d\u2019Espagnols, tentent de se prendre en selfie avec en arri\u00e8re-plan le conif\u00e8re d\u2019une trentaine de m\u00e8tres de haut. \u00ab C\u2019est&#8230;<\/p>\n","protected":false},"excerpt":{"rendered":"Place Kl\u00e9ber, ce samedi en tout d\u00e9but d\u2019apr\u00e8s-midi. Tandis que des forains s\u2019affairent \u00e0 d\u00e9monter un man\u00e8ge pour&hellip;\n","protected":false},"author":2,"featured_media":625728,"comment_status":"","ping_status":"","sticky":false,"template":"","format":"standard","meta":{"footnotes":""},"categories":[2820],"tags":[1111,11,4406,33,2880,1777,674,107,1011,27,775,1757,12,15830,25,104,640,2879,602],"class_list":{"0":"post-625727","1":"post","2":"type-post","3":"status-publish","4":"format-standard","5":"has-post-thumbnail","7":"category-strasbourg","8":"tag-actu","9":"tag-actualites","10":"tag-commerce-et-services","11":"tag-economie","12":"tag-edition-strasbourg","13":"tag-eu","14":"tag-europe","15":"tag-fil-info","16":"tag-fr","17":"tag-france","18":"tag-grand-est","19":"tag-insolite","20":"tag-news","21":"tag-noel","22":"tag-republique-francaise","23":"tag-societe","24":"tag-strasbourg","25":"tag-strasbourg-ville","26":"tag-tourisme"},"share_on_mastodon":{"url":"https:\/\/pubeurope.com\/@fr\/115793120394127431","error":""},"_links":{"self":[{"href":"https:\/\/www.europesays.com\/fr\/wp-json\/wp\/v2\/posts\/625727","targetHints":{"allow":["GET"]}}],"collection":[{"href":"https:\/\/www.europesays.com\/fr\/wp-json\/wp\/v2\/posts"}],"about":[{"href":"https:\/\/www.europesays.com\/fr\/wp-json\/wp\/v2\/types\/post"}],"author":[{"embeddable":true,"href":"https:\/\/www.europesays.com\/fr\/wp-json\/wp\/v2\/users\/2"}],"replies":[{"embeddable":true,"href":"https:\/\/www.europesays.com\/fr\/wp-json\/wp\/v2\/comments?post=625727"}],"version-history":[{"count":0,"href":"https:\/\/www.europesays.com\/fr\/wp-json\/wp\/v2\/posts\/625727\/revisions"}],"wp:featuredmedia":[{"embeddable":true,"href":"https:\/\/www.europesays.com\/fr\/wp-json\/wp\/v2\/media\/625728"}],"wp:attachment":[{"href":"https:\/\/www.europesays.com\/fr\/wp-json\/wp\/v2\/media?parent=625727"}],"wp:term":[{"taxonomy":"category","embeddable":true,"href":"https:\/\/www.europesays.com\/fr\/wp-json\/wp\/v2\/categories?post=625727"},{"taxonomy":"post_tag","embeddable":true,"href":"https:\/\/www.europesays.com\/fr\/wp-json\/wp\/v2\/tags?post=625727"}],"curies":[{"name":"wp","href":"https:\/\/api.w.org\/{rel}","templated":true}]}}