{"id":625729,"date":"2025-12-27T19:12:16","date_gmt":"2025-12-27T19:12:16","guid":{"rendered":"https:\/\/www.europesays.com\/fr\/625729\/"},"modified":"2025-12-27T19:12:16","modified_gmt":"2025-12-27T19:12:16","slug":"lom-distance-par-strasbourg-et-monaco-dans-un-dossier-allechant","status":"publish","type":"post","link":"https:\/\/www.europesays.com\/fr\/625729\/","title":{"rendered":"L&rsquo;OM distanc\u00e9 par Strasbourg et Monaco dans un dossier all\u00e9chant ?"},"content":{"rendered":"<p>Il y a quelques jours, on apprenait que Gessime Yassine avait marqu\u00e9 les esprits par une prestation de tr\u00e8s haut niveau face \u00e0 Strasbourg en Coupe de France. Intenable sur son c\u00f4t\u00e9, le champion du monde U20 marocain avait attir\u00e9 l\u2019attention de plusieurs clubs, dont <a href=\"https:\/\/www.onzemondial.com\/france\/om.html\" target=\"_blank\" rel=\"noopener\">l\u2019Olympique de Marseille<\/a>. En l\u2019espace d\u2019un match, sa cote a grimp\u00e9 en fl\u00e8che : estim\u00e9 \u00e0 4 millions d\u2019euros, il est d\u00e9sormais \u00e9valu\u00e9 \u00e0 6 millions par Transfermarkt, preuve de l\u2019impact imm\u00e9diat de sa performance.<\/p>\n<p>Cette ascension rapide a logiquement r\u00e9veill\u00e9 l\u2019int\u00e9r\u00eat de nombreux clubs. Le LOSC suivrait de pr\u00e8s son \u00e9volution, tout comme plusieurs formations allemandes telles que Leipzig ou Mayence. Toutefois, l\u2019OM disposerait d\u2019un avantage affectif important. N\u00e9 \u00e0 Salon-de-Provence, Yassine est un fervent supporter du club phoc\u00e9en et n\u2019a jamais cach\u00e9 son attachement \u00e0 Marseille.<\/p>\n<p>\u00c0 lire aussiGessime Yassine attise les convoitises<\/p>\n<p>Un int\u00e9r\u00eat qui serait partag\u00e9 puisque Mehdi Benatia aurait \u00e9t\u00e9 s\u00e9duit par le profil explosif de l\u2019ailier dunkerquois. Connaissant parfaitement le potentiel du joueur, il pourrait rapidement passer \u00e0 l\u2019action pour tenter de le recruter. Mais \u00e0 en croire <a href=\"https:\/\/www.footmercato.net\/a1632643117530189111-mercato-l1-ca-saccelere-pour-gessime-yassine\" target=\"_blank\" rel=\"noopener\">Foot Mercato<\/a>, le vice-champion de France pourrait bien \u00eatre distanc\u00e9 puisque Strasbourg et Monaco seraient particuli\u00e8rement bouillants sur ce dossier.<\/p>\n<p>Les n\u00e9gociations seraient d&rsquo;ailleurs entam\u00e9es avec Dunkerque, conscient qui lui sera difficile de conserver son crack. Attention cependant, la concurrence \u00e0 l&rsquo;\u00e9tranger s&rsquo;annonce aussi tr\u00e8s rude puisque M\u00f6nchengladbach, Villarreal et le groupe Red Bull auraient aussi fait part de leur int\u00e9r\u00eat. L&rsquo;Arabie saoudite aurait aussi t\u00e2t\u00e9 le terrain mais le projet sportif serait primordial aux yeux du Marocain et qui privil\u00e9gierait la Ligue 1.<\/p>\n<p>Son objectif est clair : impressionner en deuxi\u00e8me partie de saison afin de gagner sa place pour la prochaine Coupe du monde avec les Lions de l&rsquo;Atlas. Les ench\u00e8res ne font que commencer et difficile de voir l&rsquo;USLD r\u00e9sister. Reste d\u00e9sormais \u00e0 savoir qui empochera la mise et si l&rsquo;OM parviendra \u00e0 se d\u00e9faire de la concurrence. Affaire \u00e0 suivre.<\/p>\n<p>\u00a0<\/p>\n<p>\u00a0<\/p>\n<p>   Partagez cette info avec vos amis et vos proches en cliquant ici<br \/> Pour r\u00e9sumer<\/p>\n<p>Apr\u00e8s un match impressionnant en Coupe de France, Gessime Yassine voit sa cote grimper \u00e0 6 M\u20ac. L\u2019OM est int\u00e9ress\u00e9, mais Strasbourg, Monaco et plusieurs clubs \u00e9trangers sont aussi \u00e0 l\u2019aff\u00fbt. Le joueur privil\u00e9gie un projet sportif en Ligue 1.<\/p>\n<p>R\u00e9dacteur<\/p>\n<p><img decoding=\"async\" width=\"76\" height=\"76\" loading=\"lazy\" src=\"https:\/\/www.europesays.com\/fr\/wp-content\/uploads\/2025\/04\/avatar-onze.webp.webp\" alt=\"Nathan Bricout\"\/><\/p>\n","protected":false},"excerpt":{"rendered":"Il y a quelques jours, on apprenait que Gessime Yassine avait marqu\u00e9 les esprits par une prestation de&hellip;\n","protected":false},"author":2,"featured_media":625730,"comment_status":"","ping_status":"","sticky":false,"template":"","format":"standard","meta":{"footnotes":""},"categories":[2820],"tags":[1111,11,1777,674,1011,27,775,66,12,149,25,640,10662],"class_list":{"0":"post-625729","1":"post","2":"type-post","3":"status-publish","4":"format-standard","5":"has-post-thumbnail","7":"category-strasbourg","8":"tag-actu","9":"tag-actualites","10":"tag-eu","11":"tag-europe","12":"tag-fr","13":"tag-france","14":"tag-grand-est","15":"tag-ligue-1","16":"tag-news","17":"tag-om","18":"tag-republique-francaise","19":"tag-strasbourg","20":"tag-transferts"},"share_on_mastodon":{"url":"https:\/\/pubeurope.com\/@fr\/115793124274445142","error":""},"_links":{"self":[{"href":"https:\/\/www.europesays.com\/fr\/wp-json\/wp\/v2\/posts\/625729","targetHints":{"allow":["GET"]}}],"collection":[{"href":"https:\/\/www.europesays.com\/fr\/wp-json\/wp\/v2\/posts"}],"about":[{"href":"https:\/\/www.europesays.com\/fr\/wp-json\/wp\/v2\/types\/post"}],"author":[{"embeddable":true,"href":"https:\/\/www.europesays.com\/fr\/wp-json\/wp\/v2\/users\/2"}],"replies":[{"embeddable":true,"href":"https:\/\/www.europesays.com\/fr\/wp-json\/wp\/v2\/comments?post=625729"}],"version-history":[{"count":0,"href":"https:\/\/www.europesays.com\/fr\/wp-json\/wp\/v2\/posts\/625729\/revisions"}],"wp:featuredmedia":[{"embeddable":true,"href":"https:\/\/www.europesays.com\/fr\/wp-json\/wp\/v2\/media\/625730"}],"wp:attachment":[{"href":"https:\/\/www.europesays.com\/fr\/wp-json\/wp\/v2\/media?parent=625729"}],"wp:term":[{"taxonomy":"category","embeddable":true,"href":"https:\/\/www.europesays.com\/fr\/wp-json\/wp\/v2\/categories?post=625729"},{"taxonomy":"post_tag","embeddable":true,"href":"https:\/\/www.europesays.com\/fr\/wp-json\/wp\/v2\/tags?post=625729"}],"curies":[{"name":"wp","href":"https:\/\/api.w.org\/{rel}","templated":true}]}}