{"id":625738,"date":"2025-12-27T19:20:14","date_gmt":"2025-12-27T19:20:14","guid":{"rendered":"https:\/\/www.europesays.com\/fr\/625738\/"},"modified":"2025-12-27T19:20:14","modified_gmt":"2025-12-27T19:20:14","slug":"info-actu-toulouse-poursuivi-par-un-homme-arme-il-echappe-de-peu-aux-tirs-et-finit-en-garde-a-vue","status":"publish","type":"post","link":"https:\/\/www.europesays.com\/fr\/625738\/","title":{"rendered":"INFO ACTU TOULOUSE. Poursuivi par un homme arm\u00e9, il \u00e9chappe de peu aux tirs et finit&#8230; en garde \u00e0 vue\u00a0!"},"content":{"rendered":"<p>                    Par<br \/>\n        <strong><br \/>\n            <a href=\"https:\/\/actu.fr\/auteur\/anaelle-montagne\" title=\"Consulter tous les articles de Anaelle Montagne\" target=\"_blank\" rel=\"noopener\">Anaelle Montagne<\/a><br \/>\n                    <\/strong><\/p>\n<p>        Publi\u00e9 le<\/p>\n<p>            27 d\u00e9c. 2025 \u00e0 16h15        <\/p>\n<p>Le tireur court toujours mais la victime, elle, est en garde \u00e0 vue. Tard dans la soir\u00e9e du vendredi 26 d\u00e9cembre \u00e0 <a href=\"https:\/\/actu.fr\/toulouse\/\" target=\"_blank\" rel=\"noopener\">Toulouse<\/a>, une grave agression a tourn\u00e9 au vinaigre pour un jeune homme de 20 ans, qui venait pourtant d\u2019\u00e9chapper au pire.<\/p>\n<p>Il parvient \u00e0 \u00e9viter les balles<\/p>\n<p class=\" wall-content\">Ce vendredi soir, le jeune homme se trouve dans le quartier des Pradettes, quand il est la cible de soudains coups de feu.<\/p>\n<p>    <a href=\"https:\/\/www.google.com\/maps\/embed?pb=!1m18!1m12!1m3!1d23120.885560908664!2d1.3688832850046053!3d43.583410587808764!2m3!1f0!2f0!3f0!3m2!1i1024!2i768!4f13.1!3m3!1m2!1s0x12aeba5c899b7165%3A0xe13147dd7fad5332!2sLes%20Pradettes%2C%2031100%20Toulouse!5e0!3m2!1sen!2sfr!4v1766847653158!5m2!1sen!2sfr\" title=\"Ouvrie le lien\" target=\"_blank\" rel=\"noopener\">Cliquez ici pour visualiser le contenu<\/a><\/p>\n<p class=\" wall-content\">Paniqu\u00e9, il tente de prendre la fuite \u00e0 toutes jambes. Pendant un moment, son agresseur le suit de pr\u00e8s, jusqu\u2019\u00e0 ce que notre homme <strong>finisse par le semer<\/strong>, \u00e9vitant miraculeusement les balles. Mais pour lui, \u00e7a ne s\u2019arr\u00eate pas l\u00e0.<\/p>\n<p>La victime porte une arme de poing<\/p>\n<p class=\" wall-content\">La police, pr\u00e9venue, se rend rapidement dans la zone de l\u2019agression. Les agents ne retrouvent pas le tireur, mais ils tombent sur le jeune homme de 20 ans, qui vient d\u2019\u00eatre attaqu\u00e9. Probl\u00e8me : <strong>il est en possession d\u2019un pistolet<\/strong>. \u00ab\u00a0Une arme \u00e0 gaz\u00a0\u00bb (le gaz \u00e9tant le moyen de projection de la munition, ndlr), pr\u00e9cise une source polici\u00e8re \u00e0 Actu Toulouse.\u00a0<\/p>\n<p>La victime en garde \u00e0 vue, l\u2019agresseur en fuite<\/p>\n<p class=\" wall-content\">Or, la victime est d\u00e9j\u00e0 connue des services de police pour port d\u2019arme. Elle a donc \u00e9t\u00e9 plac\u00e9e en garde \u00e0 vue pour ces m\u00eames motifs.<\/p>\n<p>Vid\u00e9os : en ce moment sur Actu<\/p>\n<p class=\" wall-content\">Son agresseur, lui, court toujours. Les forces de l\u2019ordre <strong>le recherchent activement<\/strong>.<\/p>\n<p class=\" wall-content\">Personnalisez votre actualit\u00e9 en ajoutant vos villes et m\u00e9dias en favori avec <a href=\"https:\/\/moncompte.actu.fr\" title=\"D\u00e9couvez Mon Actu\" rel=\"nofollow noopener\" data-trk=\"{&quot;cta&quot;:{&quot;action&quot;:&quot;https:\\\/\\\/moncompte.actu.fr&quot;,&quot;category&quot;:&quot;mon compte&quot;,&quot;from&quot;:&quot;article footer&quot;,&quot;name&quot;:&quot;Mon actu&quot;,&quot;type&quot;:&quot;cta&quot;}}\" target=\"_blank\">Mon Actu<\/a>.<\/p>\n","protected":false},"excerpt":{"rendered":"Par Anaelle Montagne Publi\u00e9 le 27 d\u00e9c. 2025 \u00e0 16h15 Le tireur court toujours mais la victime, elle,&hellip;\n","protected":false},"author":2,"featured_media":625739,"comment_status":"","ping_status":"","sticky":false,"template":"","format":"standard","meta":{"footnotes":""},"categories":[2816],"tags":[1111,11,1777,674,118,1011,27,12,2680,25,2312],"class_list":{"0":"post-625738","1":"post","2":"type-post","3":"status-publish","4":"format-standard","5":"has-post-thumbnail","7":"category-toulouse","8":"tag-actu","9":"tag-actualites","10":"tag-eu","11":"tag-europe","12":"tag-faits-divers","13":"tag-fr","14":"tag-france","15":"tag-news","16":"tag-occitanie","17":"tag-republique-francaise","18":"tag-toulouse"},"share_on_mastodon":{"url":"https:\/\/pubeurope.com\/@fr\/115793154817884571","error":""},"_links":{"self":[{"href":"https:\/\/www.europesays.com\/fr\/wp-json\/wp\/v2\/posts\/625738","targetHints":{"allow":["GET"]}}],"collection":[{"href":"https:\/\/www.europesays.com\/fr\/wp-json\/wp\/v2\/posts"}],"about":[{"href":"https:\/\/www.europesays.com\/fr\/wp-json\/wp\/v2\/types\/post"}],"author":[{"embeddable":true,"href":"https:\/\/www.europesays.com\/fr\/wp-json\/wp\/v2\/users\/2"}],"replies":[{"embeddable":true,"href":"https:\/\/www.europesays.com\/fr\/wp-json\/wp\/v2\/comments?post=625738"}],"version-history":[{"count":0,"href":"https:\/\/www.europesays.com\/fr\/wp-json\/wp\/v2\/posts\/625738\/revisions"}],"wp:featuredmedia":[{"embeddable":true,"href":"https:\/\/www.europesays.com\/fr\/wp-json\/wp\/v2\/media\/625739"}],"wp:attachment":[{"href":"https:\/\/www.europesays.com\/fr\/wp-json\/wp\/v2\/media?parent=625738"}],"wp:term":[{"taxonomy":"category","embeddable":true,"href":"https:\/\/www.europesays.com\/fr\/wp-json\/wp\/v2\/categories?post=625738"},{"taxonomy":"post_tag","embeddable":true,"href":"https:\/\/www.europesays.com\/fr\/wp-json\/wp\/v2\/tags?post=625738"}],"curies":[{"name":"wp","href":"https:\/\/api.w.org\/{rel}","templated":true}]}}