{"id":625742,"date":"2025-12-27T19:22:17","date_gmt":"2025-12-27T19:22:17","guid":{"rendered":"https:\/\/www.europesays.com\/fr\/625742\/"},"modified":"2025-12-27T19:22:17","modified_gmt":"2025-12-27T19:22:17","slug":"la-ville-de-lille-recupere-vos-sapins-de-noel-du-03-au-25-janvier-2026","status":"publish","type":"post","link":"https:\/\/www.europesays.com\/fr\/625742\/","title":{"rendered":"La ville de Lille r\u00e9cup\u00e8re vos Sapins de No\u00ebl du 03 au 25 janvier 2026"},"content":{"rendered":"<p style=\"text-align: justify;\"><strong>Du 03 au 25 janvier 2026,<\/strong> la <strong>Ville de Lille<\/strong> organise une <strong>vaste op\u00e9ration de collecte des sapins de No\u00ebl<\/strong> dans les <strong>quartiers lillois.<\/strong> Les <strong>sapins collect\u00e9s,<\/strong> <strong>broy\u00e9s<\/strong> et <strong>transform\u00e9s en copeaux,<\/strong> serviront \u00e0 <strong>prot\u00e9ger<\/strong> et <strong>enrichir les massifs des jardins publics,<\/strong> en favorisant le <strong>maintien d\u2019une bonne humidit\u00e9 au sol<\/strong> et la <strong>limitation des effets des gel\u00e9es tardives.<\/strong> Ils permettront aussi de <strong>limiter les op\u00e9rations de d\u00e9sherbage.<\/strong><\/p>\n<p style=\"text-align: justify;\"><strong>Cette ann\u00e9e,<\/strong> le <strong>broyage se fera sur place,<\/strong> <strong>au niveau des points de collecte, <\/strong>afin de <strong>limiter les allers-retours de camions<\/strong> transportant un <strong>nombre r\u00e9duit de sapins entiers,<\/strong> donc <strong>volumineux,<\/strong> vers la <strong>Citadelle. <\/strong>La <strong>fr\u00e9quence<\/strong> et les <strong>horaires de passage<\/strong> seront <strong>adapt\u00e9s <\/strong>afin d\u2019\u00eatre le <strong>plus r\u00e9actif possible,<\/strong> <strong>lorsque les enclos se remplissent,<\/strong> tout en <strong>limitant les nuisances potentielles.<\/strong><\/p>\n<p style=\"text-align: justify;\"><strong>Attention :<\/strong> seuls sont accept\u00e9s les <strong>sapins naturels,<\/strong> <strong>sans d\u00e9corations, ni neige artificielle, sans sacs, ni pieds clou\u00e9s. Seuls les sapins naturels sont recyclables<\/strong> (pas de sapins en plastique).<\/p>\n<p>Lieux de collectes<br \/><strong>Bois-Blancs<\/strong><br \/>Plaine des Vachers \u2013 rue des Bois-Blancs<\/p>\n<p><strong>Centre<\/strong><br \/>Parc Jean-Baptiste Lebas \u2013 Boulevard Jean-Baptiste Lebas (entr\u00e9e c\u00f4t\u00e9 Porte de Paris)<br \/>Place Saint-Hubert<br \/>Angle de l\u2019avenue du Pr\u00e9sident Kennedy et de la rue Pierre Mauroy<\/p>\n<p><strong>Faubourg de B\u00e9thune<\/strong><br \/>\u00c9glise Notre-Dame-des-Victoires (rue du Mal Assis)<\/p>\n<p><strong>Fives<\/strong><br \/>Place Pierre Degeyter (rue Pierre Legrand)<br \/>Place du Mont de Terre (en face du Splendid)<\/p>\n<p><strong>Moulins<\/strong><br \/>Jardin des Plantes (rue du Jardin des Plantes)<\/p>\n<p><strong>Lille Sud<\/strong><br \/>Devant l\u2019\u00c9glise Catholique du Coeur-Immacul\u00e9-de-Marie (rue des Pens\u00e9es)<\/p>\n<p><strong>Saint Maurice Pellevoisin<\/strong><br \/>Place D\u00e9sir\u00e9e Boucher (angle des rues du Faubourg de Roubaix &amp; Blanche)<br \/>Stade Julien Da Rui (rue du Buisson)<\/p>\n<p><strong>Vauban Esquermes<\/strong><br \/>Square du Portugal (rue de la Bass\u00e9e)<br \/>Place Catinat<\/p>\n<p><strong>Vieux-Lille<\/strong><br \/>Place des Archives (rue Saint-Andr\u00e9)<br \/>Esplanade du Champ de Mars (Pont du Petit Paradis) <br \/>Quai du Wault<\/p>\n<p><strong>Wazemmes<\/strong><br \/>Rue Littr\u00e9 (angle des rues du March\u00e9 &amp; de Flandre)<\/p>\n<p class=\"has-text-align-right\">Source : Ville de Lille \u2013 Photo : \u00a9 Zoom Sur Lille<\/p>\n","protected":false},"excerpt":{"rendered":"Du 03 au 25 janvier 2026, la Ville de Lille organise une vaste op\u00e9ration de collecte des sapins&hellip;\n","protected":false},"author":2,"featured_media":625743,"comment_status":"","ping_status":"","sticky":false,"template":"","format":"standard","meta":{"footnotes":""},"categories":[2815],"tags":[1111,11,1777,674,1011,27,811,1307,12,25,73492,73493,66726],"class_list":{"0":"post-625742","1":"post","2":"type-post","3":"status-publish","4":"format-standard","5":"has-post-thumbnail","7":"category-lille","8":"tag-actu","9":"tag-actualites","10":"tag-eu","11":"tag-europe","12":"tag-fr","13":"tag-france","14":"tag-hauts-de-france","15":"tag-lille","16":"tag-news","17":"tag-republique-francaise","18":"tag-sapins","19":"tag-sapins-de-noel","20":"tag-ville-de-lille"},"share_on_mastodon":{"url":"https:\/\/pubeurope.com\/@fr\/115793162659877650","error":""},"_links":{"self":[{"href":"https:\/\/www.europesays.com\/fr\/wp-json\/wp\/v2\/posts\/625742","targetHints":{"allow":["GET"]}}],"collection":[{"href":"https:\/\/www.europesays.com\/fr\/wp-json\/wp\/v2\/posts"}],"about":[{"href":"https:\/\/www.europesays.com\/fr\/wp-json\/wp\/v2\/types\/post"}],"author":[{"embeddable":true,"href":"https:\/\/www.europesays.com\/fr\/wp-json\/wp\/v2\/users\/2"}],"replies":[{"embeddable":true,"href":"https:\/\/www.europesays.com\/fr\/wp-json\/wp\/v2\/comments?post=625742"}],"version-history":[{"count":0,"href":"https:\/\/www.europesays.com\/fr\/wp-json\/wp\/v2\/posts\/625742\/revisions"}],"wp:featuredmedia":[{"embeddable":true,"href":"https:\/\/www.europesays.com\/fr\/wp-json\/wp\/v2\/media\/625743"}],"wp:attachment":[{"href":"https:\/\/www.europesays.com\/fr\/wp-json\/wp\/v2\/media?parent=625742"}],"wp:term":[{"taxonomy":"category","embeddable":true,"href":"https:\/\/www.europesays.com\/fr\/wp-json\/wp\/v2\/categories?post=625742"},{"taxonomy":"post_tag","embeddable":true,"href":"https:\/\/www.europesays.com\/fr\/wp-json\/wp\/v2\/tags?post=625742"}],"curies":[{"name":"wp","href":"https:\/\/api.w.org\/{rel}","templated":true}]}}