{"id":625744,"date":"2025-12-27T19:23:17","date_gmt":"2025-12-27T19:23:17","guid":{"rendered":"https:\/\/www.europesays.com\/fr\/625744\/"},"modified":"2025-12-27T19:23:17","modified_gmt":"2025-12-27T19:23:17","slug":"a-lille-une-femme-est-retrouvee-morte-son-compagnon-se-denonce","status":"publish","type":"post","link":"https:\/\/www.europesays.com\/fr\/625744\/","title":{"rendered":"\u00c0 Lille, une femme est retrouv\u00e9e morte son compagnon se d\u00e9nonce"},"content":{"rendered":"<p>Une femme de 25 ans a \u00e9t\u00e9 retrouv\u00e9e morte dans le centre de Lille, ce samedi, en d\u00e9but d\u2019apr\u00e8s-midi apr\u00e8s que son compagnon s\u2019est d\u00e9nonc\u00e9 \u00e0 la police, a indiqu\u00e9 une source polici\u00e8re \u00e0 l\u2019AFP. La jeune femme pr\u00e9sentait plusieurs plaies \u00e0 l\u2019arme blanche, et son compagnon \u00e2g\u00e9 de 29 ans avait un couteau \u00e0 la main \u00e0 l\u2019arriv\u00e9e des forces de l\u2019ordre, a ajout\u00e9 cette source, confirmant des informations d\u2019<a href=\"https:\/\/www.francebleu.fr\/infos\/faits-divers-justice\/une-jeune-femme-de-25-ans-retrouvee-morte-a-lille-son-compagnon-interpelle-2661815\" target=\"_blank\" rel=\"noopener\">Ici Nord<\/a>.<\/p>\n<p>L\u2019homme, qui avait appel\u00e9 la police pour s\u2019accuser, a \u00e9t\u00e9 neutralis\u00e9 par les policiers puis interpell\u00e9, et le service local de police judiciaire (SLPJ) saisi, selon la m\u00eame source.<\/p>\n<p>Contact\u00e9, le parquet de Lille n\u2019a pas r\u00e9pondu \u00e0 l\u2019AFP dans l\u2019imm\u00e9diat.<\/p>\n<p>Chaque jour en France, plus de trois femmes sont victimes de f\u00e9minicide ou tentative de f\u00e9minicide conjugal, un chiffre en hausse sur un an, selon les donn\u00e9es de 2024 de la mission interminist\u00e9rielle pour la protection des femmes (Miprof) publi\u00e9es en novembre.<\/p>\n<p>Jeudi, un homme avait \u00e9t\u00e9 plac\u00e9 en garde \u00e0 vue \u00e0 Lille apr\u00e8s la d\u00e9couverte de sa compagne morte dans son appartement.<\/p>\n","protected":false},"excerpt":{"rendered":"Une femme de 25 ans a \u00e9t\u00e9 retrouv\u00e9e morte dans le centre de Lille, ce samedi, en d\u00e9but&hellip;\n","protected":false},"author":2,"featured_media":625745,"comment_status":"","ping_status":"","sticky":false,"template":"","format":"standard","meta":{"footnotes":""},"categories":[2815],"tags":[1111,11,1777,674,1011,27,811,1307,12,25],"class_list":{"0":"post-625744","1":"post","2":"type-post","3":"status-publish","4":"format-standard","5":"has-post-thumbnail","7":"category-lille","8":"tag-actu","9":"tag-actualites","10":"tag-eu","11":"tag-europe","12":"tag-fr","13":"tag-france","14":"tag-hauts-de-france","15":"tag-lille","16":"tag-news","17":"tag-republique-francaise"},"share_on_mastodon":{"url":"https:\/\/pubeurope.com\/@fr\/115793166790649949","error":""},"_links":{"self":[{"href":"https:\/\/www.europesays.com\/fr\/wp-json\/wp\/v2\/posts\/625744","targetHints":{"allow":["GET"]}}],"collection":[{"href":"https:\/\/www.europesays.com\/fr\/wp-json\/wp\/v2\/posts"}],"about":[{"href":"https:\/\/www.europesays.com\/fr\/wp-json\/wp\/v2\/types\/post"}],"author":[{"embeddable":true,"href":"https:\/\/www.europesays.com\/fr\/wp-json\/wp\/v2\/users\/2"}],"replies":[{"embeddable":true,"href":"https:\/\/www.europesays.com\/fr\/wp-json\/wp\/v2\/comments?post=625744"}],"version-history":[{"count":0,"href":"https:\/\/www.europesays.com\/fr\/wp-json\/wp\/v2\/posts\/625744\/revisions"}],"wp:featuredmedia":[{"embeddable":true,"href":"https:\/\/www.europesays.com\/fr\/wp-json\/wp\/v2\/media\/625745"}],"wp:attachment":[{"href":"https:\/\/www.europesays.com\/fr\/wp-json\/wp\/v2\/media?parent=625744"}],"wp:term":[{"taxonomy":"category","embeddable":true,"href":"https:\/\/www.europesays.com\/fr\/wp-json\/wp\/v2\/categories?post=625744"},{"taxonomy":"post_tag","embeddable":true,"href":"https:\/\/www.europesays.com\/fr\/wp-json\/wp\/v2\/tags?post=625744"}],"curies":[{"name":"wp","href":"https:\/\/api.w.org\/{rel}","templated":true}]}}